{"id":983,"date":"2017-03-22T09:07:02","date_gmt":"2017-03-22T09:07:02","guid":{"rendered":"http:\/\/www.fbycc.org\/?p=983"},"modified":"2019-03-12T19:18:40","modified_gmt":"2019-03-12T19:18:40","slug":"el-sector-forestal-celebro-unido-el-dia-internacional-de-los-bosques","status":"publish","type":"post","link":"https:\/\/www.fbycc.org\/index.php\/2017\/03\/22\/el-sector-forestal-celebro-unido-el-dia-internacional-de-los-bosques\/","title":{"rendered":"El sector forestal celebr\u00f3 unido el d\u00eda internacional de los bosques"},"content":{"rendered":"<p style=\"text-align: justify;\"><img loading=\"lazy\" decoding=\"async\" class=\"size-full wp-image-986 alignleft\" src=\"http:\/\/www.fbycc.org\/wp-content\/uploads\/2017\/03\/210317.jpg\" alt=\"\" width=\"593\" height=\"405\" srcset=\"https:\/\/www.fbycc.org\/wp-content\/uploads\/2017\/03\/210317.jpg 593w, https:\/\/www.fbycc.org\/wp-content\/uploads\/2017\/03\/210317-300x205.jpg 300w\" sizes=\"auto, (max-width: 593px) 100vw, 593px\" \/>Con motivo de la celebraci\u00f3n\u00a0del D\u00eda Internacional de los Bosques, que este a\u00f1o tiene como lema \u201cBosques y Energ\u00eda\u201d, la Junta de Castilla y Le\u00f3n, el Ministerio de Agricultura y Pesca, Alimentaci\u00f3n y Medio ambiente y la plataforma <a href=\"http:\/\/juntosporlosbosques.ingenierosdemontes.org\/es_ES\/\" target=\"_blank\" rel=\"noopener noreferrer\"><strong>Juntos por los Bosques<\/strong> <\/a>organizaron en Valladolid una jornada en la que se present\u00f3\u00a0el <em>Plan de Actuaci\u00f3n del Sector Forestal<\/em>, un documento que est\u00e1 siendo elaborado conjuntamente entre el MAPAMA y la plataforma Juntos por los Bosques, integrada por 32 entidades que representan a la pr\u00e1ctica totalidad del sector forestal, entre las que se encuentra el <strong>Foro de Bosques y Cambio Clim\u00e1tico.<\/strong><\/p>\n<p style=\"text-align: justify;\">La jornada fue inaugurada por Carlos Cabanas Godino, Secretario General de Agricultura y Alimentaci\u00f3n, en nombre de la Ministra, el Consejero de Fomento y Medio Ambiente de la Junta de Castilla y Le\u00f3n, Juan Carlos Su\u00e1rez-Qui\u00f1ones, y Eduardo Rojas Briales en nombre de la plataforma Juntos por los Bosques.<\/p>\n<p style=\"text-align: justify;\">Carlos Cabanas hizo patente el \u201cfirme compromiso\u201d del Ministerio con el sector forestal, del que dependen unos 300.000 empleos y supone el 1,7% del Producto Interior Bruto (PIB) de un pa\u00eds que el segundo de la UE en superficie forestal despu\u00e9s de Suecia. Ha insistido en que m\u00e1s del 54 por ciento de la superficie de Espa\u00f1a, unos 27 millones de hect\u00e1reas, es forestal y ha resaltado la importancia social y econ\u00f3mica del sector.<\/p>\n<p style=\"text-align: justify;\">Despu\u00e9s de la sesi\u00f3n inaugural y presentaci\u00f3n del plan, tuvo\u00a0lugar\u00a0una mesa redonda sobre el Plan de Actuaci\u00f3n del Sector Forestal, su proceso y expectativas, moderada por Jos\u00e9 Manuel Jaquotot Sainz de Miera, Subdirector General de Silvicultura y Montes del MAPAMA.<\/p>\n<p style=\"text-align: justify;\"><img loading=\"lazy\" decoding=\"async\" class=\"aligncenter wp-image-987 size-full\" src=\"http:\/\/www.fbycc.org\/wp-content\/uploads\/2017\/03\/dib.gif\" alt=\"\" width=\"800\" height=\"165\" \/><\/p>\n","protected":false},"excerpt":{"rendered":"<p>Con motivo de la celebraci\u00f3n\u00a0del D\u00eda Internacional de los Bosques, que este a\u00f1o tiene como lema \u201cBosques y Energ\u00eda\u201d, la Junta de Castilla y Le\u00f3n, el Ministerio de Agricultura y Pesca, Alimentaci\u00f3n<a class=\"moretag\" href=\"https:\/\/www.fbycc.org\/index.php\/2017\/03\/22\/el-sector-forestal-celebro-unido-el-dia-internacional-de-los-bosques\/\">Leer m\u00e1s&#8230;<\/a><\/p>\n","protected":false},"author":2,"featured_media":0,"comment_status":"closed","ping_status":"open","sticky":false,"template":"","format":"standard","meta":{"_monsterinsights_skip_tracking":false,"_monsterinsights_sitenote_active":false,"_monsterinsights_sitenote_note":"","_monsterinsights_sitenote_category":0,"footnotes":""},"categories":[12],"tags":[70],"class_list":["post-983","post","type-post","status-publish","format-standard","hentry","category-jornadas","tag-dia-internacional-de-los-bosques"],"_links":{"self":[{"href":"https:\/\/www.fbycc.org\/index.php\/wp-json\/wp\/v2\/posts\/983","targetHints":{"allow":["GET"]}}],"collection":[{"href":"https:\/\/www.fbycc.org\/index.php\/wp-json\/wp\/v2\/posts"}],"about":[{"href":"https:\/\/www.fbycc.org\/index.php\/wp-json\/wp\/v2\/types\/post"}],"author":[{"embeddable":true,"href":"https:\/\/www.fbycc.org\/index.php\/wp-json\/wp\/v2\/users\/2"}],"replies":[{"embeddable":true,"href":"https:\/\/www.fbycc.org\/index.php\/wp-json\/wp\/v2\/comments?post=983"}],"version-history":[{"count":8,"href":"https:\/\/www.fbycc.org\/index.php\/wp-json\/wp\/v2\/posts\/983\/revisions"}],"predecessor-version":[{"id":1551,"href":"https:\/\/www.fbycc.org\/index.php\/wp-json\/wp\/v2\/posts\/983\/revisions\/1551"}],"wp:attachment":[{"href":"https:\/\/www.fbycc.org\/index.php\/wp-json\/wp\/v2\/media?parent=983"}],"wp:term":[{"taxonomy":"category","embeddable":true,"href":"https:\/\/www.fbycc.org\/index.php\/wp-json\/wp\/v2\/categories?post=983"},{"taxonomy":"post_tag","embeddable":true,"href":"https:\/\/www.fbycc.org\/index.php\/wp-json\/wp\/v2\/tags?post=983"}],"curies":[{"name":"wp","href":"https:\/\/api.w.org\/{rel}","templated":true}]}}