{"id":948,"date":"2016-11-29T13:46:10","date_gmt":"2016-11-29T13:46:10","guid":{"rendered":"http:\/\/www.fbycc.org\/?p=948"},"modified":"2019-06-18T12:48:50","modified_gmt":"2019-06-18T12:48:50","slug":"el-foro-participo-en-la-sesion-de-politicas-de-mitigacion-y-adaptacion-al-cambio-climatico-del-conama","status":"publish","type":"post","link":"https:\/\/www.fbycc.org\/index.php\/2016\/11\/29\/el-foro-participo-en-la-sesion-de-politicas-de-mitigacion-y-adaptacion-al-cambio-climatico-del-conama\/","title":{"rendered":"El Foro particip\u00f3 en la Sesi\u00f3n Pol\u00edticas de mitigaci\u00f3n y adaptaci\u00f3n al Cambio Clim\u00e1tico del CONAMA"},"content":{"rendered":"<p style=\"text-align: justify;\">El pasado d\u00eda 28 de noviembre tuvo lugar la <strong>sesi\u00f3n t\u00e9cnica sobre Pol\u00edticas de mitigaci\u00f3n y adaptaci\u00f3n al Cambio Clim\u00e1tico del Congreso Nacional de Medio Ambiente (CONAMA2016).<\/strong><\/p>\n<p style=\"text-align: justify;\">Las pol\u00edticas de lucha contra el cambio clim\u00e1tico necesariamente deben afrontar dos vertientes diferentes, por un lado las pol\u00edticas de mitigaci\u00f3n, que tienen por objeto reducir gradualmente las emisiones realizadas por las distintas actividades de la sociedad, descarbonizando el sistema econ\u00f3mico.. Y por otro lado, las pol\u00edticas de adaptaci\u00f3n pretenden adoptar las medidas preventivas m\u00e1s adecuadas para adelantarnos a los efectos y riesgos adversos al calentamiento global, preservando los recursos m\u00e1s cr\u00edticos en cada \u00e1rea.<\/p>\n<p style=\"text-align: justify;\">La adaptaci\u00f3n al cambio clim\u00e1tico es uno de los \u00e1mbitos de trabajo m\u00e1s complejos por la necesaria participaci\u00f3n de numerosos agentes a todos los niveles y escalas, tanto p\u00fablicos como privados, que requieren la coordinaci\u00f3n de distintas competencias, responsabilidades y necesidades.<\/p>\n<p style=\"text-align: justify;\"><img loading=\"lazy\" decoding=\"async\" class=\"alignleft wp-image-960 size-medium\" src=\"http:\/\/www.fbycc.org\/wp-content\/uploads\/2017\/02\/X_ST-4_-V\u00edctor-Resco-200x300.jpg\" width=\"200\" height=\"300\" srcset=\"https:\/\/www.fbycc.org\/wp-content\/uploads\/2017\/02\/X_ST-4_-V\u00edctor-Resco-200x300.jpg 200w, https:\/\/www.fbycc.org\/wp-content\/uploads\/2017\/02\/X_ST-4_-V\u00edctor-Resco.jpg 512w\" sizes=\"auto, (max-width: 200px) 100vw, 200px\" \/>Espa\u00f1a ha sido pionera en el desarrollo de esta materia, siendo uno de los primeros pa\u00edses en Europa en desarrollar en 2006 un Plan Nacional de Adaptaci\u00f3n al Cambio Clim\u00e1tico (PNACC) y tres Programas de Trabajo, ampliamente tratado en la anterior edici\u00f3n del Congreso en el 2014. Asimismo, las comunidades aut\u00f3nomas, han desarrollado, dado el alto grado de competencias ambientales que poseen, planes de mitigaci\u00f3n y\/o adaptaci\u00f3n al cambio clim\u00e1tico, que pretenden aplicar de forma estrat\u00e9gica dichas medidas en sus contextos territoriales.<\/p>\n<p style=\"text-align: justify;\">En la Sesi\u00f3n T\u00e9cnica se mostraron los retos y oportunidades que se presentan en el desarrollo de pol\u00edticas de cambio clim\u00e1tico, y se vieron experiencias y herramientas para dise\u00f1ar, instrumentar y evaluar acciones y estrategias en este \u00e1mbito, as\u00ed como la opini\u00f3n de los distintos sectores (sindicatos, ONGs, empresas) para una la adaptaci\u00f3n de una Ley de Cambio clim\u00e1tico. Adem\u00e1s, los distintos grupos parlamentarios nos explicaron cu\u00e1les son sus opiniones e iniciativas a este respecto.<\/p>\n<p style=\"text-align: justify;\"><strong>V\u00edctor Resco de Dios,<\/strong>\u00a0Ram\u00f3n y Cajal Fellow de la Universidad de Lleida,\u00a0particip\u00f3 en la <em>Mesa 2. Aspectos esenciales que deber\u00eda contemplar la futura Ley de Cambio Clim\u00e1tico<\/em>, en representaci\u00f3n del\u00a0Foro de Bosques y Cambio Clim\u00e1tico.<\/p>\n<p style=\"text-align: justify;\">Si no tuviste oportunidad de asistir a la sesi\u00f3n ahora puedes escuchar las intervenciones de las distintas mesas:<\/p>\n<p style=\"text-align: justify;\"><div class=\"tx-cta\" style=\"\"><div class=\"tx-cta-text\">Mesa 1. La necesidad de un marco normativo transversal.<\/div><a href=\"https:\/\/www.ivoox.com\/player_ej_16643182_4_1.html?c1=ff6600&#038;fromPopup=true\" class=\"cta-button\">Escuchar<\/a><div class=\"clear\"><\/div><\/div>\n<p style=\"text-align: justify;\"><div class=\"tx-cta\" style=\"\"><div class=\"tx-cta-text\">Mesa 2. Aspectos esenciales que deber\u00eda contemplar la futura Ley.<\/div><a href=\"https:\/\/www.ivoox.com\/player_ej_16643251_4_1.html?c1=ff6600&#038;fromPopup=true\" class=\"cta-button\">Escuchar<\/a><div class=\"clear\"><\/div><\/div>\n<p style=\"text-align: justify;\"><div class=\"tx-cta\" style=\"\"><div class=\"tx-cta-text\">Mesa 3. Compromiso de los grupos parlamentarios en materia de Cambio Clim\u00e1tico.<\/div><a href=\"https:\/\/www.ivoox.com\/player_ej_16643315_4_1.html?c1=ff6600&#038;fromPopup=true\" class=\"cta-button\">Escuchar<\/a><div class=\"clear\"><\/div><\/div>\n","protected":false},"excerpt":{"rendered":"<p>El pasado d\u00eda 28 de noviembre tuvo lugar la sesi\u00f3n t\u00e9cnica sobre Pol\u00edticas de mitigaci\u00f3n y adaptaci\u00f3n al Cambio Clim\u00e1tico del Congreso Nacional de Medio Ambiente (CONAMA2016). Las pol\u00edticas de lucha contra<a class=\"moretag\" href=\"https:\/\/www.fbycc.org\/index.php\/2016\/11\/29\/el-foro-participo-en-la-sesion-de-politicas-de-mitigacion-y-adaptacion-al-cambio-climatico-del-conama\/\">Leer m\u00e1s&#8230;<\/a><\/p>\n","protected":false},"author":2,"featured_media":0,"comment_status":"closed","ping_status":"open","sticky":false,"template":"","format":"standard","meta":{"_monsterinsights_skip_tracking":false,"_monsterinsights_sitenote_active":false,"_monsterinsights_sitenote_note":"","_monsterinsights_sitenote_category":0,"footnotes":""},"categories":[12],"tags":[40],"class_list":["post-948","post","type-post","status-publish","format-standard","hentry","category-jornadas","tag-conama"],"_links":{"self":[{"href":"https:\/\/www.fbycc.org\/index.php\/wp-json\/wp\/v2\/posts\/948","targetHints":{"allow":["GET"]}}],"collection":[{"href":"https:\/\/www.fbycc.org\/index.php\/wp-json\/wp\/v2\/posts"}],"about":[{"href":"https:\/\/www.fbycc.org\/index.php\/wp-json\/wp\/v2\/types\/post"}],"author":[{"embeddable":true,"href":"https:\/\/www.fbycc.org\/index.php\/wp-json\/wp\/v2\/users\/2"}],"replies":[{"embeddable":true,"href":"https:\/\/www.fbycc.org\/index.php\/wp-json\/wp\/v2\/comments?post=948"}],"version-history":[{"count":19,"href":"https:\/\/www.fbycc.org\/index.php\/wp-json\/wp\/v2\/posts\/948\/revisions"}],"predecessor-version":[{"id":4088,"href":"https:\/\/www.fbycc.org\/index.php\/wp-json\/wp\/v2\/posts\/948\/revisions\/4088"}],"wp:attachment":[{"href":"https:\/\/www.fbycc.org\/index.php\/wp-json\/wp\/v2\/media?parent=948"}],"wp:term":[{"taxonomy":"category","embeddable":true,"href":"https:\/\/www.fbycc.org\/index.php\/wp-json\/wp\/v2\/categories?post=948"},{"taxonomy":"post_tag","embeddable":true,"href":"https:\/\/www.fbycc.org\/index.php\/wp-json\/wp\/v2\/tags?post=948"}],"curies":[{"name":"wp","href":"https:\/\/api.w.org\/{rel}","templated":true}]}}