{"id":929,"date":"2017-02-01T12:07:06","date_gmt":"2017-02-01T12:07:06","guid":{"rendered":"http:\/\/www.fbycc.org\/?p=929"},"modified":"2019-03-12T19:18:40","modified_gmt":"2019-03-12T19:18:40","slug":"el-foro-participa-en-el-proyecto-ecostar","status":"publish","type":"post","link":"https:\/\/www.fbycc.org\/index.php\/2017\/02\/01\/el-foro-participa-en-el-proyecto-ecostar\/","title":{"rendered":"El Foro participa en el proyecto ECOSTAR"},"content":{"rendered":"<p style=\"text-align: justify;\">El <strong>Foro de Bosques y Cambio Clim\u00e1tico<\/strong> participa en el proyecto <strong>ECOSTAR<\/strong>. La iniciativa, co-financiada por el programa de la Uni\u00f3n Europea Erasmus+, pretende promover el emprendimiento y la innovaci\u00f3n en el sector forestal y, espec\u00edficamente, en los mercados de ecosistemas y biodiversidad, a trav\u00e9s de la creaci\u00f3n de uniones entre universidad y empresas y el fomento de oportunidades entre instituciones de investigaci\u00f3n y empresas a un nivel europeo.<\/p>\n<p style=\"text-align: justify;\"><img loading=\"lazy\" decoding=\"async\" class=\"aligncenter wp-image-941\" src=\"http:\/\/www.fbycc.org\/wp-content\/uploads\/2017\/02\/logo-ecostar2-retina.png\" width=\"500\" height=\"127\" srcset=\"https:\/\/www.fbycc.org\/wp-content\/uploads\/2017\/02\/logo-ecostar2-retina.png 700w, https:\/\/www.fbycc.org\/wp-content\/uploads\/2017\/02\/logo-ecostar2-retina-300x76.png 300w\" sizes=\"auto, (max-width: 500px) 100vw, 500px\" \/><\/p>\n<p>Esta iniciativa generar\u00e1 oportunidades de negocio sostenibles y beneficios reales para el medio ambiente a trav\u00e9s de las siguientes acciones:<\/p>\n<p><strong>JOIN<br \/>\n<\/strong>Crea una amplia red social basada en la investigaci\u00f3n y la empresa a nivel europeo, sirviendo de enlace entre emprendedores y mentores acad\u00e9micos y de negocio con inversores potenciales, todos ellos con el objetivo com\u00fan de crear valor natural a trav\u00e9s de nuevas ideas de negocio<\/p>\n<p><strong>LEARN<br \/>\n<\/strong>Ofrece una serie de formaci\u00f3n espec\u00edfica en emprendimiento e innovaci\u00f3n centrada en MEEB, a trav\u00e9s de procesos multidisciplinares de ense\u00f1anza y aprendizaje.<\/p>\n<p><strong>GROW<br \/>\n<\/strong>Facilita la co-creaci\u00f3n de conocimiento, a trav\u00e9s de la movilidad tanto de los integrantes del Proyecto como de los emprendedores que se unen a ECOSTAR; de la celebraci\u00f3n de los Premios ECOSTAR que premian a los mejores planes de negocio; y de diversas actividades de captaci\u00f3n de fondos.<\/p>\n<p>ECOSTAR est\u00e1 promovido por la Universit\u00e0 degli Studi di Padova y <a href=\"http:\/\/www.etifor.com\/\">ETIFOR<\/a>, en colaboraci\u00f3n con \u00a0<a href=\"http:\/\/www.ecosystemmarketplace.com\/\">Ecosystem Marketplace<\/a>, <a href=\"http:\/\/forestdesign.ro\/\">Forest Design<\/a>, <a href=\"http:\/\/www.nepcon.net\/\">NEPCon<\/a>, <a href=\"http:\/\/www.upm.es\/\">Universidad Polit\u00e9cnica de Madrid<\/a>, <a href=\"http:\/\/www.socialsciences.manchester.ac.uk\/\">University of Manchester<\/a>, <a href=\"http:\/\/www.ricardo.com\/\">Ricardo<\/a> and <a href=\"http:\/\/www.unitbv.ro\/\">Transilvania University of Brasov<\/a>.<\/p>\n<p><strong>M\u00e1s informaci\u00f3n en: <a href=\"http:\/\/www.ecostarhub.com\">www.ecostarhub.com<\/a><\/strong><\/p>\n","protected":false},"excerpt":{"rendered":"<p>El Foro de Bosques y Cambio Clim\u00e1tico participa en el proyecto ECOSTAR. La iniciativa, co-financiada por el programa de la Uni\u00f3n Europea Erasmus+, pretende promover el emprendimiento y la innovaci\u00f3n en el<a class=\"moretag\" href=\"https:\/\/www.fbycc.org\/index.php\/2017\/02\/01\/el-foro-participa-en-el-proyecto-ecostar\/\">Leer m\u00e1s&#8230;<\/a><\/p>\n","protected":false},"author":2,"featured_media":0,"comment_status":"closed","ping_status":"open","sticky":false,"template":"","format":"standard","meta":{"_monsterinsights_skip_tracking":false,"_monsterinsights_sitenote_active":false,"_monsterinsights_sitenote_note":"","_monsterinsights_sitenote_category":0,"footnotes":""},"categories":[11],"tags":[68,67],"class_list":["post-929","post","type-post","status-publish","format-standard","hentry","category-noticias","tag-emprendimiento","tag-mercados-de-carbono"],"_links":{"self":[{"href":"https:\/\/www.fbycc.org\/index.php\/wp-json\/wp\/v2\/posts\/929","targetHints":{"allow":["GET"]}}],"collection":[{"href":"https:\/\/www.fbycc.org\/index.php\/wp-json\/wp\/v2\/posts"}],"about":[{"href":"https:\/\/www.fbycc.org\/index.php\/wp-json\/wp\/v2\/types\/post"}],"author":[{"embeddable":true,"href":"https:\/\/www.fbycc.org\/index.php\/wp-json\/wp\/v2\/users\/2"}],"replies":[{"embeddable":true,"href":"https:\/\/www.fbycc.org\/index.php\/wp-json\/wp\/v2\/comments?post=929"}],"version-history":[{"count":18,"href":"https:\/\/www.fbycc.org\/index.php\/wp-json\/wp\/v2\/posts\/929\/revisions"}],"predecessor-version":[{"id":1108,"href":"https:\/\/www.fbycc.org\/index.php\/wp-json\/wp\/v2\/posts\/929\/revisions\/1108"}],"wp:attachment":[{"href":"https:\/\/www.fbycc.org\/index.php\/wp-json\/wp\/v2\/media?parent=929"}],"wp:term":[{"taxonomy":"category","embeddable":true,"href":"https:\/\/www.fbycc.org\/index.php\/wp-json\/wp\/v2\/categories?post=929"},{"taxonomy":"post_tag","embeddable":true,"href":"https:\/\/www.fbycc.org\/index.php\/wp-json\/wp\/v2\/tags?post=929"}],"curies":[{"name":"wp","href":"https:\/\/api.w.org\/{rel}","templated":true}]}}