{"id":923,"date":"2017-01-14T11:44:37","date_gmt":"2017-01-14T11:44:37","guid":{"rendered":"http:\/\/www.fbycc.org\/?p=923"},"modified":"2019-03-12T19:18:40","modified_gmt":"2019-03-12T19:18:40","slug":"espana-ratifica-el-acuerdo-de-paris","status":"publish","type":"post","link":"https:\/\/www.fbycc.org\/index.php\/2017\/01\/14\/espana-ratifica-el-acuerdo-de-paris\/","title":{"rendered":"Espa\u00f1a ratifica el Acuerdo de Par\u00eds"},"content":{"rendered":"<p style=\"text-align: justify;\"><img loading=\"lazy\" decoding=\"async\" class=\"size-full wp-image-926 alignleft\" src=\"http:\/\/www.fbycc.org\/wp-content\/uploads\/2017\/02\/espratifica_p.jpg\" alt=\"\" width=\"300\" height=\"399\" srcset=\"https:\/\/www.fbycc.org\/wp-content\/uploads\/2017\/02\/espratifica_p.jpg 300w, https:\/\/www.fbycc.org\/wp-content\/uploads\/2017\/02\/espratifica_p-226x300.jpg 226w\" sizes=\"auto, (max-width: 300px) 100vw, 300px\" \/>La Embajada de Espa\u00f1a ante Naciones Unidas deposit\u00f3 el pasado d\u00eda 13 de enero el instrumento de ratificaci\u00f3n del Acuerdo de Par\u00eds, convirtiendo a Espa\u00f1a en Parte de pleno derecho del mayor acuerdo internacional sobre el cambio clim\u00e1tico nunca alcanzado.\u00a0La Uni\u00f3n Europea ya lo hab\u00eda ratificado el pasado mes de octubre, pero el caso de la UE es especial dentro de la Convenci\u00f3n de la ONU de lucha contra el Cambio Clim\u00e1tico, porque son Partes los 28 pa\u00edses miembros y tambi\u00e9n la UE, por lo que es necesaria adem\u00e1s la ratificaci\u00f3n de cada uno de los Veintiocho.<\/p>\n<p style=\"text-align: justify;\">Tras depositar la Embajada espa\u00f1ola este instrumento de ratificaci\u00f3n, son ya 125 las Partes que ya lo han depositado, dando una se\u00f1al inequ\u00edvoca sobre la necesaria transici\u00f3n hacia un modelo de desarrollo bajo en carbono que no tiene marcha atr\u00e1s.<\/p>\n<p style=\"text-align: justify;\">Espa\u00f1a ha ratificado en el orden 21 de la UE, y solo faltan por hacerlo B\u00e9lgica, Croacia, Rep\u00fablica Checa, Ruman\u00eda, Letonia, Lituania y Pa\u00edses Bajos, seg\u00fan los datos de la ONU. La ministra de Medio Ambiente, Isabel Garc\u00eda Tejerina, justific\u00f3 en su momento el retraso de nuestro pa\u00eds en ratificarlo en que un Gobierno en funciones no puede ratificar el acuerdo.<\/p>\n<p style=\"text-align: justify;\">Esta circunstancia impidi\u00f3 que nuestro pa\u00eds participara en el primer encuentro de las Partes del Acuerdo de Par\u00eds (CMA), que tuvo lugar durante la Cumbre de Marrakech el pasado mes de noviembre, y en la que se abordaron las primeras decisiones para la implementaci\u00f3n del tratado.<\/p>\n","protected":false},"excerpt":{"rendered":"<p>La Embajada de Espa\u00f1a ante Naciones Unidas deposit\u00f3 el pasado d\u00eda 13 de enero el instrumento de ratificaci\u00f3n del Acuerdo de Par\u00eds, convirtiendo a Espa\u00f1a en Parte de pleno derecho del mayor<a class=\"moretag\" href=\"https:\/\/www.fbycc.org\/index.php\/2017\/01\/14\/espana-ratifica-el-acuerdo-de-paris\/\">Leer m\u00e1s&#8230;<\/a><\/p>\n","protected":false},"author":2,"featured_media":0,"comment_status":"closed","ping_status":"open","sticky":false,"template":"","format":"standard","meta":{"_monsterinsights_skip_tracking":false,"_monsterinsights_sitenote_active":false,"_monsterinsights_sitenote_note":"","_monsterinsights_sitenote_category":0,"footnotes":""},"categories":[11],"tags":[19,66],"class_list":["post-923","post","type-post","status-publish","format-standard","hentry","category-noticias","tag-acuerdo-de-paris","tag-espana"],"_links":{"self":[{"href":"https:\/\/www.fbycc.org\/index.php\/wp-json\/wp\/v2\/posts\/923","targetHints":{"allow":["GET"]}}],"collection":[{"href":"https:\/\/www.fbycc.org\/index.php\/wp-json\/wp\/v2\/posts"}],"about":[{"href":"https:\/\/www.fbycc.org\/index.php\/wp-json\/wp\/v2\/types\/post"}],"author":[{"embeddable":true,"href":"https:\/\/www.fbycc.org\/index.php\/wp-json\/wp\/v2\/users\/2"}],"replies":[{"embeddable":true,"href":"https:\/\/www.fbycc.org\/index.php\/wp-json\/wp\/v2\/comments?post=923"}],"version-history":[{"count":5,"href":"https:\/\/www.fbycc.org\/index.php\/wp-json\/wp\/v2\/posts\/923\/revisions"}],"predecessor-version":[{"id":1109,"href":"https:\/\/www.fbycc.org\/index.php\/wp-json\/wp\/v2\/posts\/923\/revisions\/1109"}],"wp:attachment":[{"href":"https:\/\/www.fbycc.org\/index.php\/wp-json\/wp\/v2\/media?parent=923"}],"wp:term":[{"taxonomy":"category","embeddable":true,"href":"https:\/\/www.fbycc.org\/index.php\/wp-json\/wp\/v2\/categories?post=923"},{"taxonomy":"post_tag","embeddable":true,"href":"https:\/\/www.fbycc.org\/index.php\/wp-json\/wp\/v2\/tags?post=923"}],"curies":[{"name":"wp","href":"https:\/\/api.w.org\/{rel}","templated":true}]}}