{"id":913,"date":"2017-01-04T10:51:56","date_gmt":"2017-01-04T10:51:56","guid":{"rendered":"http:\/\/www.fbycc.org\/?p=913"},"modified":"2019-03-12T19:18:40","modified_gmt":"2019-03-12T19:18:40","slug":"la-comision-europea-presento-las-nuevas-medidas-de-energia-y-clima","status":"publish","type":"post","link":"https:\/\/www.fbycc.org\/index.php\/2017\/01\/04\/la-comision-europea-presento-las-nuevas-medidas-de-energia-y-clima\/","title":{"rendered":"La Comisi\u00f3n Europea present\u00f3 las nuevas medidas de energ\u00eda y clima"},"content":{"rendered":"<p style=\"text-align: justify;\"><img loading=\"lazy\" decoding=\"async\" class=\"alignleft wp-image-916 size-medium\" src=\"http:\/\/www.fbycc.org\/wp-content\/uploads\/2017\/01\/ce-300x200.jpg\" width=\"300\" height=\"200\" \/>La Comisi\u00f3n present\u00f3 el pasado 30 de noviembre el paquete de medidas para preservar la competitividad de la Uni\u00f3n Europea, ya que la transici\u00f3n hacia una energ\u00eda limpia est\u00e1 cambiando los mercados mundiales de la energ\u00eda.<\/p>\n<p style=\"text-align: justify;\">Con este conjunto de medidas conocido como <strong><em>\u00abpaquete de invierno\u00bb<\/em><\/strong>, la Comisi\u00f3n pretende que la UE no solo se adapte a esta transici\u00f3n, sino que la lidere. Por esta raz\u00f3n, la UE se ha comprometido a reducir las emisiones de CO2 en al menos un 40 % de aqu\u00ed a 2030 y, al mismo tiempo, modernizar la econom\u00eda de la UE y crear crecimiento y empleo para todos los ciudadanos europeos. Las propuestas tienen tres objetivos fundamentales: dar prioridad a la eficiencia energ\u00e9tica, convertirnos en l\u00edder mundial de energ\u00edas renovables y ofrecer un trato justo a los consumidores.<\/p>\n<p style=\"text-align: justify;\">Las propuestas de la Comisi\u00f3n relativas a una <strong>\u00abEnerg\u00eda limpia para todos los europeos\u00bb<\/strong> tienen por objeto demostrar que la transici\u00f3n hacia una energ\u00eda limpia es el sector de crecimiento del futuro. Las energ\u00edas limpias atrajeron en 2015 una inversi\u00f3n global superior a los 300.000 millones de euros. La UE est\u00e1 bien situada para utilizar sus pol\u00edticas de investigaci\u00f3n, desarrollo e innovaci\u00f3n a fin de convertir esta transici\u00f3n en una oportunidad industrial concreta. \u00a0Al movilizar hasta 177.000 millones de euros de inversi\u00f3n p\u00fablica y privada al a\u00f1o a partir de 2021, este paquete de medidas puede generar un aumento de hasta un 1 % del PIB durante la pr\u00f3xima d\u00e9cada y crear 900.000 empleos nuevos.<\/p>\n<p style=\"text-align: justify;\">Estas propuestas abarcan la eficiencia energ\u00e9tica, las energ\u00edas renovables, el dise\u00f1o del mercado de la electricidad, la seguridad del abastecimiento de electricidad y las normas de gobernanza de la Uni\u00f3n de la Energ\u00eda.<\/p>\n<p style=\"text-align: justify;\">Para las asociaciones europea y espa\u00f1ola de biomasa supone \u00abun paso fundamental para la industria europea de la bioenerg\u00eda, que llevaba a\u00f1os pidiendo una pol\u00edtica armonizada para la UE\u00bb, aunque muestran preocupaci\u00f3n por que la propuesta \u00a0no genere igualdad de condiciones para todo el sector al otorgar a los Estados miembros la posibilidad de definir normas adicionales de sostenibilidad.<\/p>\n","protected":false},"excerpt":{"rendered":"<p>La Comisi\u00f3n present\u00f3 el pasado 30 de noviembre el paquete de medidas para preservar la competitividad de la Uni\u00f3n Europea, ya que la transici\u00f3n hacia una energ\u00eda limpia est\u00e1 cambiando los mercados<a class=\"moretag\" href=\"https:\/\/www.fbycc.org\/index.php\/2017\/01\/04\/la-comision-europea-presento-las-nuevas-medidas-de-energia-y-clima\/\">Leer m\u00e1s&#8230;<\/a><\/p>\n","protected":false},"author":2,"featured_media":0,"comment_status":"closed","ping_status":"open","sticky":false,"template":"","format":"standard","meta":{"_monsterinsights_skip_tracking":false,"_monsterinsights_sitenote_active":false,"_monsterinsights_sitenote_note":"","_monsterinsights_sitenote_category":0,"footnotes":""},"categories":[11],"tags":[65,41],"class_list":["post-913","post","type-post","status-publish","format-standard","hentry","category-noticias","tag-energia","tag-union-europea"],"_links":{"self":[{"href":"https:\/\/www.fbycc.org\/index.php\/wp-json\/wp\/v2\/posts\/913","targetHints":{"allow":["GET"]}}],"collection":[{"href":"https:\/\/www.fbycc.org\/index.php\/wp-json\/wp\/v2\/posts"}],"about":[{"href":"https:\/\/www.fbycc.org\/index.php\/wp-json\/wp\/v2\/types\/post"}],"author":[{"embeddable":true,"href":"https:\/\/www.fbycc.org\/index.php\/wp-json\/wp\/v2\/users\/2"}],"replies":[{"embeddable":true,"href":"https:\/\/www.fbycc.org\/index.php\/wp-json\/wp\/v2\/comments?post=913"}],"version-history":[{"count":4,"href":"https:\/\/www.fbycc.org\/index.php\/wp-json\/wp\/v2\/posts\/913\/revisions"}],"predecessor-version":[{"id":1110,"href":"https:\/\/www.fbycc.org\/index.php\/wp-json\/wp\/v2\/posts\/913\/revisions\/1110"}],"wp:attachment":[{"href":"https:\/\/www.fbycc.org\/index.php\/wp-json\/wp\/v2\/media?parent=913"}],"wp:term":[{"taxonomy":"category","embeddable":true,"href":"https:\/\/www.fbycc.org\/index.php\/wp-json\/wp\/v2\/categories?post=913"},{"taxonomy":"post_tag","embeddable":true,"href":"https:\/\/www.fbycc.org\/index.php\/wp-json\/wp\/v2\/tags?post=913"}],"curies":[{"name":"wp","href":"https:\/\/api.w.org\/{rel}","templated":true}]}}