{"id":733,"date":"2016-11-27T17:37:26","date_gmt":"2016-11-27T17:37:26","guid":{"rendered":"http:\/\/www.fbycc.org\/?p=733"},"modified":"2019-06-18T12:48:50","modified_gmt":"2019-06-18T12:48:50","slug":"conferencia-de-marrakech-la-cop-de-la-accion","status":"publish","type":"post","link":"https:\/\/www.fbycc.org\/index.php\/2016\/11\/27\/conferencia-de-marrakech-la-cop-de-la-accion\/","title":{"rendered":"Conferencia de Marrakech: La COP de la acci\u00f3n"},"content":{"rendered":"<div style=\"text-align: justify;\">La COP22, a diferencia de la que tuvo lugar en Par\u00eds en 2015, se ha caracterizado por un alto contenido t\u00e9cnico, y se ha calificado como la \u00abCOP de la acci\u00f3n\u00bb por el\u00a0gran n\u00famero de iniciativas presentadas durante la reuni\u00f3n.Los pa\u00edses han acelerado la acci\u00f3n por el clima en todo el mundo a trav\u00e9s de una amplia gama de \u00e1reas dando prioridad a los objetivos pol\u00edticos y pr\u00e1cticos del Acuerdo\u00a0de Par\u00eds.<\/p>\n<p>Paquetes de miles de millones y billones de d\u00f3lares de apoyo para tecnolog\u00edas limpias, la creaci\u00f3n de capacidad para informar de planes de acci\u00f3n por el clima e\u00a0iniciativas para impulsar la seguridad alimentaria y la seguridad de los recursos h\u00eddricos en pa\u00edses en desarrollo son algunos de los muchos anuncios y numerosas\u00a0iniciativas lanzadas.<\/p>\n<p>Mientras tanto los Gobiernos han fijado un corto plazo, hasta 2018, para completar las normas de aplicaci\u00f3n del Acuerdo de Par\u00eds con el fin de asegurar la confianza,\u00a0la cooperaci\u00f3n y su \u00e9xito en a\u00f1os y d\u00e9cadas venideros.<\/p>\n<p>Empresas, inversores, ciudades y Gobiernos locales tambi\u00e9n han anunciado nuevos compromisos frente al cambio clim\u00e1tico que se suman a los miles anunciados en el\u00a0per\u00edodo previo a la conferencia sobre el cambio clim\u00e1tico que se celebr\u00f3 en Par\u00eds el a\u00f1o pasado.<\/p>\n<p>Esta nueva etapa de implementaci\u00f3n y acci\u00f3n para el clima y para el desarrollo sostenible ha quedado plasmada en la <strong><span style=\"color: #008000;\"><a style=\"color: #008000;\" href=\"http:\/\/unfccc.int\/files\/meetings\/marrakech_nov_2016\/application\/pdf\/marrakech_action_proclamation.pdf\" target=\"_blank\" rel=\"noopener noreferrer\" data-cke-saved-href=\"http:\/\/unfccc.int\/files\/meetings\/marrakech_nov_2016\/application\/pdf\/marrakech_action_proclamation.pdf\">Proclamaci\u00f3n de Acci\u00f3n de Marrakec<\/a>h.<\/span><\/strong><\/p>\n<p>En el cierre de la conferencia se anunci\u00f3 que Fiji ostentar\u00e1 la presidencia de la pr\u00f3xima conferencia de las Naciones Unidas sobre el cambio clim\u00e1tico en 2017 (COP23) que ser\u00e1 organizada por la CMNUCC en Bonn.<\/p>\n<p>Las autoridades espa\u00f1olas han destacado las siguientes iniciativas:<\/p>\n<\/div>\n<ul style=\"text-align: justify;\">\n<li>Aumento de las interconexiones el\u00e9ctricas entre Marruecos y Europa.<\/li>\n<li>Iniciativa <strong><span style=\"color: #008000;\"><a style=\"color: #008000;\" href=\"http:\/\/www.aaainitiative.org\/\" target=\"_blank\" rel=\"noopener noreferrer\" data-cke-saved-href=\"http:\/\/www.aaainitiative.org\/\">Triple A<\/a><\/span><\/strong>, sobre la Adaptaci\u00f3n de la Agricultura Africana al cambio clim\u00e1tico.<\/li>\n<li>Colaboraci\u00f3n en materias de agua dentro del marco de cooperaci\u00f3n &#8216;Di\u00e1golo5+5&#8217;<\/li>\n<li>Iniciativa <strong><span style=\"color: #008000;\"><a style=\"color: #008000;\" href=\"http:\/\/4p1000.org\/\" target=\"_blank\" rel=\"noopener noreferrer\" data-cke-saved-href=\"http:\/\/4p1000.org\/\">4por1000<\/a><\/span><\/strong>, sobre el incremento de almacenamiento de carbono en los \u00a0suelos agr\u00edcolas y forestales.<\/li>\n<\/ul>\n<p style=\"text-align: justify;\">En el \u00e1mbito de la bioeconom\u00eda destaca\u00a0<strong><span style=\"color: #008000;\"><a style=\"color: #008000;\" href=\"https:\/\/www.biofutureplatform.org\/\" target=\"_blank\" rel=\"noopener noreferrer\" data-cke-saved-href=\"https:\/\/www.biofutureplatform.org\/\">Biofuture Platform<\/a><\/span><\/strong>, iniciativa para acelerar el desarrollo y la implementaci\u00f3n de los biocombustibles avanzados como alternativas sostenibles a los combustibles f\u00f3siles.<\/p>\n<p><strong>\u00a0<span style=\"color: #008000;\"> \u00a0 &gt;&gt; <a style=\"color: #008000;\" href=\"http:\/\/newsroom.unfccc.int\/es\/noticias\/cop22-comunicado-de-prensa-final\/\">Iniciativas presentadas en la COP22 de Marrakech<\/a><\/span><\/strong><\/p>\n<p><strong><span style=\"color: #008000;\">\u00a0 \u00a0 &gt;&gt;\u00a0<a style=\"color: #008000;\" href=\"http:\/\/www.lavanguardia.com\/natural\/cambio-climatico\/20161119\/411986050055\/cumbre-marrakech-cambio-climatico.html\">40 proyectos para proteger el clima<\/a><\/span><\/strong><\/p>\n<p style=\"text-align: justify;\">\n","protected":false},"excerpt":{"rendered":"<p>La COP22, a diferencia de la que tuvo lugar en Par\u00eds en 2015, se ha caracterizado por un alto contenido t\u00e9cnico, y se ha calificado como la \u00abCOP de la acci\u00f3n\u00bb por<a class=\"moretag\" href=\"https:\/\/www.fbycc.org\/index.php\/2016\/11\/27\/conferencia-de-marrakech-la-cop-de-la-accion\/\">Leer m\u00e1s&#8230;<\/a><\/p>\n","protected":false},"author":2,"featured_media":0,"comment_status":"closed","ping_status":"open","sticky":false,"template":"","format":"standard","meta":{"_monsterinsights_skip_tracking":false,"_monsterinsights_sitenote_active":false,"_monsterinsights_sitenote_note":"","_monsterinsights_sitenote_category":0,"footnotes":""},"categories":[11],"tags":[45,44,46,42,43],"class_list":["post-733","post","type-post","status-publish","format-standard","hentry","category-noticias","tag-4por1000","tag-accion-por-el-clima","tag-biofuture-platform","tag-cop22","tag-marrakech"],"_links":{"self":[{"href":"https:\/\/www.fbycc.org\/index.php\/wp-json\/wp\/v2\/posts\/733","targetHints":{"allow":["GET"]}}],"collection":[{"href":"https:\/\/www.fbycc.org\/index.php\/wp-json\/wp\/v2\/posts"}],"about":[{"href":"https:\/\/www.fbycc.org\/index.php\/wp-json\/wp\/v2\/types\/post"}],"author":[{"embeddable":true,"href":"https:\/\/www.fbycc.org\/index.php\/wp-json\/wp\/v2\/users\/2"}],"replies":[{"embeddable":true,"href":"https:\/\/www.fbycc.org\/index.php\/wp-json\/wp\/v2\/comments?post=733"}],"version-history":[{"count":14,"href":"https:\/\/www.fbycc.org\/index.php\/wp-json\/wp\/v2\/posts\/733\/revisions"}],"predecessor-version":[{"id":1622,"href":"https:\/\/www.fbycc.org\/index.php\/wp-json\/wp\/v2\/posts\/733\/revisions\/1622"}],"wp:attachment":[{"href":"https:\/\/www.fbycc.org\/index.php\/wp-json\/wp\/v2\/media?parent=733"}],"wp:term":[{"taxonomy":"category","embeddable":true,"href":"https:\/\/www.fbycc.org\/index.php\/wp-json\/wp\/v2\/categories?post=733"},{"taxonomy":"post_tag","embeddable":true,"href":"https:\/\/www.fbycc.org\/index.php\/wp-json\/wp\/v2\/tags?post=733"}],"curies":[{"name":"wp","href":"https:\/\/api.w.org\/{rel}","templated":true}]}}