{"id":676,"date":"2016-10-11T13:08:08","date_gmt":"2016-10-11T13:08:08","guid":{"rendered":"http:\/\/www.fbycc.org\/?p=676"},"modified":"2019-06-18T12:48:50","modified_gmt":"2019-06-18T12:48:50","slug":"el-acuerdo-de-paris-entrara-en-vigor-el-4-de-noviembre","status":"publish","type":"post","link":"https:\/\/www.fbycc.org\/index.php\/2016\/10\/11\/el-acuerdo-de-paris-entrara-en-vigor-el-4-de-noviembre\/","title":{"rendered":"El Acuerdo de Par\u00eds entrar\u00e1 en vigor el 4 de noviembre"},"content":{"rendered":"<p style=\"text-align: justify;\"><img loading=\"lazy\" decoding=\"async\" class=\"size-medium wp-image-681 alignleft\" src=\"http:\/\/www.fbycc.org\/wp-content\/uploads\/2016\/10\/paris-300x171.png\" alt=\"paris\" width=\"300\" height=\"171\" srcset=\"https:\/\/www.fbycc.org\/wp-content\/uploads\/2016\/10\/paris-300x171.png 300w, https:\/\/www.fbycc.org\/wp-content\/uploads\/2016\/10\/paris.png 350w\" sizes=\"auto, (max-width: 300px) 100vw, 300px\" \/>La ONU confirm\u00f3 que el Acuerdo de Par\u00eds sobre el cambio clim\u00e1tico entrar\u00e1 en vigor el pr\u00f3ximo 4 de noviembre, una vez alcanzado el n\u00famero de pa\u00edses y emisiones que se necesitaba para echar a andar ese tratado.<\/p>\n<p style=\"text-align: justify;\">\u201cEstoy encantando de anunciar que el Acuerdo de Par\u00eds cruzar\u00e1 el segundo y \u00faltimo umbral necesario para la entrada en vigor, que ser\u00e1 el 4 de noviembre\u201d, afirm\u00f3 el secretario general de la ONU, Ban Ki-moon, en un comunicado.<\/p>\n<p style=\"text-align: justify;\">El paso fue dado despu\u00e9s de que la Uni\u00f3n Europea (UE) acordara ratificar el acuerdo y se depositaran ante la ONU los instrumentos legales de esa decisi\u00f3n.<\/p>\n<p style=\"text-align: justify;\">En este mes de octubre\u00a0y hasta la fecha\u00a0han presentado sus instrumentos de ratificaci\u00f3n los siguientes pa\u00edses: Argelia, Austria, Bolivia, Canad\u00e1, Rep\u00fablica Centroafricana, Costa Rica, Francia, Grecia, Alemania, Hungr\u00eda, \u00a0India, Malta, M\u00f3naco, Nepal, Nueva Zelanda, Paraguay, Polonia, Portugal, Ruanda, Eslovaquia, Suecia, Turkmenist\u00e1n, Uruguay y\u00a0la Uni\u00f3n Europea que act\u00faa en su conjunto como Parte del acuerdo.<\/p>\n<p style=\"text-align: justify;\">En total 85 partes de las 191 de la convenci\u00f3n, lo que representa el 60,98% de las emisiones mundiales de gases de efecto invernadero, el otro condicionante que faltaba cumplir para que entrar\u00e1 en vigor el acuerdo. Con los objetivos necesarios cumplidos el acuerdo entrar\u00e1 en vigor 30 d\u00edas despu\u00e9s, es decir el pr\u00f3ximo 4 de noviembre de 2016, unos d\u00edas antes del inicio de la celebraci\u00f3n de la Cumbre del Clima que este a\u00f1o tendr\u00e1 lugar en Marrakech (Marruecos) del 7 al 18 de noviembre (COP22).<\/p>\n<p style=\"text-align: justify;\">Ahora solo resta concluir con \u00e9xito las negociaciones de elaboraci\u00f3n del reglamento para la implementaci\u00f3n del Acuerdo de Par\u00eds, que ser\u00e1 un modelo a escala global para reportar y rendir cuentas de las medidas clim\u00e1ticas. Cuando est\u00e9 terminado, este reglamento har\u00e1 posible su implementaci\u00f3n completa, y establecer\u00e1 los requisitos concretos para que los pa\u00edses y otros actores informen de manera abierta y contabilicen sus acciones a favor del clima.<\/p>\n<p style=\"text-align: justify;\">Desde el Foro de Bosques y Cambio Clim\u00e1tico confiamos en que se valore todo el potencial\u00a0de los bosques como principal sumidero de carbono disponible y gestionable por la humanidad.<\/p>\n","protected":false},"excerpt":{"rendered":"<p>La ONU confirm\u00f3 que el Acuerdo de Par\u00eds sobre el cambio clim\u00e1tico entrar\u00e1 en vigor el pr\u00f3ximo 4 de noviembre, una vez alcanzado el n\u00famero de pa\u00edses y emisiones que se necesitaba<a class=\"moretag\" href=\"https:\/\/www.fbycc.org\/index.php\/2016\/10\/11\/el-acuerdo-de-paris-entrara-en-vigor-el-4-de-noviembre\/\">Leer m\u00e1s&#8230;<\/a><\/p>\n","protected":false},"author":2,"featured_media":0,"comment_status":"closed","ping_status":"open","sticky":false,"template":"","format":"standard","meta":{"_monsterinsights_skip_tracking":false,"_monsterinsights_sitenote_active":false,"_monsterinsights_sitenote_note":"","_monsterinsights_sitenote_category":0,"footnotes":""},"categories":[11],"tags":[19,28,35,41],"class_list":["post-676","post","type-post","status-publish","format-standard","hentry","category-noticias","tag-acuerdo-de-paris","tag-contabilidad","tag-naciones-unidas","tag-union-europea"],"_links":{"self":[{"href":"https:\/\/www.fbycc.org\/index.php\/wp-json\/wp\/v2\/posts\/676","targetHints":{"allow":["GET"]}}],"collection":[{"href":"https:\/\/www.fbycc.org\/index.php\/wp-json\/wp\/v2\/posts"}],"about":[{"href":"https:\/\/www.fbycc.org\/index.php\/wp-json\/wp\/v2\/types\/post"}],"author":[{"embeddable":true,"href":"https:\/\/www.fbycc.org\/index.php\/wp-json\/wp\/v2\/users\/2"}],"replies":[{"embeddable":true,"href":"https:\/\/www.fbycc.org\/index.php\/wp-json\/wp\/v2\/comments?post=676"}],"version-history":[{"count":6,"href":"https:\/\/www.fbycc.org\/index.php\/wp-json\/wp\/v2\/posts\/676\/revisions"}],"predecessor-version":[{"id":684,"href":"https:\/\/www.fbycc.org\/index.php\/wp-json\/wp\/v2\/posts\/676\/revisions\/684"}],"wp:attachment":[{"href":"https:\/\/www.fbycc.org\/index.php\/wp-json\/wp\/v2\/media?parent=676"}],"wp:term":[{"taxonomy":"category","embeddable":true,"href":"https:\/\/www.fbycc.org\/index.php\/wp-json\/wp\/v2\/categories?post=676"},{"taxonomy":"post_tag","embeddable":true,"href":"https:\/\/www.fbycc.org\/index.php\/wp-json\/wp\/v2\/tags?post=676"}],"curies":[{"name":"wp","href":"https:\/\/api.w.org\/{rel}","templated":true}]}}