{"id":668,"date":"2016-09-22T10:30:01","date_gmt":"2016-09-22T10:30:01","guid":{"rendered":"http:\/\/www.fbycc.org\/?p=668"},"modified":"2019-06-18T12:48:50","modified_gmt":"2019-06-18T12:48:50","slug":"668","status":"publish","type":"post","link":"https:\/\/www.fbycc.org\/index.php\/2016\/09\/22\/668\/","title":{"rendered":"Reuni\u00f3n de alto nivel en la ONU para apoyar la ratificaci\u00f3n del Acuerdo de Par\u00eds"},"content":{"rendered":"<p style=\"text-align: justify;\"><img loading=\"lazy\" decoding=\"async\" class=\"aligncenter wp-image-669 size-full\" src=\"http:\/\/www.fbycc.org\/wp-content\/uploads\/2016\/09\/reunion_ONU_21sept.jpg\" alt=\"reunion_onu_21sept\" width=\"633\" height=\"426\" srcset=\"https:\/\/www.fbycc.org\/wp-content\/uploads\/2016\/09\/reunion_ONU_21sept.jpg 633w, https:\/\/www.fbycc.org\/wp-content\/uploads\/2016\/09\/reunion_ONU_21sept-300x202.jpg 300w\" sizes=\"auto, (max-width: 633px) 100vw, 633px\" \/><br \/>\nUno de los dos objetivos principales para que el Acuerdo de Par\u00eds entre en vigor este a\u00f1o se ha cumplido, el pasado d\u00eda 21 de septiembre se alcanz\u00f3 la ratificaci\u00f3n de 55 pa\u00edses durante la Reuni\u00f3n de alto nivel organizada en la Asamblea de Naciones Unidas. Solo queda ahora alcanzar la meta del 55% de las emisiones globales ya que con los 55 pa\u00edses s\u00f3lo se alcanz\u00f3 el 47.78 % de las emisiones.<\/p>\n<p style=\"text-align: justify;\">Durante la Reuni\u00f3n de alto nivel sobre la entrada en vigor del Acuerdo de Par\u00eds, 31 pa\u00edses presentaron sus instrumentos de ratificaci\u00f3n ante el Secretario General. Ahora s\u00f3lo queda que los pa\u00edses que representan apenas el 7,22 % de las emisiones globales de gases de efecto invernadero presenten sus documentos de ratificaci\u00f3n para alcanzar el 55% que es la meta que se debe cumplir para convertir el acuerdo en un tratado formal.<\/p>\n<p style=\"text-align: justify;\">Hasta el momento ni la Uni\u00f3n Europea ni el Gobierno espa\u00f1ol han llevado a cabo este proceso, lo que nos sit\u00faa por detr\u00e1s de los pa\u00edses que como EE.UU. o China ya han depositado sus instrumentos de ratificaci\u00f3n ante Naciones Unidas. En este sentido el presidente de la Comisi\u00f3n Europea, Jean-Claude Juncker, inst\u00f3 el pasado 14 de septiembre a los Estados miembros a acelerar la ratificaci\u00f3n del acuerdo sobre reducci\u00f3n de emisiones contaminantes alcanzado por la comunidad internacional el pasado diciembre en Par\u00eds, porque de lo contrario la Uni\u00f3n Europea se convertir\u00e1 en el \u201chazmerre\u00edr\u201d de sus socios.<\/p>\n<p style=\"text-align: justify;\">\u201cEl acuerdo debe ser ratificado, cuanto m\u00e1s esperemos, m\u00e1s corremos el riesgo de convertirnos en el hazmerre\u00edr de todos y de perder cr\u00e9dito en la escena internacional\u201d, ha advertido Juncker ante el pleno del Parlamento Europeo reunido en Estrasburgo (Francia), durante el debate sobre el estado de la UE.<\/p>\n<p style=\"text-align: justify;\">El objetivo es que el convenio internacional sea ratificado por los Estados miembros y las instituciones de la UE a tiempo para la pr\u00f3xima cita internacional sobre el Clima, que auspiciar\u00e1 la ONU en Marrakech entre el 7 y el 18 de noviembre. La Uni\u00f3n Europea cuenta con asistir a la reuni\u00f3n, pero no podr\u00e1 ser parte de las deliberaciones sobre el modo en que se debe poner en pr\u00e1ctica el acuerdo si no lo ha ratificado primero, seg\u00fan han explicado fuentes europeas.<\/p>\n<p style=\"text-align: justify;\">Hasta ahora, por la parte europea s\u00f3lo Francia, Austria y Hungr\u00eda han cumplido con el proceso en lo que a la ratificaci\u00f3n por los parlamentos nacionales se refiere, mientras que a nivel europeo los 28 est\u00e1n en mitad del proceso, pendiente a\u00fan del visto bueno del Consejo y del pleno de la Euroc\u00e1mara.<\/p>\n","protected":false},"excerpt":{"rendered":"<p>Uno de los dos objetivos principales para que el Acuerdo de Par\u00eds entre en vigor este a\u00f1o se ha cumplido, el pasado d\u00eda 21 de septiembre se alcanz\u00f3 la ratificaci\u00f3n de 55<a class=\"moretag\" href=\"https:\/\/www.fbycc.org\/index.php\/2016\/09\/22\/668\/\">Leer m\u00e1s&#8230;<\/a><\/p>\n","protected":false},"author":2,"featured_media":0,"comment_status":"closed","ping_status":"open","sticky":false,"template":"","format":"standard","meta":{"_monsterinsights_skip_tracking":false,"_monsterinsights_sitenote_active":false,"_monsterinsights_sitenote_note":"","_monsterinsights_sitenote_category":0,"footnotes":""},"categories":[11],"tags":[19,35,41],"class_list":["post-668","post","type-post","status-publish","format-standard","hentry","category-noticias","tag-acuerdo-de-paris","tag-naciones-unidas","tag-union-europea"],"_links":{"self":[{"href":"https:\/\/www.fbycc.org\/index.php\/wp-json\/wp\/v2\/posts\/668","targetHints":{"allow":["GET"]}}],"collection":[{"href":"https:\/\/www.fbycc.org\/index.php\/wp-json\/wp\/v2\/posts"}],"about":[{"href":"https:\/\/www.fbycc.org\/index.php\/wp-json\/wp\/v2\/types\/post"}],"author":[{"embeddable":true,"href":"https:\/\/www.fbycc.org\/index.php\/wp-json\/wp\/v2\/users\/2"}],"replies":[{"embeddable":true,"href":"https:\/\/www.fbycc.org\/index.php\/wp-json\/wp\/v2\/comments?post=668"}],"version-history":[{"count":3,"href":"https:\/\/www.fbycc.org\/index.php\/wp-json\/wp\/v2\/posts\/668\/revisions"}],"predecessor-version":[{"id":672,"href":"https:\/\/www.fbycc.org\/index.php\/wp-json\/wp\/v2\/posts\/668\/revisions\/672"}],"wp:attachment":[{"href":"https:\/\/www.fbycc.org\/index.php\/wp-json\/wp\/v2\/media?parent=668"}],"wp:term":[{"taxonomy":"category","embeddable":true,"href":"https:\/\/www.fbycc.org\/index.php\/wp-json\/wp\/v2\/categories?post=668"},{"taxonomy":"post_tag","embeddable":true,"href":"https:\/\/www.fbycc.org\/index.php\/wp-json\/wp\/v2\/tags?post=668"}],"curies":[{"name":"wp","href":"https:\/\/api.w.org\/{rel}","templated":true}]}}