{"id":657,"date":"2016-09-21T10:02:08","date_gmt":"2016-09-21T10:02:08","guid":{"rendered":"http:\/\/www.fbycc.org\/?p=657"},"modified":"2023-02-14T23:49:59","modified_gmt":"2023-02-14T23:49:59","slug":"el-fbycc-colabora-con-la-fundacion-conama","status":"publish","type":"post","link":"https:\/\/www.fbycc.org\/index.php\/2016\/09\/21\/el-fbycc-colabora-con-la-fundacion-conama\/","title":{"rendered":"El FBYCC colabora con la Fundaci\u00f3n CONAMA"},"content":{"rendered":"<p><img loading=\"lazy\" decoding=\"async\" class=\"wp-image-658 size-full aligncenter\" src=\"http:\/\/www.fbycc.org\/wp-content\/uploads\/2016\/09\/IMG_9176.jpg\" alt=\"img_9176\" width=\"500\" height=\"333\" srcset=\"https:\/\/www.fbycc.org\/wp-content\/uploads\/2016\/09\/IMG_9176.jpg 500w, https:\/\/www.fbycc.org\/wp-content\/uploads\/2016\/09\/IMG_9176-300x200.jpg 300w\" sizes=\"auto, (max-width: 500px) 100vw, 500px\" \/><\/p>\n<p style=\"text-align: justify;\">El Foro de Bosques y Cambio Clim\u00e1tico y la\u00a0Fundaci\u00f3n CONAMA firmaron el pasado 16 de septiembre la renovaci\u00f3n del convenio para participar en el\u00a0Congreso Nacional del Medio Ambiente, que se celebrar\u00e1 del 28 de noviembre al 1 de diciembre de \u00a02016 en Madrid.<\/p>\n<p style=\"text-align: justify;\">Suscribieron el acuerdo <b>Gonzalo Echag\u00fce, Presidente de Fundaci\u00f3n CONAMA, y Javier de La Puente, Presidente del Foro de Bosques y Cambio Clim\u00e1tico.<\/b><\/p>\n<p style=\"text-align: justify;\"><a href=\"http:\/\/www.conama2016.org\/web\/index.php\"><img loading=\"lazy\" decoding=\"async\" class=\"aligncenter wp-image-663 size-full\" src=\"http:\/\/www.fbycc.org\/wp-content\/uploads\/2016\/09\/banner-conama.gif\" alt=\"banner-conama\" width=\"980\" height=\"125\" \/><\/a><\/p>\n","protected":false},"excerpt":{"rendered":"<p>El Foro de Bosques y Cambio Clim\u00e1tico y la\u00a0Fundaci\u00f3n CONAMA firmaron el pasado 16 de septiembre la renovaci\u00f3n del convenio para participar en el\u00a0Congreso Nacional del Medio Ambiente, que se celebrar\u00e1 del<a class=\"moretag\" href=\"https:\/\/www.fbycc.org\/index.php\/2016\/09\/21\/el-fbycc-colabora-con-la-fundacion-conama\/\">Leer m\u00e1s&#8230;<\/a><\/p>\n","protected":false},"author":2,"featured_media":0,"comment_status":"closed","ping_status":"open","sticky":false,"template":"","format":"standard","meta":{"_monsterinsights_skip_tracking":false,"_monsterinsights_sitenote_active":false,"_monsterinsights_sitenote_note":"","_monsterinsights_sitenote_category":0,"footnotes":""},"categories":[11],"tags":[16,17,40,22],"class_list":["post-657","post","type-post","status-publish","format-standard","hentry","category-noticias","tag-bosques","tag-cambio-climatico","tag-conama","tag-medio-ambiente"],"_links":{"self":[{"href":"https:\/\/www.fbycc.org\/index.php\/wp-json\/wp\/v2\/posts\/657","targetHints":{"allow":["GET"]}}],"collection":[{"href":"https:\/\/www.fbycc.org\/index.php\/wp-json\/wp\/v2\/posts"}],"about":[{"href":"https:\/\/www.fbycc.org\/index.php\/wp-json\/wp\/v2\/types\/post"}],"author":[{"embeddable":true,"href":"https:\/\/www.fbycc.org\/index.php\/wp-json\/wp\/v2\/users\/2"}],"replies":[{"embeddable":true,"href":"https:\/\/www.fbycc.org\/index.php\/wp-json\/wp\/v2\/comments?post=657"}],"version-history":[{"count":7,"href":"https:\/\/www.fbycc.org\/index.php\/wp-json\/wp\/v2\/posts\/657\/revisions"}],"predecessor-version":[{"id":660,"href":"https:\/\/www.fbycc.org\/index.php\/wp-json\/wp\/v2\/posts\/657\/revisions\/660"}],"wp:attachment":[{"href":"https:\/\/www.fbycc.org\/index.php\/wp-json\/wp\/v2\/media?parent=657"}],"wp:term":[{"taxonomy":"category","embeddable":true,"href":"https:\/\/www.fbycc.org\/index.php\/wp-json\/wp\/v2\/categories?post=657"},{"taxonomy":"post_tag","embeddable":true,"href":"https:\/\/www.fbycc.org\/index.php\/wp-json\/wp\/v2\/tags?post=657"}],"curies":[{"name":"wp","href":"https:\/\/api.w.org\/{rel}","templated":true}]}}