{"id":652,"date":"2016-09-05T12:31:17","date_gmt":"2016-09-05T12:31:17","guid":{"rendered":"http:\/\/www.fbycc.org\/?p=652"},"modified":"2023-02-14T23:49:33","modified_gmt":"2023-02-14T23:49:33","slug":"ee-uu-y-china-ratifican-el-acuerdo-de-paris","status":"publish","type":"post","link":"https:\/\/www.fbycc.org\/index.php\/2016\/09\/05\/ee-uu-y-china-ratifican-el-acuerdo-de-paris\/","title":{"rendered":"EE.UU. y China ratifican el Acuerdo de Par\u00eds"},"content":{"rendered":"<p style=\"text-align: justify;\">El pasado 3 de septiembre, en la v\u00edspera del inicio de la cumbre de l\u00edderes del G20 en la ciudad de Hangzhou, China y Estados Unidos ratificaron el Acuerdo de Par\u00eds.<\/p>\n<p style=\"text-align: justify;\">Ambos presidentes Xi Jinping y Barack Obama entregaron al secretario general de Naciones Unidas los documentos que certifican la adhesi\u00f3n formal de sus pa\u00edses al tratado. Ban Ki-moon se mostr\u00f3 optimista sobre la posibilidad de que, tras esta acci\u00f3n conjunta, el acuerdo pueda entrar en vigor a finales de este a\u00f1o. \u00abNecesitamos 29 pa\u00edses m\u00e1s para que el Acuerdo de Par\u00eds entre en vigor. Tengo la esperanza y el optimismo que lo lograremos antes de fin de a\u00f1o cuando finaliza mi mandato como Secretario General\u00bb, se\u00f1al\u00f3 Ban.<\/p>\n<p style=\"text-align: justify;\">El presidente estadounidense alab\u00f3 los esfuerzos realizados con China en la lucha contra el cambio clim\u00e1tico a pesar de sus diferencias en otros \u00e1mbitos: \u00abestamos dando ejemplo. Como las dos mayores econom\u00edas y los dos mayores emisores del planeta, nuestra entrada en este acuerdo contin\u00faa el impulso de Par\u00eds y debe dar la confianza al resto del mundo de que nos dirigimos hacia un futuro con bajos niveles de carbono\u00bb.<\/p>\n<p style=\"text-align: justify;\">El acuerdo de Par\u00eds entrar\u00e1 en vigor 30 d\u00edas despu\u00e9s de que como m\u00ednimo 55 pa\u00edses que agrupen el 55% de las emisiones mundiales de gases de efecto invernadero lo hayan ratificado. Hasta el momento 26 naciones han presentado sus instrumentos de ratificaci\u00f3n (en su mayor\u00eda pa\u00edses isle\u00f1os del Pac\u00edfico y el Caribe), pero sus emisiones apenas superan el 1% del total. En este sentido la ratificaci\u00f3n del acuerdo por parte de China y EE.UU., los dos mayores emisores de gases de efecto invernadero del planeta con aproximadamente un 38% del total, supone un apoyo decisivo al acuerdo.<\/p>\n<p style=\"text-align: justify;\">Seg\u00fan los documentos aportados China se compromete a alcanzar su pico de emisiones en el a\u00f1o 2030 -Pek\u00edn asegura que lo lograr\u00e1 incluso antes- y a aumentar hasta el 20% la proporci\u00f3n de fuentes no contaminantes en su consumo total de energ\u00eda. Estados Unidos, por su parte, deber\u00e1 reducirlas en un 28% para 2025.<\/p>\n","protected":false},"excerpt":{"rendered":"<p>El pasado 3 de septiembre, en la v\u00edspera del inicio de la cumbre de l\u00edderes del G20 en la ciudad de Hangzhou, China y Estados Unidos ratificaron el Acuerdo de Par\u00eds. Ambos<a class=\"moretag\" href=\"https:\/\/www.fbycc.org\/index.php\/2016\/09\/05\/ee-uu-y-china-ratifican-el-acuerdo-de-paris\/\">Leer m\u00e1s&#8230;<\/a><\/p>\n","protected":false},"author":2,"featured_media":0,"comment_status":"closed","ping_status":"open","sticky":false,"template":"","format":"standard","meta":{"_monsterinsights_skip_tracking":false,"_monsterinsights_sitenote_active":false,"_monsterinsights_sitenote_note":"","_monsterinsights_sitenote_category":0,"footnotes":""},"categories":[11],"tags":[19,38,39],"class_list":["post-652","post","type-post","status-publish","format-standard","hentry","category-noticias","tag-acuerdo-de-paris","tag-china","tag-ee-uu"],"_links":{"self":[{"href":"https:\/\/www.fbycc.org\/index.php\/wp-json\/wp\/v2\/posts\/652","targetHints":{"allow":["GET"]}}],"collection":[{"href":"https:\/\/www.fbycc.org\/index.php\/wp-json\/wp\/v2\/posts"}],"about":[{"href":"https:\/\/www.fbycc.org\/index.php\/wp-json\/wp\/v2\/types\/post"}],"author":[{"embeddable":true,"href":"https:\/\/www.fbycc.org\/index.php\/wp-json\/wp\/v2\/users\/2"}],"replies":[{"embeddable":true,"href":"https:\/\/www.fbycc.org\/index.php\/wp-json\/wp\/v2\/comments?post=652"}],"version-history":[{"count":2,"href":"https:\/\/www.fbycc.org\/index.php\/wp-json\/wp\/v2\/posts\/652\/revisions"}],"predecessor-version":[{"id":655,"href":"https:\/\/www.fbycc.org\/index.php\/wp-json\/wp\/v2\/posts\/652\/revisions\/655"}],"wp:attachment":[{"href":"https:\/\/www.fbycc.org\/index.php\/wp-json\/wp\/v2\/media?parent=652"}],"wp:term":[{"taxonomy":"category","embeddable":true,"href":"https:\/\/www.fbycc.org\/index.php\/wp-json\/wp\/v2\/categories?post=652"},{"taxonomy":"post_tag","embeddable":true,"href":"https:\/\/www.fbycc.org\/index.php\/wp-json\/wp\/v2\/tags?post=652"}],"curies":[{"name":"wp","href":"https:\/\/api.w.org\/{rel}","templated":true}]}}