{"id":6276,"date":"2025-12-22T17:56:21","date_gmt":"2025-12-22T17:56:21","guid":{"rendered":"https:\/\/www.fbycc.org\/?p=6276"},"modified":"2025-12-22T17:56:21","modified_gmt":"2025-12-22T17:56:21","slug":"cop30-diez-anos-del-acuerdo-de-paris-y-el-reto-de-acelerar-la-accion-climatica","status":"publish","type":"post","link":"https:\/\/www.fbycc.org\/index.php\/2025\/12\/22\/cop30-diez-anos-del-acuerdo-de-paris-y-el-reto-de-acelerar-la-accion-climatica\/","title":{"rendered":"COP30: diez a\u00f1os del Acuerdo de Par\u00eds y el reto de acelerar la acci\u00f3n clim\u00e1tica"},"content":{"rendered":"<p style=\"text-align: center;\"><span style=\"font-size: 36pt;\"><strong>COP30: diez a\u00f1os del Acuerdo de Par\u00eds y el reto de acelerar la acci\u00f3n clim\u00e1tica<\/strong><\/span><\/p>\n<p><img loading=\"lazy\" decoding=\"async\" class=\"alignnone size-full wp-image-6278\" src=\"https:\/\/www.fbycc.org\/wp-content\/uploads\/2025\/12\/AME7607-BRASIL-COP30-CLIMA.jpg\" alt=\"\" width=\"1920\" height=\"1280\" srcset=\"https:\/\/www.fbycc.org\/wp-content\/uploads\/2025\/12\/AME7607-BRASIL-COP30-CLIMA.jpg 1920w, https:\/\/www.fbycc.org\/wp-content\/uploads\/2025\/12\/AME7607-BRASIL-COP30-CLIMA-300x200.jpg 300w, https:\/\/www.fbycc.org\/wp-content\/uploads\/2025\/12\/AME7607-BRASIL-COP30-CLIMA-1024x683.jpg 1024w, https:\/\/www.fbycc.org\/wp-content\/uploads\/2025\/12\/AME7607-BRASIL-COP30-CLIMA-768x512.jpg 768w, https:\/\/www.fbycc.org\/wp-content\/uploads\/2025\/12\/AME7607-BRASIL-COP30-CLIMA-1536x1024.jpg 1536w\" sizes=\"auto, (max-width: 1920px) 100vw, 1920px\" \/><\/p>\n<p style=\"text-align: justify;\">La <strong>COP30<\/strong>, celebrada en <strong data-start=\"197\" data-end=\"249\">Bel\u00e9m (Brasil) del 10 al 22 de noviembre de 2025<\/strong>, bajo el marco de la <strong data-start=\"271\" data-end=\"349\">Convenci\u00f3n Marco de las Naciones Unidas sobre el Cambio Clim\u00e1tico<\/strong>, ha vuelto a situar en el centro del debate internacional la necesidad de mantener vivo el objetivo del Acuerdo de Par\u00eds de limitar el aumento de la temperatura global a 1,5 \u00baC. En un contexto marcado por una creciente brecha entre los compromisos clim\u00e1ticos asumidos por los pa\u00edses y las emisiones reales, la cumbre ha subrayado la urgencia de pasar de los acuerdos a una implementaci\u00f3n efectiva y acelerada de las pol\u00edticas ya pactadas.<\/p>\n<p style=\"text-align: justify;\">Seg\u00fan ha destacado <strong data-start=\"127\" data-end=\"141\">Elena Pita<\/strong>, directora de la <strong data-start=\"159\" data-end=\"206\">Oficina Espa\u00f1ola de Cambio Clim\u00e1tico (OECC)<\/strong>, en diversos encuentros posteriores a la COP, la COP30 no ha alcanzado el nivel de ambici\u00f3n esperado en materia de mitigaci\u00f3n. No obstante, la reuni\u00f3n ha puesto de manifiesto que el enfoque multilateral sigue siendo esencial para hacer frente al cambio clim\u00e1tico y que el Acuerdo de Par\u00eds contin\u00faa siendo un marco v\u00e1lido y operativo, si bien resulta necesario reforzar y acelerar su implementaci\u00f3n.<\/p>\n<p style=\"text-align: justify;\">De los 198 pa\u00edses que integran la Conferencia de las Partes (COP), 195 estuvieron presentes, con la destacada ausencia de Estados Unidos. La COP30 marc\u00f3 el <strong data-start=\"1426\" data-end=\"1469\">d\u00e9cimo aniversario del Acuerdo de Par\u00eds<\/strong>, un hito que puso de manifiesto la magnitud del desaf\u00edo pendiente. Los actuales compromisos nacionales de reducci\u00f3n de emisiones (NDC) conducir\u00edan a una reducci\u00f3n de los gases de efecto invernadero del 12 % en 2035, cuando la ciencia indica que ser\u00eda necesario alcanzar reducciones cercanas al 60 %. Con las pol\u00edticas vigentes, el aumento medio de la temperatura global se sit\u00faa en torno a <strong data-start=\"1868\" data-end=\"1920\">2.8 \u00baC por encima de los niveles preindustriales<\/strong>, muy lejos del l\u00edmite de 1.5 \u00baC establecido en Par\u00eds.<\/p>\n<p style=\"text-align: justify;\">Aun as\u00ed, y pese a que los avances resultan claramente insuficientes, la COP30 ha confirmado que <strong data-start=\"2072\" data-end=\"2129\">sin el Acuerdo de Par\u00eds la situaci\u00f3n ser\u00eda mucho peor<\/strong>: las emisiones globales no solo no se habr\u00edan reducido, sino que habr\u00edan aumentado entre un 20 % y un 48 %. Este dato refuerza la importancia de preservar y fortalecer el marco multilateral, incluso en un contexto geopol\u00edtico complejo.<\/p>\n<h3 style=\"text-align: justify;\" data-start=\"270\" data-end=\"345\"><strong data-start=\"274\" data-end=\"345\">Resultados de la COP30 para los mercados de carbono y el Art\u00edculo 6<\/strong><\/h3>\n<p style=\"text-align: justify;\" data-start=\"347\" data-end=\"680\">La COP30 tambi\u00e9n tuvo implicaciones relevantes para los mercados de carbono internacionales, en particular en torno a la aplicaci\u00f3n del Art\u00edculo 6 del Acuerdo de Par\u00eds, que establece el marco para la cooperaci\u00f3n entre pa\u00edses en comercio de emisiones y cr\u00e9ditos de carbono a nivel global.<\/p>\n<p style=\"text-align: justify;\" data-start=\"682\" data-end=\"1290\">Entre los avances m\u00e1s significativos destacan:<\/p>\n<ul style=\"text-align: justify;\">\n<li data-start=\"682\" data-end=\"1290\">Decisi\u00f3n de <strong data-start=\"741\" data-end=\"803\">cerrar formalmente el Mecanismo de Desarrollo Limpio (MDL)<\/strong> heredados del Protocolo de Kioto para finales de 2026, lo que proporciona mayor claridad al mercado y permite concentrar esfuerzos en el nuevo sistema previsto bajo el Art\u00edculo 6.4, tambi\u00e9n conocido como Mecanismo de Acreditaci\u00f3n del Acuerdo de Par\u00eds (PACM). Los fondos restantes del MDL se transferir\u00e1n para apoyar dicho desarrollo y se ha ampliado en seis meses el plazo para que los proyectos existentes decidan si hacen la transici\u00f3n al PACM.<\/li>\n<li data-start=\"682\" data-end=\"1290\">El <strong data-start=\"1324\" data-end=\"1390\">Art\u00edculo 6.4 continuar\u00e1 en su trayectoria actual de aplicaci\u00f3n<\/strong>, sin reabrir orientaciones que ya est\u00e1n establecidas, como: intentos de una normativa m\u00e1s expl\u00edcita sobre el papel de los proyectos basados en la naturaleza; la supresi\u00f3n de la limitaci\u00f3n de mandatos del organo de supervisi\u00f3n; o la creaci\u00f3n de puertas traseras para los cr\u00e9ditos forestales emitidos al margen de los procesos formales.<\/li>\n<li data-start=\"682\" data-end=\"1290\">Se avanz\u00f3 en mecanismos de <strong data-start=\"1520\" data-end=\"1591\">rendici\u00f3n de cuentas para los acuerdos bilaterales del Art\u00edculo 6.2<\/strong>, que rigen el comercio bilateral de carbono entre pa\u00edses. Esto incluye la necesidad de proporcionar informaci\u00f3n m\u00e1s estructurada sobre los acuerdos bilaterales individuales y expectativas de mayor escrutinio de las incoherencias entre las normas y la pr\u00e1ctica real.<\/li>\n<\/ul>\n<p style=\"text-align: justify;\">El impulso a la cooperaci\u00f3n internacional en mercados de carbono se reflej\u00f3 tambi\u00e9n en iniciativas paralelas como la <a href=\"https:\/\/cop30.br\/en\/news-about-cop30\/carbon-market-coalition-welcomes-18-member-countries-at-cop30\"><strong data-start=\"1968\" data-end=\"2015\">Coalici\u00f3n Abierta sobre Mercados de Carbono<\/strong><\/a>, lanzada en Bel\u00e9m con la adhesi\u00f3n de Brasil, China, la Uni\u00f3n Europea, Reino Unido, Canad\u00e1, Chile, Alemania, M\u00e9xico, Armenia, Zambia, Francia, Ruanda, Andorra, Guinea, Nueva Zelanda, M\u00f3naco, Singapur y Noruega. Esta coalici\u00f3n busca <strong data-start=\"2166\" data-end=\"2199\">establecer normas compartidas<\/strong> y <strong data-start=\"2202\" data-end=\"2269\">conectar diferentes sistemas de comercio de cr\u00e9ditos de carbono<\/strong>, con el objetivo de generar mayor liquidez, previsibilidad y transparencia en los mercados globales, frente a la fragmentaci\u00f3n actual.<\/p>\n<p style=\"text-align: justify;\">Asimismo la\u00a0<a href=\"https:\/\/coalitiontogrowcarbonmarkets.org\/\"><strong>Coalici\u00f3n para el Crecimiento de los Mercados de Carbono<\/strong><\/a>, creada por Kenia, Singapur, Reino Unido, Francia y Panam\u00e1 con el objetivo de reforzar la demanda corporativa de cr\u00e9ditos de carbono de alta integridad, recibi\u00f3 el respaldo de un gran n\u00famero de paises.<\/p>\n<p style=\"text-align: justify;\" data-start=\"2444\" data-end=\"2869\">Los resultados ponen de manifiesto que, aunque los mercados de carbono no fueron un eje dominante en el texto final de la COP30, se ha avanzado en <strong data-start=\"2591\" data-end=\"2660\">claridad normativa y en la consolidaci\u00f3n de mecanismos existentes<\/strong>, sentando bases para que estos instrumentos puedan contribuir de forma m\u00e1s eficaz al financiamiento clim\u00e1tico y a la movilizaci\u00f3n de recursos hacia reducciones y absorciones de emisiones en los pr\u00f3ximos a\u00f1os.<\/p>\n<h3 style=\"text-align: justify;\" data-start=\"270\" data-end=\"345\"><strong data-start=\"274\" data-end=\"345\">Conclusiones generales de la COP30<\/strong><\/h3>\n<p style=\"text-align: justify;\">Uno de los aspectos m\u00e1s notorios de la COP30 ha sido la <strong data-start=\"2427\" data-end=\"2519\">ausencia de una referencia expl\u00edcita a los combustibles f\u00f3siles en la hoja de ruta final<\/strong>, pese a que este elemento figuraba en los primeros borradores del texto. La falta de consenso se debi\u00f3 al rechazo de muchos pa\u00edses, encabezados por estados productores de combustibles f\u00f3siles.<\/p>\n<p style=\"text-align: justify;\">La cumbre de este 2025 llegaba tras la COP de Dub\u00e1i en 2023, donde se acord\u00f3 la necesidad de abandonar progresivamente los combustibles f\u00f3siles, impulsar las energ\u00edas renovables, la eficiencia energ\u00e9tica y el papel de los bosques, y despu\u00e9s de la COP de Bak\u00fa en 2024, centrada en la financiaci\u00f3n clim\u00e1tica y en la relevancia de movilizar capital privado, poniendo de relieve que la transformaci\u00f3n clim\u00e1tica es una responsabilidad compartida por gobiernos, empresas y sociedad civil. En este contexto, la COP30 aspiraba a dar un paso m\u00e1s, avanzando hacia una hoja de ruta clara que marcara el camino a seguir, algo que finalmente no se ha logrado consensuar.<\/p>\n<p style=\"text-align: justify;\">No obstante, la cumbre ha dejado <strong data-start=\"3280\" data-end=\"3319\">avances relevantes en otros \u00e1mbitos.<\/strong>\u00a0Entre ellos destacan los progresos en <strong data-start=\"3392\" data-end=\"3412\">transici\u00f3n justa<\/strong>, la <strong data-start=\"3417\" data-end=\"3474\">duplicaci\u00f3n de la financiaci\u00f3n destinada a adaptaci\u00f3n<\/strong>, la puesta en marcha de un <strong data-start=\"3502\" data-end=\"3537\">acelerador de la implementaci\u00f3n de los compromisos<\/strong> y la aprobaci\u00f3n de un <strong data-start=\"3560\" data-end=\"3593\">mecanismo de transici\u00f3n justa<\/strong>, que sit\u00faa a las personas y a los territorios en el centro de la acci\u00f3n clim\u00e1tica. Este \u00faltimo ha sido uno de los resultados m\u00e1s valorados de la COP30, con el reconocimiento, por primera vez a este nivel, de la necesidad de integrar derechos laborales, di\u00e1logo social y protecci\u00f3n social en las pol\u00edticas clim\u00e1ticas, reforzando la dimensi\u00f3n social de la acci\u00f3n clim\u00e1tica internacional.\u00a0Asimismo, se han reforzado alianzas entre la Uni\u00f3n Europea y los pa\u00edses latinoamericanos m\u00e1s ambiciosos, con una visi\u00f3n compartida sobre la necesidad de elevar la acci\u00f3n clim\u00e1tica.<\/p>\n<p style=\"text-align: justify;\">La COP30 tambi\u00e9n ha evidenciado el papel creciente de la sociedad civil y de la juventud en las negociaciones clim\u00e1ticas, tanto en la presi\u00f3n para elevar la ambici\u00f3n como en la construcci\u00f3n de nuevas narrativas que acerquen la acci\u00f3n clim\u00e1tica a la ciudadan\u00eda.<\/p>\n<p style=\"text-align: justify;\" data-start=\"3863\" data-end=\"4294\">Como resultado final, se ha acordado que <strong data-start=\"3904\" data-end=\"4106\">Brasil lidere en los pr\u00f3ximos meses la elaboraci\u00f3n de una hoja de ruta para la reducci\u00f3n progresiva de los combustibles f\u00f3siles y para la lucha contra la deforestaci\u00f3n y la protecci\u00f3n de los bosques<\/strong>, de cara a la pr\u00f3xima COP. Un paso relevante, aunque insuficiente, ya que esta hoja de ruta habr\u00eda tenido un mayor impacto si hubiera formado parte del consenso alcanzado en esta edici\u00f3n.<\/p>\n<p style=\"text-align: justify;\" data-start=\"4296\" data-end=\"4549\">En definitiva, el balance de la COP30 deja una sensaci\u00f3n agridulce: se han registrado avances relevantes en \u00e1mbitos como la adaptaci\u00f3n, la transici\u00f3n justa y la financiaci\u00f3n clim\u00e1tica, pero persiste una clara insuficiencia en materia de mitigaci\u00f3n, especialmente por la ausencia de referencias expl\u00edcitas a la eliminaci\u00f3n progresiva de los combustibles f\u00f3siles en el documento final. La cumbre deja as\u00ed un mensaje claro: el marco del Acuerdo de Par\u00eds sigue siendo imprescindible, pero el tiempo apremia y la brecha entre compromisos y realidad exige <strong>mayor ambici\u00f3n, mayor coherencia y, sobre todo, una implementaci\u00f3n mucho m\u00e1s r\u00e1pida de las pol\u00edticas clim\u00e1ticas.<\/strong><\/p>\n","protected":false},"excerpt":{"rendered":"<p>COP30: diez a\u00f1os del Acuerdo de Par\u00eds y el reto de acelerar la acci\u00f3n clim\u00e1tica La COP30, celebrada en Bel\u00e9m (Brasil) del 10 al 22 de noviembre de 2025, bajo el marco<a class=\"moretag\" href=\"https:\/\/www.fbycc.org\/index.php\/2025\/12\/22\/cop30-diez-anos-del-acuerdo-de-paris-y-el-reto-de-acelerar-la-accion-climatica\/\">Leer m\u00e1s&#8230;<\/a><\/p>\n","protected":false},"author":5,"featured_media":0,"comment_status":"closed","ping_status":"open","sticky":false,"template":"","format":"standard","meta":{"_monsterinsights_skip_tracking":false,"_monsterinsights_sitenote_active":false,"_monsterinsights_sitenote_note":"","_monsterinsights_sitenote_category":0,"footnotes":""},"categories":[11],"tags":[19,90,67],"class_list":["post-6276","post","type-post","status-publish","format-standard","hentry","category-noticias","tag-acuerdo-de-paris","tag-cop","tag-mercados-de-carbono"],"_links":{"self":[{"href":"https:\/\/www.fbycc.org\/index.php\/wp-json\/wp\/v2\/posts\/6276","targetHints":{"allow":["GET"]}}],"collection":[{"href":"https:\/\/www.fbycc.org\/index.php\/wp-json\/wp\/v2\/posts"}],"about":[{"href":"https:\/\/www.fbycc.org\/index.php\/wp-json\/wp\/v2\/types\/post"}],"author":[{"embeddable":true,"href":"https:\/\/www.fbycc.org\/index.php\/wp-json\/wp\/v2\/users\/5"}],"replies":[{"embeddable":true,"href":"https:\/\/www.fbycc.org\/index.php\/wp-json\/wp\/v2\/comments?post=6276"}],"version-history":[{"count":1,"href":"https:\/\/www.fbycc.org\/index.php\/wp-json\/wp\/v2\/posts\/6276\/revisions"}],"predecessor-version":[{"id":6279,"href":"https:\/\/www.fbycc.org\/index.php\/wp-json\/wp\/v2\/posts\/6276\/revisions\/6279"}],"wp:attachment":[{"href":"https:\/\/www.fbycc.org\/index.php\/wp-json\/wp\/v2\/media?parent=6276"}],"wp:term":[{"taxonomy":"category","embeddable":true,"href":"https:\/\/www.fbycc.org\/index.php\/wp-json\/wp\/v2\/categories?post=6276"},{"taxonomy":"post_tag","embeddable":true,"href":"https:\/\/www.fbycc.org\/index.php\/wp-json\/wp\/v2\/tags?post=6276"}],"curies":[{"name":"wp","href":"https:\/\/api.w.org\/{rel}","templated":true}]}}