{"id":6254,"date":"2025-12-22T12:48:28","date_gmt":"2025-12-22T12:48:28","guid":{"rendered":"https:\/\/www.fbycc.org\/?p=6254"},"modified":"2025-12-23T11:21:09","modified_gmt":"2025-12-23T11:21:09","slug":"motor-verde-impulsa-un-modelo-de-reforestacion-con-impacto-social","status":"publish","type":"post","link":"https:\/\/www.fbycc.org\/index.php\/2025\/12\/22\/motor-verde-impulsa-un-modelo-de-reforestacion-con-impacto-social\/","title":{"rendered":"Motor Verde impulsa un modelo de reforestaci\u00f3n con impacto social"},"content":{"rendered":"<p style=\"text-align: center;\"><span style=\"font-size: 36pt;\"><strong>El proyecto Motor Verde impulsa en Grandas de Salime un modelo de reforestaci\u00f3n con impacto social para el sector forestal<\/strong><\/span><\/p>\n<p><img loading=\"lazy\" decoding=\"async\" class=\"alignnone wp-image-6255 size-full\" src=\"https:\/\/www.fbycc.org\/wp-content\/uploads\/2025\/12\/FR_motor_verde_trabajadores_asturias_2022-4-scaled-e1766405913587.jpg\" alt=\"\" width=\"2560\" height=\"1250\" srcset=\"https:\/\/www.fbycc.org\/wp-content\/uploads\/2025\/12\/FR_motor_verde_trabajadores_asturias_2022-4-scaled-e1766405913587.jpg 2560w, https:\/\/www.fbycc.org\/wp-content\/uploads\/2025\/12\/FR_motor_verde_trabajadores_asturias_2022-4-scaled-e1766405913587-300x146.jpg 300w, https:\/\/www.fbycc.org\/wp-content\/uploads\/2025\/12\/FR_motor_verde_trabajadores_asturias_2022-4-scaled-e1766405913587-1024x500.jpg 1024w, https:\/\/www.fbycc.org\/wp-content\/uploads\/2025\/12\/FR_motor_verde_trabajadores_asturias_2022-4-scaled-e1766405913587-768x375.jpg 768w, https:\/\/www.fbycc.org\/wp-content\/uploads\/2025\/12\/FR_motor_verde_trabajadores_asturias_2022-4-scaled-e1766405913587-1536x750.jpg 1536w, https:\/\/www.fbycc.org\/wp-content\/uploads\/2025\/12\/FR_motor_verde_trabajadores_asturias_2022-4-scaled-e1766405913587-2048x1000.jpg 2048w\" sizes=\"auto, (max-width: 2560px) 100vw, 2560px\" \/><\/p>\n<p style=\"text-align: justify;\">En el coraz\u00f3n de Grandas de Salime (Asturias), un incendio forestal en 2017 dej\u00f3 una huella profunda en el paisaje y en el pueblo.<\/p>\n<p style=\"text-align: justify;\">Hoy, ese mismo territorio se ha transformado en un ejemplo de c\u00f3mo la restauraci\u00f3n medioambiental puede generar un impacto social tangible y duradero. El proyecto <strong>Motor Verde<\/strong> en Grandas de Salime, impulsado por Fundaci\u00f3n Repsol y Grupo Sylvestris, ha demostrado que el sector forestal no es solo un motor de desarrollo <strong>medioambiental<\/strong>, sino tambi\u00e9n <strong>econ\u00f3mico<\/strong> y <strong>social<\/strong>.<\/p>\n<p style=\"text-align: justify;\">Adem\u00e1s, Grandas de Salime se ha colado en el panorama internacional del mercado de carbono al convertirse en el <a href=\"https:\/\/registry.verra.org\/app\/projectDetail\/VCS\/3813\">primer proyecto certificado por Verra<\/a> en la Pen\u00ednsula Ib\u00e9rica. Esta certificaci\u00f3n fue posible gracias al trabajo conjunto entre Grupo Sylvestris, Fundaci\u00f3n Repsol, Global Factor, Climit y Carbosur.<\/p>\n<p style=\"text-align: justify;\">Este proyecto reforest\u00f3 390 hect\u00e1reas, con 505.370 \u00e1rboles de 11 especies aut\u00f3ctonas (entre ellas rebollo, abedul, pino radiata y madro\u00f1o), dejando 87 hect\u00e1reas para certificarlas con Verra y el restante para certificar bajo la Oficina Espa\u00f1ola de Cambio Clim\u00e1tico (OECC).<\/p>\n<p style=\"text-align: justify;\">M\u00e1s all\u00e1 de la restauraci\u00f3n forestal del terreno, el informe de medici\u00f3n de impacto social, elaborado en 2025, por la consultora especializada en mediciones de impacto social, Siembra Energ\u00eda Social, cuantifica las acciones generadoras de impacto y monetiza el retorno social de la inversi\u00f3n, lo que convierte al proyecto en un referente para las empresas forestales comprometidas con la sostenibilidad y el desarrollo del territorio.<\/p>\n<p style=\"text-align: justify;\"><div class=\"tx-spacer clearfix\" style=\"height: 16px\"><\/div>\n<h2 style=\"text-align: justify;\"><span style=\"font-weight: 600; color: #2d5015;\">Un enfoque de triple impacto: medioambiental, social y econ\u00f3mico<\/span><\/h2>\n<p style=\"text-align: justify;\">Motor Verde nace con el objetivo de generar un triple impacto positivo. En Grandas de Salime, esto se traduce en:<\/p>\n<p><img loading=\"lazy\" decoding=\"async\" class=\" wp-image-6256 alignright\" src=\"https:\/\/www.fbycc.org\/wp-content\/uploads\/2025\/12\/FR_motor_verde_trabajadores_asturias_2022-1-scaled.jpg\" alt=\"\" width=\"464\" height=\"348\" srcset=\"https:\/\/www.fbycc.org\/wp-content\/uploads\/2025\/12\/FR_motor_verde_trabajadores_asturias_2022-1-scaled.jpg 2560w, https:\/\/www.fbycc.org\/wp-content\/uploads\/2025\/12\/FR_motor_verde_trabajadores_asturias_2022-1-300x225.jpg 300w, https:\/\/www.fbycc.org\/wp-content\/uploads\/2025\/12\/FR_motor_verde_trabajadores_asturias_2022-1-1024x768.jpg 1024w, https:\/\/www.fbycc.org\/wp-content\/uploads\/2025\/12\/FR_motor_verde_trabajadores_asturias_2022-1-768x576.jpg 768w, https:\/\/www.fbycc.org\/wp-content\/uploads\/2025\/12\/FR_motor_verde_trabajadores_asturias_2022-1-800x600.jpg 800w, https:\/\/www.fbycc.org\/wp-content\/uploads\/2025\/12\/FR_motor_verde_trabajadores_asturias_2022-1-1536x1152.jpg 1536w, https:\/\/www.fbycc.org\/wp-content\/uploads\/2025\/12\/FR_motor_verde_trabajadores_asturias_2022-1-2048x1536.jpg 2048w\" sizes=\"auto, (max-width: 464px) 100vw, 464px\" \/><\/p>\n<ul>\n<li><strong>Absorci\u00f3n de m\u00e1s de 200.000 toneladas de CO\u2082 durante los pr\u00f3ximos 50 a\u00f1os<\/strong> que contribuyen mitigar el cambio clim\u00e1tico.<\/li>\n<li><strong>Restauraci\u00f3n de un \u00e1rea natural degradada<\/strong>, con criterios de biodiversidad y selecci\u00f3n de especies aut\u00f3ctonas y que es una zona de paso de especies en peligro de extinci\u00f3n como el oso pardo, el lobo ib\u00e9rico y el urogallo.<\/li>\n<li><strong>Generaci\u00f3n de empleo local y dinamizaci\u00f3n de la econom\u00eda rural<\/strong>: durante la reforestaci\u00f3n de Grandas de Salime, se crearon 61 empleos directos, 19 de ellos pertenecientes a personas en situaci\u00f3n de vulnerabilidad y 5 puestos m\u00e1s en la fase de mantenimiento. Adem\u00e1s, se generaron 169 empleos indirectos (153 en la fase de reforestaci\u00f3n y 16 en la de mantenimiento).<\/li>\n<li>Desde el punto de vista econ\u00f3mico, la estrategia prioriz\u00f3 el empleo local y la proximidad de proveedores, dinamizando el tejido econ\u00f3mico de la zona. Esta apuesta por la cadena de valor forestal local contribuye a la fijaci\u00f3n de poblaci\u00f3n en las zonas rurales, uno de los grandes retos del sector forestal en la Pen\u00ednsula Ib\u00e9rica. Adem\u00e1s, cabe destacar la generaci\u00f3n de <strong>alianzas<\/strong> con entidades sociales, como C\u00e1ritas Asturias y Fundaci\u00f3n Santa Mar\u00eda la Real.<\/li>\n<\/ul>\n<p style=\"text-align: justify;\"><div class=\"tx-spacer clearfix\" style=\"height: 16px\"><\/div>\n<h2 style=\"text-align: justify;\"><span style=\"font-weight: 600; color: #2d5015;\">Formaci\u00f3n y desarrollo de capacidades<\/span><\/h2>\n<p style=\"text-align: justify;\">El proyecto no se limit\u00f3 a la creaci\u00f3n de empleo. Fue un paso m\u00e1s all\u00e1 y se dise\u00f1\u00f3 un plan de formaci\u00f3n con orientaci\u00f3n laboral tanto para los trabajadores (formaciones en prevenci\u00f3n de riesgos laborales y en competencias transversales) y para la poblaci\u00f3n rural (en cultura digital, emprendimiento rural y sensibilizaci\u00f3n al cambio clim\u00e1tico).<\/p>\n<p style=\"text-align: justify;\">En total, se beneficiaron 163 personas a las que se les impartieron un total de 588 horas de formaci\u00f3n, fortaleciendo el capital humano del territorio y mejorando la empleabilidad de la poblaci\u00f3n local.<\/p>\n<p style=\"text-align: justify;\"><div class=\"tx-spacer clearfix\" style=\"height: 16px\"><\/div>\n<h2 style=\"text-align: justify;\"><span style=\"font-weight: 600; color: #2d5015;\">Valor social a\u00f1adido y tecnolog\u00eda para la prevenci\u00f3n<\/span><\/h2>\n<p style=\"text-align: justify;\">Una de las innovaciones del proyecto fue la instalaci\u00f3n de una soluci\u00f3n tecnol\u00f3gica desarrollada por nuestro socio Hispasat para la detecci\u00f3n temprana de incendios. Esta herramienta no solo protege el bosque reforestado, sino que aporta seguridad al entorno y refuerza la resiliencia del territorio frente a futuros riesgos.<\/p>\n<p style=\"text-align: justify;\">Adem\u00e1s, la involucraci\u00f3n de Hispasat tuvo un impacto m\u00e1s all\u00e1 de este sistema de detecci\u00f3n temprana de incendios e instal\u00f3 una antena de wifi gratuito en una pedan\u00eda cercana: Berducedo. Esta antena no da servicio unicamente a los lugare\u00f1os sino tambi\u00e9n a los peregrinos del Camino de Santiago.<\/p>\n<p style=\"text-align: justify;\"><div class=\"tx-spacer clearfix\" style=\"height: 16px\"><\/div>\n<h2 style=\"text-align: justify;\"><span style=\"font-weight: 600; color: #2d5015;\">Medici\u00f3n rigurosa del impacto social generado<\/span><\/h2>\n<p style=\"text-align: justify;\">En este proyecto de Grandas de Salime, grupo Sylvestris ha querido ir m\u00e1s all\u00e1 y medir el impacto social del mismo, convirti\u00e9ndose en la primera empresa del sector forestal que realiza este tipo de estudios.<\/p>\n<p style=\"text-align: justify;\">El an\u00e1lisis, elaborado por una consultora externa y especializada en la medici\u00f3n del impacto social (Siembra Energ\u00eda Social) tradujo todas estas acciones realizadas en el territorio en un SROI (Social Return on Investment) resultando que, por cada euro invertido en el proyecto, el retorno social de la inversi\u00f3n ha sido de 6,51 \u20ac.<\/p>\n<p style=\"text-align: justify;\">El estudio utiliza una metodolog\u00eda propia basada en dos m\u00e9todos distintos: en la Teor\u00eda del Cambio y el Social Return On Investment (SROI). Este enfoque permite cuantificar el valor social generado por cada euro invertido.<\/p>\n<p style=\"text-align: justify;\">Este SROI de 6,51\u20ac, incluye tanto el impacto intr\u00ednseco (reforestaci\u00f3n, empleo, recuperaci\u00f3n del ecosistema) como el valor compartido (formaci\u00f3n, apoyo a colectivos vulnerables, dinamizaci\u00f3n econ\u00f3mica).<\/p>\n<p style=\"text-align: justify;\"><div class=\"tx-spacer clearfix\" style=\"height: 16px\"><\/div>\n<h2 style=\"text-align: justify;\"><span style=\"font-weight: 600; color: #2d5015;\">Cinco dimensiones del impacto<\/span><\/h2>\n<p style=\"text-align: justify;\">El an\u00e1lisis del proyecto se estructura en cinco dimensiones clave:<\/p>\n<ul style=\"text-align: justify;\">\n<li><strong>Qu\u00e9<\/strong>: Reforestaci\u00f3n de un espacio forestal degradado, generaci\u00f3n de empleo e inclusi\u00f3n social y mejora de la calidad de vida de los habitantes.<\/li>\n<li><strong>Qui\u00e9n<\/strong>: Beneficiarios directos e indirectos, incluyendo el ayuntamiento, la poblaci\u00f3n local, empresas locales, poblaci\u00f3n vulnerable y administraciones.<\/li>\n<li><strong>Cu\u00e1nto<\/strong>: El 82% del valor social generado se concentra en el \u00e1rea de influencia m\u00e1s pr\u00f3xima.<\/li>\n<li><strong>Contribuci\u00f3n<\/strong>: No exist\u00edan planes ni fondos p\u00fablicos para la recuperaci\u00f3n del espacio quemado.<\/li>\n<li><strong>Riesgos evitados<\/strong>: Estabilizaci\u00f3n del suelo, control de la erosi\u00f3n, prevenci\u00f3n de incendios y restauraci\u00f3n de la fauna y flora local.<\/li>\n<\/ul>\n<p style=\"text-align: justify;\"><div class=\"tx-spacer clearfix\" style=\"height: 16px\"><\/div>\n<h2 style=\"text-align: justify;\"><span style=\"font-weight: 600; color: #2d5015;\">Conclusi\u00f3n: una hoja de ruta para el sector forestal<\/span><\/h2>\n<p><img loading=\"lazy\" decoding=\"async\" class=\" wp-image-6267 alignleft\" src=\"https:\/\/www.fbycc.org\/wp-content\/uploads\/2025\/12\/FR_motor_verde_trabajadores_asturias_2022-2-scaled.jpg\" alt=\"\" width=\"417\" height=\"278\" srcset=\"https:\/\/www.fbycc.org\/wp-content\/uploads\/2025\/12\/FR_motor_verde_trabajadores_asturias_2022-2-scaled.jpg 2560w, https:\/\/www.fbycc.org\/wp-content\/uploads\/2025\/12\/FR_motor_verde_trabajadores_asturias_2022-2-300x200.jpg 300w, https:\/\/www.fbycc.org\/wp-content\/uploads\/2025\/12\/FR_motor_verde_trabajadores_asturias_2022-2-1024x683.jpg 1024w, https:\/\/www.fbycc.org\/wp-content\/uploads\/2025\/12\/FR_motor_verde_trabajadores_asturias_2022-2-768x512.jpg 768w, https:\/\/www.fbycc.org\/wp-content\/uploads\/2025\/12\/FR_motor_verde_trabajadores_asturias_2022-2-1536x1024.jpg 1536w, https:\/\/www.fbycc.org\/wp-content\/uploads\/2025\/12\/FR_motor_verde_trabajadores_asturias_2022-2-2048x1366.jpg 2048w\" sizes=\"auto, (max-width: 417px) 100vw, 417px\" \/><\/p>\n<p style=\"text-align: justify;\">El proyecto de Motor Verde en Grandas de Salime, demuestra que los proyectos forestales pueden ser <strong>mucho m\u00e1s que una intervenci\u00f3n ambiental<\/strong>. Cuando se dise\u00f1an con una visi\u00f3n integral, generan empleo, fortalecen comunidades, dinamizan econom\u00edas locales y aportan soluciones reales al cambio clim\u00e1tico.<\/p>\n<p style=\"text-align: justify;\">Para las empresas forestales, este proyecto ofrece una hoja de ruta clara: integrar el impacto social en la planificaci\u00f3n, medir los resultados con rigor y apostar por alianzas locales. El retorno no solo se mide en hect\u00e1reas reforestadas, sino en vidas transformadas y territorios revitalizados.<\/p>\n<p style=\"text-align: justify;\">El sector forestal tiene ante s\u00ed una oportunidad hist\u00f3rica de liderar la transici\u00f3n hacia un modelo de desarrollo sostenible. Grandas de Salime ya lo est\u00e1 haciendo.<\/p>\n<p>M\u00e1s informaci\u00f3n: Grupo Sylvestris (<a href=\"https:\/\/www.gruposylvestris.com\/\">www.gruposylvestris.com<\/a>)<\/p>\n","protected":false},"excerpt":{"rendered":"<p>El proyecto Motor Verde impulsa en Grandas de Salime un modelo de reforestaci\u00f3n con impacto social para el sector forestal En el coraz\u00f3n de Grandas de Salime (Asturias), un incendio forestal en<a class=\"moretag\" href=\"https:\/\/www.fbycc.org\/index.php\/2025\/12\/22\/motor-verde-impulsa-un-modelo-de-reforestacion-con-impacto-social\/\">Leer m\u00e1s&#8230;<\/a><\/p>\n","protected":false},"author":5,"featured_media":0,"comment_status":"closed","ping_status":"open","sticky":false,"template":"","format":"standard","meta":{"_monsterinsights_skip_tracking":false,"_monsterinsights_sitenote_active":false,"_monsterinsights_sitenote_note":"","_monsterinsights_sitenote_category":0,"footnotes":""},"categories":[11],"tags":[214,16,17,273],"class_list":["post-6254","post","type-post","status-publish","format-standard","hentry","category-noticias","tag-absorcion-de-carbono","tag-bosques","tag-cambio-climatico","tag-nuestros-socios"],"_links":{"self":[{"href":"https:\/\/www.fbycc.org\/index.php\/wp-json\/wp\/v2\/posts\/6254","targetHints":{"allow":["GET"]}}],"collection":[{"href":"https:\/\/www.fbycc.org\/index.php\/wp-json\/wp\/v2\/posts"}],"about":[{"href":"https:\/\/www.fbycc.org\/index.php\/wp-json\/wp\/v2\/types\/post"}],"author":[{"embeddable":true,"href":"https:\/\/www.fbycc.org\/index.php\/wp-json\/wp\/v2\/users\/5"}],"replies":[{"embeddable":true,"href":"https:\/\/www.fbycc.org\/index.php\/wp-json\/wp\/v2\/comments?post=6254"}],"version-history":[{"count":15,"href":"https:\/\/www.fbycc.org\/index.php\/wp-json\/wp\/v2\/posts\/6254\/revisions"}],"predecessor-version":[{"id":6280,"href":"https:\/\/www.fbycc.org\/index.php\/wp-json\/wp\/v2\/posts\/6254\/revisions\/6280"}],"wp:attachment":[{"href":"https:\/\/www.fbycc.org\/index.php\/wp-json\/wp\/v2\/media?parent=6254"}],"wp:term":[{"taxonomy":"category","embeddable":true,"href":"https:\/\/www.fbycc.org\/index.php\/wp-json\/wp\/v2\/categories?post=6254"},{"taxonomy":"post_tag","embeddable":true,"href":"https:\/\/www.fbycc.org\/index.php\/wp-json\/wp\/v2\/tags?post=6254"}],"curies":[{"name":"wp","href":"https:\/\/api.w.org\/{rel}","templated":true}]}}