{"id":6181,"date":"2025-10-31T03:09:55","date_gmt":"2025-10-31T03:09:55","guid":{"rendered":"https:\/\/www.fbycc.org\/?p=6181"},"modified":"2025-12-04T13:02:10","modified_gmt":"2025-12-04T13:02:10","slug":"6181","status":"publish","type":"post","link":"https:\/\/www.fbycc.org\/index.php\/2025\/10\/31\/6181\/","title":{"rendered":"Una mirada desde la investigaci\u00f3n aplicada a la acci\u00f3n clim\u00e1tica"},"content":{"rendered":"<h1 style=\"text-align: center;\" data-start=\"465\" data-end=\"565\">El webinar \u00abBosques y ciencia forestal para la acci\u00f3n clim\u00e1tica\u00bb ofreci\u00f3 una mirada desde la investigaci\u00f3n aplicada<\/h1>\n<p style=\"text-align: justify;\" data-start=\"567\" data-end=\"1114\">El pasad<strong>o 24 de octubre de 2025, el Foro de Bosques y Cambio Clim\u00e1tico<\/strong> celebr\u00f3 el webinar <strong data-start=\"665\" data-end=\"740\">\u201cBosques y Cambio Clim\u00e1tico: ciencia forestal para la acci\u00f3n clim\u00e1tica\u201d <\/strong>coincidiendo con el <strong data-start=\"665\" data-end=\"740\">D\u00eda Internacional contra el Cambio Clim\u00e1tico. <\/strong>Este encuentro en formato virtual tuvo como objetivo trasladar el conocimiento cient\u00edfico m\u00e1s reciente sobre la contribuci\u00f3n de los bosques a la mitigaci\u00f3n del cambio clim\u00e1tico y su papel esencial en las estrategias de adaptaci\u00f3n del territorio.<\/p>\n<p data-start=\"1116\" data-end=\"1598\">El evento fue organizado por el Foro y cont\u00f3 con la colaboraci\u00f3n de ICIFOR-INIA-CSIC, Escuela T\u00e9cnica Superior de Ingenier\u00eda de Montes, Forestal y del Medio Natural (UPM), Universidad Cat\u00f3lica de \u00c1vila (UCAV), Universidad de Valladolid &#8211; iuFOR, Fundaci\u00f3n para la investigaci\u00f3n del Clima (FIC) y la Universidad de Oviedo.<\/p>\n<p style=\"text-align: center;\" data-start=\"1116\" data-end=\"1598\"><div class=\"tx-youtube-outerwarp\" style=\"width: 100%\"><div class=\"tx-youtube-warp\" style=\"\"><iframe src=\"https:\/\/www.youtube.com\/embed\/5DpOuhp6Sms?controls=1&amp;showinfo=0&amp;rel=0&amp;autoplay=0\" frameborder=\"0\" allow=\"autoplay\" allowfullscreen><\/iframe><\/div><\/div>\n<hr data-start=\"1600\" data-end=\"1603\" \/>\n<p style=\"text-align: justify;\" data-start=\"1475\" data-end=\"1776\">En la apertura, Marta Corella, Vicepresidenta 2\u00aa del Foro de Bosques y Cambio Clim\u00e1tico, destac\u00f3 la importancia de <strong data-start=\"1544\" data-end=\"1632\">trasladar la evidencia cient\u00edfica a la gesti\u00f3n forestal y a las pol\u00edticas clim\u00e1ticas<\/strong>, recordando que la acci\u00f3n clim\u00e1tica debe basarse en conocimiento t\u00e9cnico y en el trabajo conjunto entre ciencia, administraci\u00f3n y territorio.<\/p>\n<p style=\"text-align: justify;\" data-start=\"1902\" data-end=\"2149\">Durante la jornada se presentaron seis ponencias que abordaron distintos aspectos del papel de los bosques en la acci\u00f3n clim\u00e1tica: desde la cuantificaci\u00f3n del carbono y la resiliencia frente a la sequ\u00eda, hasta la restauraci\u00f3n y las estrategias de manejo sostenible.<\/p>\n<hr data-start=\"2151\" data-end=\"2154\" \/>\n<h3 style=\"text-align: justify;\" data-start=\"2156\" data-end=\"2209\"><span style=\"color: #008000;\"><strong data-start=\"2163\" data-end=\"2209\">La estimaci\u00f3n de carbono en las repoblaciones forestales<\/strong><\/span><\/h3>\n<p style=\"text-align: justify;\" data-start=\"2210\" data-end=\"2634\">La primera intervenci\u00f3n, a cargo de <strong data-start=\"2246\" data-end=\"2272\">Rafael Calama<\/strong> del <strong data-start=\"2277\" data-end=\"2290\">INIA-CSIC<\/strong>, expuso los avances en la <strong data-start=\"2394\" data-end=\"2461\">estimaci\u00f3n de la captura de carbono en repoblaciones forestales<\/strong> a trav\u00e9s de modelos din\u00e1micos que combinan inventario forestal, crecimiento y teledetecci\u00f3n. Estos m\u00e9todos permiten mejorar la exactitud de los c\u00e1lculos de fijaci\u00f3n de carbono en bosques j\u00f3venes y aportan herramientas para los proyectos de compensaci\u00f3n y restauraci\u00f3n ecol\u00f3gica.<\/p>\n<hr data-start=\"2636\" data-end=\"2639\" \/>\n<h3 style=\"text-align: justify;\" data-start=\"2641\" data-end=\"2710\"><span style=\"color: #008000;\"><strong data-start=\"2648\" data-end=\"2710\">Mortalidad forestal y resiliencia ante el cambio clim\u00e1tico<\/strong><\/span><\/h3>\n<p style=\"text-align: justify;\" data-start=\"2711\" data-end=\"3208\">El seminario continu\u00f3 con la ponencia de <strong data-start=\"2735\" data-end=\"2761\">Rosana L\u00f3pez<\/strong>, Profesora Titular de la <strong><span data-olk-copy-source=\"MessageBody\">Universidad Polit\u00e9cnica de Madrid<\/span><\/strong>, que analiz\u00f3 el incremento de la mortalidad forestal en masas mediterr\u00e1neas, vinculada al aumento de la aridez y las olas de calor. El estudio destac\u00f3 la importancia de mantener una estructura forestal diversa y de incorporar criterios de adaptaci\u00f3n en la gesti\u00f3n para aumentar la resiliencia de las masas arb\u00f3reas frente a los escenarios clim\u00e1ticos futuros.<\/p>\n<hr data-start=\"3210\" data-end=\"3213\" \/>\n<h3 style=\"text-align: justify;\" data-start=\"3215\" data-end=\"3297\"><span style=\"color: #008000;\"><strong data-start=\"3222\" data-end=\"3297\">Pastoreo y carbono del suelo: sinergias entre conservaci\u00f3n y producci\u00f3n<\/strong><\/span><\/h3>\n<p style=\"text-align: justify;\" data-start=\"3298\" data-end=\"3706\"><strong data-start=\"3326\" data-end=\"3352\">Jorge Mongil<\/strong> de la <strong data-start=\"3359\" data-end=\"3400\">Universidad Cat\u00f3lica de \u00c1vila<\/strong>, uso en valor el pastoreo extensivo sostenible como herramienta de conservaci\u00f3n activa. Los resultados muestran que un manejo adecuado del ganado puede favorecer el secuestro de carbono en el suelo, reducir la carga de combustible vegetal y contribuir a la prevenci\u00f3n de incendios, integrando producci\u00f3n agroforestal y objetivos de mitigaci\u00f3n.<\/p>\n<hr data-start=\"3708\" data-end=\"3711\" \/>\n<h3 style=\"text-align: justify;\" data-start=\"3713\" data-end=\"3773\"><span style=\"color: #008000;\">La importancia del suelo en la Gesti\u00f3n Forestal Sostenible<\/span><\/h3>\n<p style=\"text-align: justify;\" data-start=\"3774\" data-end=\"4151\"><strong>Celia Herrero<\/strong>, de la <strong>Universidad de Valladolid &#8211; iuFOR<\/strong>, centr\u00f3 su intervenci\u00f3n en el papel del suelo en la gesti\u00f3n forestal y el desarrollo de indicadores\/seguimiento para evaluar su estado y la estabilidad de la materia org\u00e1nica. Destac\u00f3 la Ley de Vigilancia del Suelo de la UE, recientemente aprobada por el Parlamento Europeo, que marcar\u00e1 un antes y un despu\u00e9s al tratarse de\u00a0 la primera legislaci\u00f3n europea dedicada a garantizar suelos sanos para 2050, un objetivo clave para la seguridad alimentaria, la mitigaci\u00f3n del cambio clim\u00e1tico y la conservaci\u00f3n de los ecosistemas.<\/p>\n<h3 style=\"text-align: justify;\" data-start=\"3713\" data-end=\"3773\"><span style=\"color: #008000;\">Investigaci\u00f3n aplicada para aumentar la resiliencia de los bosques y fomentar los refugios de biodiversidad.\u00a0<\/span><\/h3>\n<p style=\"text-align: justify;\"><strong data-start=\"253\" data-end=\"281\">Jaime Ribalaygua Batalla<\/strong>, de la <strong data-start=\"289\" data-end=\"334\">Fundaci\u00f3n para la Investigaci\u00f3n del Clima<\/strong>, present\u00f3 el proyect<strong>o <\/strong>FORESTECCO, una iniciativa de investigaci\u00f3n aplicada centrada en la adaptaci\u00f3n de las especies forestales al cambio clim\u00e1tico. Present\u00f3 el visor interactivo del proyecto que ayuda a evaluar el impacto que va a tener diferentes escenarios de cambio clim\u00e1tico sobre las especies y los grupos gen\u00e9ticos junto con el impacto sobre sobre la fragmentaci\u00f3n y la conectividad. Esta plataforma digital permitir\u00e1 a administraciones, t\u00e9cnicos y gestores consultar proyecciones clim\u00e1ticas, vulnerabilidad de ecosistemas y potenciales \u00e1reas de refugio de biodiversidad.<\/p>\n<h3 style=\"text-align: justify;\" data-start=\"3713\" data-end=\"3773\"><span style=\"color: #008000;\">El suelo como sumidero de carbono<\/span><\/h3>\n<p data-start=\"3774\" data-end=\"4151\"><strong data-start=\"389\" data-end=\"416\">Asun C\u00e1mara Obreg\u00f3n<\/strong>, investigadora de la <strong data-start=\"438\" data-end=\"463\">Universidad de Oviedo<\/strong>, present\u00f3 los avances del proyecto Carbon2Mine e introdujo el concepto de miner\u00eda inversa, que consiste en extraer el carbono de la atm\u00f3sfera para devolverlo al planeta, mediante la restauraci\u00f3n del entorno con bosques y mejora de pastizales en cuencas mineras.<\/p>\n<hr data-start=\"4153\" data-end=\"4156\" \/>\n<h2 style=\"text-align: justify;\" data-start=\"4158\" data-end=\"4238\">Una conclusi\u00f3n compartida: los bosques, aliados frente al cambio clim\u00e1tico<\/h2>\n<p style=\"text-align: justify;\" data-start=\"4240\" data-end=\"4497\">El encuentro dej\u00f3 patente que la ciencia forestal espa\u00f1ola <strong data-start=\"4299\" data-end=\"4350\">tiene un papel clave en la transici\u00f3n ecol\u00f3gica<\/strong>, aportando datos, herramientas y modelos para medir, conservar y potenciar la capacidad de los ecosistemas forestales como sumideros de carbono.<\/p>\n<p style=\"text-align: justify;\" data-start=\"4499\" data-end=\"4721\">El D\u00eda Internacional contra el Cambio Clim\u00e1tico (24 de octubre), este webinar sirvi\u00f3 como recordatorio de que <strong data-start=\"4624\" data-end=\"4718\">los bosques son una de las soluciones naturales m\u00e1s efectivas frente a la crisis clim\u00e1tica<\/strong>.<\/p>\n<p style=\"text-align: justify;\" data-start=\"4723\" data-end=\"5002\">El Foro de Bosques y Cambio Clim\u00e1tico reafirma as\u00ed su compromiso con la difusi\u00f3n del conocimiento cient\u00edfico y la colaboraci\u00f3n entre instituciones para avanzar hacia una gesti\u00f3n forestal sostenible y clim\u00e1ticamente inteligente, en la que la ciencia se traduzca en acci\u00f3n.<\/p>\n","protected":false},"excerpt":{"rendered":"<p>El webinar \u00abBosques y ciencia forestal para la acci\u00f3n clim\u00e1tica\u00bb ofreci\u00f3 una mirada desde la investigaci\u00f3n aplicada El pasado 24 de octubre de 2025, el Foro de Bosques y Cambio Clim\u00e1tico celebr\u00f3<a class=\"moretag\" href=\"https:\/\/www.fbycc.org\/index.php\/2025\/10\/31\/6181\/\">Leer m\u00e1s&#8230;<\/a><\/p>\n","protected":false},"author":5,"featured_media":0,"comment_status":"closed","ping_status":"open","sticky":false,"template":"","format":"standard","meta":{"_monsterinsights_skip_tracking":false,"_monsterinsights_sitenote_active":false,"_monsterinsights_sitenote_note":"","_monsterinsights_sitenote_category":0,"footnotes":""},"categories":[11],"tags":[275,16,17,263,274],"class_list":["post-6181","post","type-post","status-publish","format-standard","hentry","category-noticias","tag-accion-climatica","tag-bosques","tag-cambio-climatico","tag-ciencia","tag-investigacion"],"_links":{"self":[{"href":"https:\/\/www.fbycc.org\/index.php\/wp-json\/wp\/v2\/posts\/6181","targetHints":{"allow":["GET"]}}],"collection":[{"href":"https:\/\/www.fbycc.org\/index.php\/wp-json\/wp\/v2\/posts"}],"about":[{"href":"https:\/\/www.fbycc.org\/index.php\/wp-json\/wp\/v2\/types\/post"}],"author":[{"embeddable":true,"href":"https:\/\/www.fbycc.org\/index.php\/wp-json\/wp\/v2\/users\/5"}],"replies":[{"embeddable":true,"href":"https:\/\/www.fbycc.org\/index.php\/wp-json\/wp\/v2\/comments?post=6181"}],"version-history":[{"count":7,"href":"https:\/\/www.fbycc.org\/index.php\/wp-json\/wp\/v2\/posts\/6181\/revisions"}],"predecessor-version":[{"id":6195,"href":"https:\/\/www.fbycc.org\/index.php\/wp-json\/wp\/v2\/posts\/6181\/revisions\/6195"}],"wp:attachment":[{"href":"https:\/\/www.fbycc.org\/index.php\/wp-json\/wp\/v2\/media?parent=6181"}],"wp:term":[{"taxonomy":"category","embeddable":true,"href":"https:\/\/www.fbycc.org\/index.php\/wp-json\/wp\/v2\/categories?post=6181"},{"taxonomy":"post_tag","embeddable":true,"href":"https:\/\/www.fbycc.org\/index.php\/wp-json\/wp\/v2\/tags?post=6181"}],"curies":[{"name":"wp","href":"https:\/\/api.w.org\/{rel}","templated":true}]}}