{"id":6139,"date":"2025-10-30T15:58:22","date_gmt":"2025-10-30T15:58:22","guid":{"rendered":"https:\/\/www.fbycc.org\/?p=6139"},"modified":"2025-10-30T15:58:22","modified_gmt":"2025-10-30T15:58:22","slug":"land-life-mas-de-una-decada-al-frente-de-la-restauracion-ambiental","status":"publish","type":"post","link":"https:\/\/www.fbycc.org\/index.php\/2025\/10\/30\/land-life-mas-de-una-decada-al-frente-de-la-restauracion-ambiental\/","title":{"rendered":"Land Life, m\u00e1s de una d\u00e9cada al frente de la restauraci\u00f3n ambiental"},"content":{"rendered":"<h1 style=\"text-align: center;\"><b>Land Life, m\u00e1s de una d\u00e9cada al frente de la restauraci\u00f3n ambiental en Espa\u00f1a y Portugal<\/b><\/h1>\n<h2><span style=\"font-weight: 600; color: #2d5015;\">Lo que somos: nuestra misi\u00f3n y enfoque\u00a0<\/span><\/h2>\n<p style=\"text-align: justify;\"><a href=\"https:\/\/landlifecompany.com\/es-es\"><b>Land Life Iberia<\/b><\/a><span style=\"font-weight: 400;\"> naci\u00f3 en 2018 con el objetivo de <\/span><b>recuperar tierras degradadas en la Pen\u00ednsula Ib\u00e9rica y fortalecer la naturaleza<\/b><span style=\"font-weight: 400;\"> a trav\u00e9s de la tecnolog\u00eda y la innovaci\u00f3n.<\/span><\/p>\n<p style=\"text-align: justify;\"><span style=\"font-weight: 400;\">Con <\/span><b>sede en Burgos<\/b><span style=\"font-weight: 400;\"> y un equipo de m\u00e1s de quince <\/span><b>profesionales del \u00e1mbito forestal<\/b><span style=\"font-weight: 400;\">, personas comprometidas y <\/span><b>profundamente unidas a nuestros montes<\/b><span style=\"font-weight: 400;\">, nos hemos consolidado como un <\/span><b>referente en restauraci\u00f3n ambiental y reforestaci\u00f3n de precisi\u00f3n<\/b><span style=\"font-weight: 400;\"> en Espa\u00f1a.\u00a0<\/span><\/p>\n<p><img loading=\"lazy\" decoding=\"async\" class=\"alignnone wp-image-6142 size-full\" src=\"https:\/\/www.fbycc.org\/wp-content\/uploads\/2025\/10\/402a4b8b-9867-4369-9ebd-18f141182b02-e1761838806322.jpg\" alt=\"\" width=\"2040\" height=\"1183\" srcset=\"https:\/\/www.fbycc.org\/wp-content\/uploads\/2025\/10\/402a4b8b-9867-4369-9ebd-18f141182b02-e1761838806322.jpg 2040w, https:\/\/www.fbycc.org\/wp-content\/uploads\/2025\/10\/402a4b8b-9867-4369-9ebd-18f141182b02-e1761838806322-300x174.jpg 300w, https:\/\/www.fbycc.org\/wp-content\/uploads\/2025\/10\/402a4b8b-9867-4369-9ebd-18f141182b02-e1761838806322-1024x594.jpg 1024w, https:\/\/www.fbycc.org\/wp-content\/uploads\/2025\/10\/402a4b8b-9867-4369-9ebd-18f141182b02-e1761838806322-768x445.jpg 768w, https:\/\/www.fbycc.org\/wp-content\/uploads\/2025\/10\/402a4b8b-9867-4369-9ebd-18f141182b02-e1761838806322-1536x891.jpg 1536w\" sizes=\"auto, (max-width: 2040px) 100vw, 2040px\" \/><\/p>\n<p style=\"text-align: center;\"><span style=\"font-size: 10pt;\"><i><span style=\"font-weight: 400;\">Equipo de Land Life en Espa\u00f1a y Portugal<\/span><\/i><\/span><\/p>\n<p style=\"text-align: justify;\"><img loading=\"lazy\" decoding=\"async\" class=\" wp-image-6143 alignright\" src=\"https:\/\/www.fbycc.org\/wp-content\/uploads\/2025\/10\/Quick-testimonial-2.png\" alt=\"\" width=\"362\" height=\"362\" srcset=\"https:\/\/www.fbycc.org\/wp-content\/uploads\/2025\/10\/Quick-testimonial-2.png 500w, https:\/\/www.fbycc.org\/wp-content\/uploads\/2025\/10\/Quick-testimonial-2-300x300.png 300w, https:\/\/www.fbycc.org\/wp-content\/uploads\/2025\/10\/Quick-testimonial-2-150x150.png 150w, https:\/\/www.fbycc.org\/wp-content\/uploads\/2025\/10\/Quick-testimonial-2-50x50.png 50w, https:\/\/www.fbycc.org\/wp-content\/uploads\/2025\/10\/Quick-testimonial-2-250x250.png 250w\" sizes=\"auto, (max-width: 362px) 100vw, 362px\" \/><\/p>\n<p style=\"text-align: justify;\"><span style=\"font-weight: 400;\">Nuestro trabajo se centra en los lugares donde m\u00e1s se necesita recuperar los ecosistemas y mejorar la biodiversidad: terrenos afectados por incendios forestales, el abandono rural u otras causas diversas. <\/span><b>Cada proyecto se adapta al tipo de paisaje y a su historia<\/b><span style=\"font-weight: 400;\">, para lograr una <\/span><b>restauraci\u00f3n duradera y coherente con el entorno y su gente<\/b><span style=\"font-weight: 400;\">.\u00a0<\/span><\/p>\n<p style=\"text-align: justify;\"><span style=\"font-weight: 400;\">Somos el \u00fanico desarrollador con <\/span><b>proyectos agrupados y validados en VERRA<\/b><span style=\"font-weight: 400;\"> que abarcan todo el territorio de la Pen\u00ednsula Ib\u00e9rica, tanto en Espa\u00f1a como en Portugal, lo que garantiza la <\/span><b>calidad, la trazabilidad y el seguimiento <\/b><span style=\"font-weight: 400;\">de nuestras acciones.<\/span><\/p>\n<p style=\"text-align: justify;\"><span style=\"font-weight: 400;\">A trav\u00e9s de la reforestaci\u00f3n y la restauraci\u00f3n ambiental, creamos <\/span><b>h\u00e1bitats que favorecen la fauna<\/b><span style=\"font-weight: 400;\"> y mejoran el paisaje mediante <\/span><b>especies aut\u00f3ctonas cuidadosamente seleccionadas<\/b><span style=\"font-weight: 400;\"> y el conocimiento acumulado a lo largo de todos estos a\u00f1os en el sector. Adem\u00e1s, contribuimos a <\/span><b>proteger el suelo frente a la erosi\u00f3n<\/b><span style=\"font-weight: 400;\">, fortaleciendo los ecosistemas locales y su capacidad de regeneraci\u00f3n.<\/span><\/p>\n<h2 style=\"text-align: justify;\"><span style=\"font-weight: 600; color: #2d5015;\">Generando valor para nuestros pueblos y ecosistemas<\/span><\/h2>\n<p style=\"text-align: justify;\"><span style=\"font-weight: 400;\">En <\/span><b>Land Life<\/b><span style=\"font-weight: 400;\">, entendemos <\/span><b>la reforestaci\u00f3n como mucho m\u00e1s que plantar \u00e1rboles<\/b><span style=\"font-weight: 400;\">: es una <\/span><b>herramienta de transformaci\u00f3n profunda<\/b><span style=\"font-weight: 400;\">. Cada proyecto que desarrollamos busca generar un impacto duradero en:<\/span><\/p>\n<ol style=\"text-align: justify;\">\n<li style=\"font-weight: 400;\" aria-level=\"1\"><span style=\"font-weight: 400;\">Lo medioambiental<\/span><\/li>\n<li style=\"font-weight: 400;\" aria-level=\"1\"><span style=\"font-weight: 400;\">La sociedad\u00a0<\/span><\/li>\n<li style=\"font-weight: 400;\" aria-level=\"1\"><span style=\"font-weight: 400;\">La econom\u00eda\u00a0\u00a0<\/span><\/li>\n<\/ol>\n<p style=\"text-align: justify;\"><span style=\"font-weight: 400;\">Nuestro trabajo se centra en crear <\/span><b>bosques resilientes<\/b><span style=\"font-weight: 400;\">, compuestos por <\/span><b>especies aut\u00f3ctonas<\/b><span style=\"font-weight: 400;\">, mixtas y de densidad media, capaces de afrontar las principales amenazas del cambio clim\u00e1tico.<\/span><\/p>\n<p><img loading=\"lazy\" decoding=\"async\" class=\" wp-image-6144 alignright\" src=\"https:\/\/www.fbycc.org\/wp-content\/uploads\/2025\/10\/Quick-testimonial-1.png\" alt=\"\" width=\"466\" height=\"466\" srcset=\"https:\/\/www.fbycc.org\/wp-content\/uploads\/2025\/10\/Quick-testimonial-1.png 500w, https:\/\/www.fbycc.org\/wp-content\/uploads\/2025\/10\/Quick-testimonial-1-300x300.png 300w, https:\/\/www.fbycc.org\/wp-content\/uploads\/2025\/10\/Quick-testimonial-1-150x150.png 150w, https:\/\/www.fbycc.org\/wp-content\/uploads\/2025\/10\/Quick-testimonial-1-50x50.png 50w, https:\/\/www.fbycc.org\/wp-content\/uploads\/2025\/10\/Quick-testimonial-1-250x250.png 250w\" sizes=\"auto, (max-width: 466px) 100vw, 466px\" \/><\/p>\n<p style=\"text-align: justify;\"><span style=\"font-weight: 400;\">La <\/span><b>biodiversidad y las comunidades locales<\/b><span style=\"font-weight: 400;\"> est\u00e1n <\/span><b>en el coraz\u00f3n de nuestra acci\u00f3n<\/b><span style=\"font-weight: 400;\">. Restauramos ecosistemas para <\/span><b>maximizar sus beneficios ecosist\u00e9micos<\/b><span style=\"font-weight: 400;\"> y, al mismo tiempo, <\/span><b>generar oportunidades econ\u00f3micas sostenibles<\/b><span style=\"font-weight: 400;\"> en el entorno rural.<\/span><\/p>\n<p style=\"text-align: justify;\"><span style=\"font-weight: 400;\">Pero para nosotros <\/span><b>la restauraci\u00f3n no se limita a los montes<\/b><span style=\"font-weight: 400;\">. En Land Life creemos que un bosque solo tiene sentido si es tambi\u00e9n un proyecto compartido. Por eso, trabajamos para que las comunidades locales (ayuntamientos, juntas vecinales, colegios y vecinos) conozcan y sientan el nuevo bosque como algo propio. <\/span><b>Ese sentido de pertenencia es fundamental. <\/b><b><br \/>\n<\/b><span style=\"font-weight: 400;\"><br \/>\n<\/span><span style=\"font-weight: 400;\">Desde el inicio de cada proyecto y a lo largo de los a\u00f1os, hemos desarrollado m\u00e1s de <\/span><b>60 actividades de educaci\u00f3n y participaci\u00f3n ambiental<\/b><span style=\"font-weight: 400;\">, con el objetivo de acercar la naturaleza a toda la comunidad y generar un impacto positivo m\u00e1s all\u00e1 del bosque.<\/span><\/p>\n<p style=\"text-align: justify;\"><span style=\"font-weight: 400;\">Entre nuestras acciones se incluyen <b>charlas educativas en colegios<\/b>, pensadas para que los m\u00e1s j\u00f3venes conozcan y valoren la riqueza de sus bosques y ecosistemas, fomentando el respeto y cuidado del entorno desde temprana edad. Tambi\u00e9n organizamos <b>talleres pr\u00e1cticos de plantaci\u00f3n<\/b>, donde los participantes experimentan de primera mano c\u00f3mo se crea y crece un bosque y comprenden la importancia de cada \u00e1rbol en el equilibrio del ecosistema.<\/span><\/p>\n<p style=\"text-align: justify;\"><span style=\"font-weight: 400;\">Cada proyecto tambi\u00e9n genera <\/span><b>empleo local y oportunidades econ\u00f3micas<\/b><span style=\"font-weight: 400;\">: trabajamos con viveros cercanos, contratamos personal de la zona para las plantaciones y el mantenimiento, y dinamizamos la econom\u00eda local a trav\u00e9s de servicios asociados como hosteler\u00eda y alojamientos. De este modo, <\/span><b>la reforestaci\u00f3n se convierte en un motor de desarrollo rural<\/b><span style=\"font-weight: 400;\">, aportando beneficios ambientales, sociales y econ\u00f3micos <\/span><b>que perduran en el tiempo.<\/b><\/p>\n<p><img loading=\"lazy\" decoding=\"async\" class=\"alignnone size-full wp-image-6145\" src=\"https:\/\/www.fbycc.org\/wp-content\/uploads\/2025\/10\/DSC02237-scaled.jpg\" alt=\"\" width=\"2560\" height=\"1708\" srcset=\"https:\/\/www.fbycc.org\/wp-content\/uploads\/2025\/10\/DSC02237-scaled.jpg 2560w, https:\/\/www.fbycc.org\/wp-content\/uploads\/2025\/10\/DSC02237-300x200.jpg 300w, https:\/\/www.fbycc.org\/wp-content\/uploads\/2025\/10\/DSC02237-1024x683.jpg 1024w, https:\/\/www.fbycc.org\/wp-content\/uploads\/2025\/10\/DSC02237-768x512.jpg 768w, https:\/\/www.fbycc.org\/wp-content\/uploads\/2025\/10\/DSC02237-1536x1025.jpg 1536w, https:\/\/www.fbycc.org\/wp-content\/uploads\/2025\/10\/DSC02237-2048x1366.jpg 2048w\" sizes=\"auto, (max-width: 2560px) 100vw, 2560px\" \/><\/p>\n<h2 style=\"text-align: justify;\"><span style=\"font-weight: 600; color: #2d5015;\">Liderazgo en tecnolog\u00eda e I+D aplicada<\/span><\/h2>\n<p style=\"text-align: justify;\"><span style=\"font-weight: 400;\">La I+D es un pilar fundamental para optimizar la eficiencia y conseguir la escala necesaria en la restauraci\u00f3n. En Land Life, mantenemos un liderazgo tecnol\u00f3gico inquebrantable:<\/span><\/p>\n<p style=\"text-align: justify;\"><b>Tecnolog\u00eda de precisi\u00f3n y rigor cient\u00edfico:<\/b><\/p>\n<ul style=\"text-align: justify;\">\n<li style=\"font-weight: 400;\" aria-level=\"1\"><b>Metodolog\u00eda diferencial:<\/b><span style=\"font-weight: 400;\"> Apostamos por la tecnolog\u00eda en <\/span><b>todas las fases<\/b><span style=\"font-weight: 400;\"> del proyecto: desde la evaluaci\u00f3n inicial del terreno hasta la monitorizaci\u00f3n a largo plazo.<\/span><\/li>\n<li style=\"font-weight: 400;\" aria-level=\"1\"><b>Monitoreo avanzado:<\/b><span style=\"font-weight: 400;\"> Utilizamos sens\u00f3rica remota, <\/span><b>teledetecci\u00f3n satelital<\/b><span style=\"font-weight: 400;\">, an\u00e1lisis cartogr\u00e1fico de las masas mediante sensores embarcados como c\u00e1maras (fotogrametr\u00eda) y LiDAR. Esta tecnolog\u00eda de \u00faltima generaci\u00f3n nos permite un <\/span><b>seguimiento cient\u00edfico, preciso y riguroso<\/b><span style=\"font-weight: 400;\"> de la absorci\u00f3n de carbono y el crecimiento de la masa forestal.<\/span><\/li>\n<li style=\"font-weight: 400;\" aria-level=\"1\"><b>Innovaci\u00f3n constante:<\/b><span style=\"font-weight: 400;\"> experimentaci\u00f3n sobre el uso de drones para la <\/span><b>siembra de especies pioneras (herb\u00e1ceas y arbustivas) con el objetivo de proteger los suelos muy degradados<\/b><span style=\"font-weight: 400;\">, el desarrollo de <\/span><a href=\"https:\/\/landlifecompany.com\/es-es\/updates\/revolutionizing-reforestation-introducing-tree-seeding-robot\"><span style=\"font-weight: 400;\">veh\u00edculos de plantaci\u00f3n aut\u00f3nomos<\/span><\/a><span style=\"font-weight: 400;\"> y la integraci\u00f3n de herramientas digitales para la gesti\u00f3n de datos.<\/span><\/li>\n<li style=\"font-weight: 400;\" aria-level=\"1\"><span style=\"font-weight: 400;\">Desarrollo de una calculadora de carbono propietaria llamada <\/span><b>FastTrack<\/b><span style=\"font-weight: 400;\"> que nos permite conocer con exactitud las absorciones de nuestros bosques.<\/span><\/li>\n<\/ul>\n<p style=\"text-align: justify;\"><b>I+D activa:<\/b><span style=\"font-weight: 400;\"> Recientemente, hemos iniciado <\/span><a href=\"https:\/\/canal.ugr.es\/noticia\/la-ugr-y-land-life-investigan-a-traves-de-la-nueva-aula-de-restauracion-ecologica-como-mejorar-la-reforestacion-con-semillas-encapsuladas-y-siembra-de-precision-con-drones\/\"><span style=\"font-weight: 400;\">proyectos de investigaci\u00f3n como el desarrollado junto a la Universidad de Granada<\/span><\/a><span style=\"font-weight: 400;\"> para aumentarla supervivencia de las semillas mediante encapsulados con productos disuasorios para los depredadores y desarrollando siembras de precisi\u00f3n por IA.<\/span><\/p>\n<p style=\"text-align: justify;\"><img loading=\"lazy\" decoding=\"async\" class=\"alignnone size-full wp-image-6146\" src=\"https:\/\/www.fbycc.org\/wp-content\/uploads\/2025\/10\/RemoteSensing.gif\" alt=\"\" width=\"1920\" height=\"1080\" \/><\/p>\n<p><span style=\"font-weight: 400;\">Con cada \u00e1rbol que plantamos, cada bosque que recuperamos y cada pueblo que acompa\u00f1amos, demostramos que la reforestaci\u00f3n es mucho m\u00e1s que restaurar tierras degradadas: es <\/span><b>transformar paisajes y fortalecer la vida en todas sus formas<\/b><span style=\"font-weight: 400;\">.<\/span><span style=\"font-weight: 400;\"><br \/>\n<\/span><b><br \/>\n<\/b><b>El futuro es la naturaleza, y cada d\u00eda lo tenemos m\u00e1s claro.<\/b><\/p>\n<p><span style=\"font-weight: 400;\">Os invitamos a acompa\u00f1arnos en esta reflexi\u00f3n sobre resiliencia, esfuerzo y futuro, de la mano de Santiago Mart\u00ednez, nuestro director de operaciones, que comparte su visi\u00f3n y experiencia en el art\u00edculo \u201cVentisqueros de ceniza en la tormenta perfecta\u201d.<\/span><span style=\"font-weight: 400;\"><br \/>\n<\/span><\/p>\n<h2><span style=\"color: #2d5015;\">Art\u00edculo de opini\u00f3n: <\/span><i><span style=\"font-weight: 600;\">Ventisqueros de ceniza en la tormenta perfecta <\/span><\/i><span style=\"font-weight: 600;\">por <\/span><a href=\"https:\/\/landlifecompany.com\/es-es\"><span style=\"font-weight: 600;\">Land Life<\/span><\/a><span style=\"font-weight: 600;\"> Iberia<\/span><\/h2>\n<p style=\"text-align: justify;\"><b>Reflexionemos sobre algo evidente:<\/b><span style=\"font-weight: 400;\"> los incendios forestales son ya uno de los principales riesgos clim\u00e1ticos, ambientales, sociales\u00a0 y econ\u00f3micos a los que se enfrenta Espa\u00f1a. Cada verano, y ya casi todo el a\u00f1o, el fuego provoca p\u00e9rdidas millonarias en extinci\u00f3n, destruye infraestructuras y reduce la productividad rural. Pero sus consecuencias van mucho m\u00e1s all\u00e1: vidas humanas arrebatadas, ecosistemas y su biodiversidad afectados y toneladas de carbono emitidas a la atm\u00f3sfera.\u00a0<\/span><\/p>\n<p style=\"text-align: justify;\"><b>El siguiente punto es claro: <\/b><span style=\"font-weight: 400;\">el problema no se limita a la emergencia clim\u00e1tica y en su ra\u00edz est\u00e1 la falta de gesti\u00f3n activa del territorio. En una Espa\u00f1a en la que m\u00e1s de la mitad de su superficie es forestal, el 72% de \u00e9sta es privada y est\u00e1 muy fragmentada o m\u00e1s bien atomizada. Esto supone una gran dificultad para planificar, coordinar e invertir en prevenci\u00f3n. Sin estructuras de gobernanza adecuadas ni instrumentos de apoyo econ\u00f3mico, millones de hect\u00e1reas permanecen en abandono o en deficiente gesti\u00f3n, con exceso de combustible acumulado y con bosques en un nivel inaceptable de riesgo de <\/span><i><span style=\"font-weight: 400;\">no permanencia<\/span><\/i><span style=\"font-weight: 400;\">. Riesgo que, si no cambiamos pronto las cosas, terminar\u00e1 por ahuyentar la inversi\u00f3n privada, tan necesaria y clave en nuestra realidad.<\/span><\/p>\n<p><img loading=\"lazy\" decoding=\"async\" class=\"size-full wp-image-6159 aligncenter\" src=\"https:\/\/www.fbycc.org\/wp-content\/uploads\/2025\/10\/DSC08209-scaled.jpg\" alt=\"\" width=\"2560\" height=\"1708\" srcset=\"https:\/\/www.fbycc.org\/wp-content\/uploads\/2025\/10\/DSC08209-scaled.jpg 2560w, https:\/\/www.fbycc.org\/wp-content\/uploads\/2025\/10\/DSC08209-300x200.jpg 300w, https:\/\/www.fbycc.org\/wp-content\/uploads\/2025\/10\/DSC08209-1024x683.jpg 1024w, https:\/\/www.fbycc.org\/wp-content\/uploads\/2025\/10\/DSC08209-768x512.jpg 768w, https:\/\/www.fbycc.org\/wp-content\/uploads\/2025\/10\/DSC08209-1536x1025.jpg 1536w, https:\/\/www.fbycc.org\/wp-content\/uploads\/2025\/10\/DSC08209-2048x1366.jpg 2048w\" sizes=\"auto, (max-width: 2560px) 100vw, 2560px\" \/><\/p>\n<p style=\"text-align: center;\"><i><span style=\"font-weight: 400;\">Trabajador de Land Life en un proyecto de reforestaci\u00f3n tras un incendio forestal<\/span><\/i><\/p>\n<p style=\"text-align: justify;\"><span style=\"font-weight: 400;\">Es urgente que las administraciones p\u00fablicas impulsen soluciones para superar este obst\u00e1culo estructural. La falta de gobernanza y de incentivos a la propiedad privada no puede seguir siendo una barrera para la gesti\u00f3n forestal. Se necesitan f\u00f3rmulas legales y financieras que permitan actuar en fincas privadas y colectivas de manera eficiente, fomentando agrupaciones de propietarios, concentraciones parcelarias, incentivos fiscales, fondos forestales estables y seguros efectivos.<\/span><\/p>\n<p style=\"text-align: justify;\"><b>La prevenci\u00f3n debe entenderse como lo que realmente es: una inversi\u00f3n estrat\u00e9gica.<\/b><b><br \/>\n<\/b><span style=\"font-weight: 400;\">El dato es claro: cada euro invertido en gesti\u00f3n forestal puede evitar hasta cien en extinci\u00f3n y da\u00f1os posteriores. Adem\u00e1s, una pol\u00edtica activa en los montes dinamiza la bioeconom\u00eda, crea empleo rural y genera toda esa pl\u00e9tora de materias primas renovables como madera, corcho, resina o biomasa, que sustituyen materiales intensivos en carbono.<\/span><\/p>\n<p style=\"text-align: justify;\"><span style=\"font-weight: 400;\">Como bien explicaba este verano Bego\u00f1a \u00c1lvarez-Farizo desde el Grupo de Restauraci\u00f3n Ecol\u00f3gica del CSIC, necesitamos reequilibrar el gasto, elegir especies con criterio, contar con dispositivos profesionales estables, impulsar ordenanzas municipales que exijan franjas de autoprotecci\u00f3n y planes de emergencia, reportar m\u00e9tricas anuales de superficie y biomasa, ligar la financiaci\u00f3n a resultados verificables, desmontar falsos mensajes que confunden prevenci\u00f3n con prohibici\u00f3n y, tras el fuego, apostar siempre por una restauraci\u00f3n inteligente.<\/span><\/p>\n<p><img loading=\"lazy\" decoding=\"async\" class=\"alignnone size-full wp-image-6161\" src=\"https:\/\/www.fbycc.org\/wp-content\/uploads\/2025\/10\/Captura-de-pantalla-2025-10-30-163642.png\" alt=\"\" width=\"1328\" height=\"821\" srcset=\"https:\/\/www.fbycc.org\/wp-content\/uploads\/2025\/10\/Captura-de-pantalla-2025-10-30-163642.png 1328w, https:\/\/www.fbycc.org\/wp-content\/uploads\/2025\/10\/Captura-de-pantalla-2025-10-30-163642-300x185.png 300w, https:\/\/www.fbycc.org\/wp-content\/uploads\/2025\/10\/Captura-de-pantalla-2025-10-30-163642-1024x633.png 1024w, https:\/\/www.fbycc.org\/wp-content\/uploads\/2025\/10\/Captura-de-pantalla-2025-10-30-163642-768x475.png 768w\" sizes=\"auto, (max-width: 1328px) 100vw, 1328px\" \/><\/p>\n<p style=\"text-align: center;\"><i><span style=\"font-weight: 400;\">El compromiso y conocimiento de la gente de los pueblos es esencial para restaurar paisajes degradados. En la imagen, una trabajadora de Land Life conversa con un vecino de un pueblo afectado por un incendio forestal.<\/span><\/i><\/p>\n<p style=\"text-align: justify;\"><b>Ni lo p\u00fablico ni lo privado pueden alcanzar por s\u00ed solos objetivos tangibles.<\/b><span style=\"font-weight: 400;\"><br \/>\n<\/span><span style=\"font-weight: 400;\">Necesitamos buenas pol\u00edticas y, del mismo modo, la implicaci\u00f3n de la esfera privada para avanzar hacia modelos de financiaci\u00f3n mixta y niveles adecuados de inversi\u00f3n. La experiencia demuestra que solo mediante la colaboraci\u00f3n entre ambos \u00e1mbitos se podr\u00e1n alcanzar los objetivos necesarios.<\/span><\/p>\n<p style=\"text-align: justify;\"><span style=\"font-weight: 400;\">Las empresas pueden desempe\u00f1ar un papel decisivo apoyando proyectos de restauraci\u00f3n y de gesti\u00f3n forestal, invirtiendo en la recuperaci\u00f3n de hoy y asegurando una mayor resiliencia futura.<\/span><\/p>\n<p style=\"text-align: justify;\"><span style=\"font-weight: 400;\">El Foro de Bosques y Cambio Clim\u00e1tico lo resume con claridad: sin gesti\u00f3n del territorio y sin contar con el propietario forestal, no hay prevenci\u00f3n posible. Y sin prevenci\u00f3n, no hay futuro para nuestros bosques.<\/span><\/p>\n<p style=\"text-align: justify;\"><span style=\"font-weight: 400;\">Es el momento de que las administraciones reconozcan la excepcionalidad forestal ib\u00e9rica y activen los instrumentos que hagan viable la gesti\u00f3n activa de nuestro patrimonio forestal. Y es tambi\u00e9n el momento de que las empresas contribuyan de forma decisiva a generar impactos positivos en la naturaleza. Porque si no lo hacemos, seguiremos atrapados en esos ventisqueros, en\u00a0 tormenta perfecta, donde se acumulan los remolinos de debate, de discusi\u00f3n y de la propia ceniza que dejan los montes tras los incendios, un muro que tarde o temprano se convertir\u00e1 en lodo si no lo evitamos y remediamos.\u00a0<\/span><\/p>\n<p style=\"text-align: justify;\"><span style=\"font-weight: 400;\">Al fin y al cabo, <\/span><b>el futuro de nuestros bosques es inseparable del futuro de nuestra sociedad.<\/b><\/p>\n<p style=\"text-align: justify;\"><span style=\"color: #808080;\"><b>Dr. Santiago Mart\u00ednez, Director de operaciones e ingeniero de Montes en Land Life Iberia<\/b><\/span><\/p>\n<p>&nbsp;<\/p>\n","protected":false},"excerpt":{"rendered":"<p>Land Life, m\u00e1s de una d\u00e9cada al frente de la restauraci\u00f3n ambiental en Espa\u00f1a y Portugal Lo que somos: nuestra misi\u00f3n y enfoque\u00a0 Land Life Iberia naci\u00f3 en 2018 con el objetivo<a class=\"moretag\" href=\"https:\/\/www.fbycc.org\/index.php\/2025\/10\/30\/land-life-mas-de-una-decada-al-frente-de-la-restauracion-ambiental\/\">Leer m\u00e1s&#8230;<\/a><\/p>\n","protected":false},"author":5,"featured_media":0,"comment_status":"closed","ping_status":"open","sticky":false,"template":"","format":"standard","meta":{"_monsterinsights_skip_tracking":false,"_monsterinsights_sitenote_active":false,"_monsterinsights_sitenote_note":"","_monsterinsights_sitenote_category":0,"footnotes":""},"categories":[11],"tags":[16,273],"class_list":["post-6139","post","type-post","status-publish","format-standard","hentry","category-noticias","tag-bosques","tag-nuestros-socios"],"_links":{"self":[{"href":"https:\/\/www.fbycc.org\/index.php\/wp-json\/wp\/v2\/posts\/6139","targetHints":{"allow":["GET"]}}],"collection":[{"href":"https:\/\/www.fbycc.org\/index.php\/wp-json\/wp\/v2\/posts"}],"about":[{"href":"https:\/\/www.fbycc.org\/index.php\/wp-json\/wp\/v2\/types\/post"}],"author":[{"embeddable":true,"href":"https:\/\/www.fbycc.org\/index.php\/wp-json\/wp\/v2\/users\/5"}],"replies":[{"embeddable":true,"href":"https:\/\/www.fbycc.org\/index.php\/wp-json\/wp\/v2\/comments?post=6139"}],"version-history":[{"count":18,"href":"https:\/\/www.fbycc.org\/index.php\/wp-json\/wp\/v2\/posts\/6139\/revisions"}],"predecessor-version":[{"id":6166,"href":"https:\/\/www.fbycc.org\/index.php\/wp-json\/wp\/v2\/posts\/6139\/revisions\/6166"}],"wp:attachment":[{"href":"https:\/\/www.fbycc.org\/index.php\/wp-json\/wp\/v2\/media?parent=6139"}],"wp:term":[{"taxonomy":"category","embeddable":true,"href":"https:\/\/www.fbycc.org\/index.php\/wp-json\/wp\/v2\/categories?post=6139"},{"taxonomy":"post_tag","embeddable":true,"href":"https:\/\/www.fbycc.org\/index.php\/wp-json\/wp\/v2\/tags?post=6139"}],"curies":[{"name":"wp","href":"https:\/\/api.w.org\/{rel}","templated":true}]}}