{"id":6122,"date":"2025-10-15T07:52:48","date_gmt":"2025-10-15T07:52:48","guid":{"rendered":"https:\/\/www.fbycc.org\/?p=6122"},"modified":"2025-10-15T07:52:48","modified_gmt":"2025-10-15T07:52:48","slug":"los-productores-primarios-piden-una-ambiciosa-estrategia-de-bioeconomia","status":"publish","type":"post","link":"https:\/\/www.fbycc.org\/index.php\/2025\/10\/15\/los-productores-primarios-piden-una-ambiciosa-estrategia-de-bioeconomia\/","title":{"rendered":"Los productores primarios piden una ambiciosa Estrategia de Bioeconom\u00eda"},"content":{"rendered":"<h1 style=\"text-align: center;\"><span dir=\"auto\" style=\"font-size: 24pt;\">Los productores primarios europeos piden una ambiciosa Estrategia de Bioeconom\u00eda de la UE que reconozca el papel clave de nuestros sectores agr\u00edcola y forestal<\/span><\/h1>\n<p style=\"text-align: justify;\"><strong>Hoy, la CEPF, la COPA-COGECA y la EUSTAFOR han organizado en Bruselas una serie de debates sobre \u00abImpulsar una bioeconom\u00eda agr\u00edcola y forestal competitiva y resiliente en la UE\u00bb con el fin de explorar c\u00f3mo la UE puede aprovechar su bioeconom\u00eda para mejorar la autonom\u00eda estrat\u00e9gica, la sostenibilidad y el desarrollo rural.<\/strong><\/p>\n<p style=\"text-align: justify;\">El comisario de Agricultura y Alimentaci\u00f3n, Christophe Hansen, record\u00f3 que \u00ablos agricultores y silvicultores proporcionan muchas garant\u00edas diferentes. No solo garantizan la seguridad alimentaria, sino que tambi\u00e9n desempe\u00f1an un papel en la seguridad energ\u00e9tica, donde existe un enorme potencial sin explotar, adem\u00e1s de desarrollar las zonas rurales\u00bb.<\/p>\n<p style=\"text-align: justify;\">En un contexto de inestabilidad geopol\u00edtica y retos clim\u00e1ticos, las organizaciones hicieron hincapi\u00e9 en el papel fundamental de una bioeconom\u00eda descentralizada y competitiva. Una bioeconom\u00eda que sit\u00fae en el centro la producci\u00f3n y el uso sostenibles de la biomasa. La nueva estrategia de bioeconom\u00eda de la UE debe reconocer todo el potencial de los agricultores, los propietarios forestales y los gestores para apoyar la transici\u00f3n ecol\u00f3gica de Europa y hacer frente a la mitigaci\u00f3n del cambio clim\u00e1tico mediante la sustituci\u00f3n de los materiales y combustibles f\u00f3siles.<\/p>\n<p style=\"text-align: justify;\">El comisario declar\u00f3: \u00abDebemos abstenernos de introducir nuevas regulaciones que supongan una carga administrativa. M\u00e1s bien, debemos reconocer que los productos agr\u00edcolas y forestales europeos ya est\u00e1n sujetos a criterios de sostenibilidad que se encuentran entre los m\u00e1s estrictos del mundo\u00bb.<\/p>\n<p style=\"text-align: justify;\">El evento de esta ma\u00f1ana ha contado con discursos de apertura, mesas redondas y ejemplos concretos de c\u00f3mo los agricultores y las cooperativas agr\u00edcolas, as\u00ed como los propietarios y gestores forestales, est\u00e1n impulsando la transici\u00f3n hacia una econom\u00eda circular y basada en la bioeconom\u00eda. Los debates han hecho hincapi\u00e9 en la necesidad de confianza, coherencia y apoyo en materia de pol\u00edticas, estabilidad, investigaci\u00f3n e innovaci\u00f3n, as\u00ed como de una estrecha cooperaci\u00f3n para aprovechar todo el potencial de los recursos renovables de Europa.<\/p>\n<p>&nbsp;<\/p>\n<p><span style=\"font-size: 10pt;\">Traducido de <a href=\"https:\/\/eustafor.eu\/22551-2\/\">www.eustafor.eu<\/a><\/span><\/p>\n<p style=\"text-align: justify;\"><span style=\"font-size: 10pt;\">*CEPF La Confederaci\u00f3n Europea de Propietarios Forestales (CEPF) representa a las organizaciones nacionales de propietarios forestales de Europa. A nivel de la UE, la CEPF promueve los valores de la gesti\u00f3n forestal sostenible, la propiedad privada y la viabilidad econ\u00f3mica del sector forestal.<\/span><\/p>\n<p style=\"text-align: justify;\"><span style=\"font-size: 10pt;\">*COPA y COCEGA son la voz unida de los agricultores y las cooperativas agr\u00edcolas de la UE. Juntos, velamos por que la agricultura de la UE sea sostenible, innovadora y competitiva, al tiempo que garantizamos la seguridad alimentaria de 500 millones de personas en toda Europa.<\/span><\/p>\n<p style=\"text-align: justify;\"><span style=\"font-size: 10pt;\">*EUSTAFOR representa a 39 organizaciones forestales estatales de 27 pa\u00edses europeos, que gestionan de forma sostenible m\u00e1s de 54 millones de hect\u00e1reas de bosques. EUSTAFOR promueve el impacto positivo de la gesti\u00f3n forestal estatal en la sociedad, aline\u00e1ndose con los objetivos europeos de sostenibilidad y tratando de alcanzarlos.<\/span><\/p>\n","protected":false},"excerpt":{"rendered":"<p>Los productores primarios europeos piden una ambiciosa Estrategia de Bioeconom\u00eda de la UE que reconozca el papel clave de nuestros sectores agr\u00edcola y forestal Hoy, la CEPF, la COPA-COGECA y la EUSTAFOR<a class=\"moretag\" href=\"https:\/\/www.fbycc.org\/index.php\/2025\/10\/15\/los-productores-primarios-piden-una-ambiciosa-estrategia-de-bioeconomia\/\">Leer m\u00e1s&#8230;<\/a><\/p>\n","protected":false},"author":5,"featured_media":0,"comment_status":"closed","ping_status":"open","sticky":false,"template":"","format":"standard","meta":{"_monsterinsights_skip_tracking":false,"_monsterinsights_sitenote_active":false,"_monsterinsights_sitenote_note":"","_monsterinsights_sitenote_category":0,"footnotes":""},"categories":[11],"tags":[],"class_list":["post-6122","post","type-post","status-publish","format-standard","hentry","category-noticias"],"_links":{"self":[{"href":"https:\/\/www.fbycc.org\/index.php\/wp-json\/wp\/v2\/posts\/6122","targetHints":{"allow":["GET"]}}],"collection":[{"href":"https:\/\/www.fbycc.org\/index.php\/wp-json\/wp\/v2\/posts"}],"about":[{"href":"https:\/\/www.fbycc.org\/index.php\/wp-json\/wp\/v2\/types\/post"}],"author":[{"embeddable":true,"href":"https:\/\/www.fbycc.org\/index.php\/wp-json\/wp\/v2\/users\/5"}],"replies":[{"embeddable":true,"href":"https:\/\/www.fbycc.org\/index.php\/wp-json\/wp\/v2\/comments?post=6122"}],"version-history":[{"count":5,"href":"https:\/\/www.fbycc.org\/index.php\/wp-json\/wp\/v2\/posts\/6122\/revisions"}],"predecessor-version":[{"id":6127,"href":"https:\/\/www.fbycc.org\/index.php\/wp-json\/wp\/v2\/posts\/6122\/revisions\/6127"}],"wp:attachment":[{"href":"https:\/\/www.fbycc.org\/index.php\/wp-json\/wp\/v2\/media?parent=6122"}],"wp:term":[{"taxonomy":"category","embeddable":true,"href":"https:\/\/www.fbycc.org\/index.php\/wp-json\/wp\/v2\/categories?post=6122"},{"taxonomy":"post_tag","embeddable":true,"href":"https:\/\/www.fbycc.org\/index.php\/wp-json\/wp\/v2\/tags?post=6122"}],"curies":[{"name":"wp","href":"https:\/\/api.w.org\/{rel}","templated":true}]}}