{"id":612,"date":"2016-07-29T09:42:21","date_gmt":"2016-07-29T09:42:21","guid":{"rendered":"http:\/\/www.fbycc.org\/?p=612"},"modified":"2019-06-18T12:48:50","modified_gmt":"2019-06-18T12:48:50","slug":"europa-propone-la-inclusion-de-las-actividades-lulucf-en-la-contabilidad-de-co2","status":"publish","type":"post","link":"https:\/\/www.fbycc.org\/index.php\/2016\/07\/29\/europa-propone-la-inclusion-de-las-actividades-lulucf-en-la-contabilidad-de-co2\/","title":{"rendered":"La UE propone incluir las actividades LULUCF en la contabilidad de CO2"},"content":{"rendered":"<p style=\"text-align: justify;\">Espa\u00f1a necesita \u00abcasi triplicar los esfuerzos\u00bb para \u00abcumplir con los nuevos objetivos\u00bb de reducci\u00f3n de emisiones de CO2 para el a\u00f1o 2030 a partir de la base que se est\u00e1 llevando a cabo \u00abpero que sin lugar a dudas necesita reforzarse\u00bb seg\u00fan el Ministerio de Agricultura, Alimentaci\u00f3n y Medio Ambiente (MAGRAMA).<\/p>\n<p style=\"text-align: justify;\">As\u00ed lo ha indicado en un comunicado, en el que se\u00f1ala que el paquete de medidas anunciado el 20 de julio por la Comisi\u00f3n Europea para acelerar la transici\u00f3n hacia un desarrollo bajo en carbono y dar cumplimiento al Acuerdo de la Cumbre de Par\u00eds (COP21) \u201cda una se\u00f1al muy positiva al resto del mundo\u201d.<\/p>\n<p style=\"text-align: justify;\">A Espa\u00f1a le han asignado un objetivo de reducci\u00f3n del 26% de las emisiones de CO2 (el principal gas de efecto invernadero) en el a\u00f1o 2030 en comparaci\u00f3n con las emisiones del a\u00f1o 2005.<\/p>\n<p style=\"text-align: justify;\">Como elemento destacable citan la <strong>inclusi\u00f3n de las denominadas actividades LULUCF<\/strong> (Land Use, Land-Use Change and Forestry) vinculadas a usos del suelo como forestaci\u00f3n, reforestaci\u00f3n y deforestaci\u00f3n, gesti\u00f3n de tierras agr\u00edcolas y de pastizales, entre otras. Ello permitir\u00e1 contabilizar como absorciones un m\u00e1ximo de 29,1 millones de toneladas de CO2 equivalentes procedentes de estas actividades para todo el periodo 2021-2030. Cifra ligeramente superior a la que fijaba el Protocolo de Kyoto para un periodo similar (24,56 MtCO<sub>2<\/sub>eq) que dista mucho de los 120 MtCO<sub>2<\/sub>eq que se estima fija la superficie forestal espa\u00f1ola cada a\u00f1o.<\/p>\n<p style=\"text-align: justify;\">La UE tiene, en conjunto, el <strong>objetivo de reducci\u00f3n de emisiones<\/strong> \u201cm\u00e1s ambicioso de los 190 presentados ante Naciones Unidas, <strong>al menos un 40% en 2030<\/strong> respecto a los niveles de 1990, que hoy se demuestra podemos lograr a trav\u00e9s de los esfuerzos colectivos de todos los Estados Miembros\u201d.\u00a0Por ello consideran que \u201cel liderazgo europeo en la acci\u00f3n contra el cambio clim\u00e1tico es claro\u201d, se\u00f1ala la nota.<\/p>\n<p style=\"text-align: justify;\">El Ministerio subraya que desde Espa\u00f1a se est\u00e1 estudiando con detalle la propuesta de la Comisi\u00f3n Europea, \u201cque deber\u00e1 ser equilibrada y equitativa. Tambi\u00e9n analizaremos en profundidad las flexibilidades y reglas que regir\u00e1n tanto el \u00e1mbito de los sectores difusos (transporte, residuos, residencial) como la contabilidad de LULUCF\u201d.<\/p>\n<p style=\"text-align: justify;\">La propuesta, a\u00f1aden, respeta plenamente las directrices del Consejo Europeo y se ci\u00f1e para establecer los diferentes objetivos nacionales al criterio PIB per c\u00e1pita. Los Estados Miembro \u201ccon mayores rentas tienen objetivos m\u00e1s ambiciosos, y de manera adicional se contemplan diferentes flexibilidades para ajustar los objetivos\u201d, seg\u00fan el MAGRAMA.<\/p>\n<p style=\"text-align: justify;\"><strong><em>Puede descargarse la propuesta en los siguientes enlaces:<\/em><\/strong><\/p>\n<p style=\"text-align: justify;\"><a href=\"http:\/\/ec.europa.eu\/transparency\/regdoc\/rep\/1\/2016\/EN\/1-2016-479-EN-F1-1.PDF\">&gt;&gt; Proposal for a REGULATION OF THE EUROPEAN PARLIAMENT AND OF THE COUNCIL on the inclusion of greenhouse gas emissions and removals from land use, land use change and forestry into the 2030 climate and energy framework and amending Regulation No 525\/2013 of the European Parliament and the Council on a mechanism for monitoring and reporting greenhouse gas emissions and other information relevant to climate change.<\/a><\/p>\n<p><a href=\"http:\/\/ec.europa.eu\/transparency\/regdoc\/rep\/1\/2016\/EN\/1-2016-479-EN-F1-1-ANNEX-1.PDF\">&gt;&gt; Annexes<\/a><\/p>\n","protected":false},"excerpt":{"rendered":"<p>Espa\u00f1a necesita \u00abcasi triplicar los esfuerzos\u00bb para \u00abcumplir con los nuevos objetivos\u00bb de reducci\u00f3n de emisiones de CO2 para el a\u00f1o 2030 a partir de la base que se est\u00e1 llevando a<a class=\"moretag\" href=\"https:\/\/www.fbycc.org\/index.php\/2016\/07\/29\/europa-propone-la-inclusion-de-las-actividades-lulucf-en-la-contabilidad-de-co2\/\">Leer m\u00e1s&#8230;<\/a><\/p>\n","protected":false},"author":2,"featured_media":0,"comment_status":"closed","ping_status":"open","sticky":false,"template":"","format":"standard","meta":{"_monsterinsights_skip_tracking":false,"_monsterinsights_sitenote_active":false,"_monsterinsights_sitenote_note":"","_monsterinsights_sitenote_category":0,"footnotes":""},"categories":[11],"tags":[19,16,28,27,29],"class_list":["post-612","post","type-post","status-publish","format-standard","hentry","category-noticias","tag-acuerdo-de-paris","tag-bosques","tag-contabilidad","tag-lulucf","tag-reduccion-de-emisiones"],"_links":{"self":[{"href":"https:\/\/www.fbycc.org\/index.php\/wp-json\/wp\/v2\/posts\/612","targetHints":{"allow":["GET"]}}],"collection":[{"href":"https:\/\/www.fbycc.org\/index.php\/wp-json\/wp\/v2\/posts"}],"about":[{"href":"https:\/\/www.fbycc.org\/index.php\/wp-json\/wp\/v2\/types\/post"}],"author":[{"embeddable":true,"href":"https:\/\/www.fbycc.org\/index.php\/wp-json\/wp\/v2\/users\/2"}],"replies":[{"embeddable":true,"href":"https:\/\/www.fbycc.org\/index.php\/wp-json\/wp\/v2\/comments?post=612"}],"version-history":[{"count":4,"href":"https:\/\/www.fbycc.org\/index.php\/wp-json\/wp\/v2\/posts\/612\/revisions"}],"predecessor-version":[{"id":724,"href":"https:\/\/www.fbycc.org\/index.php\/wp-json\/wp\/v2\/posts\/612\/revisions\/724"}],"wp:attachment":[{"href":"https:\/\/www.fbycc.org\/index.php\/wp-json\/wp\/v2\/media?parent=612"}],"wp:term":[{"taxonomy":"category","embeddable":true,"href":"https:\/\/www.fbycc.org\/index.php\/wp-json\/wp\/v2\/categories?post=612"},{"taxonomy":"post_tag","embeddable":true,"href":"https:\/\/www.fbycc.org\/index.php\/wp-json\/wp\/v2\/tags?post=612"}],"curies":[{"name":"wp","href":"https:\/\/api.w.org\/{rel}","templated":true}]}}