{"id":6053,"date":"2025-09-15T13:31:02","date_gmt":"2025-09-15T13:31:02","guid":{"rendered":"https:\/\/www.fbycc.org\/?p=6053"},"modified":"2025-09-15T13:31:02","modified_gmt":"2025-09-15T13:31:02","slug":"nace-la-asociacion-agefem-para-impulsar-la-madera-en-la-construccion","status":"publish","type":"post","link":"https:\/\/www.fbycc.org\/index.php\/2025\/09\/15\/nace-la-asociacion-agefem-para-impulsar-la-madera-en-la-construccion\/","title":{"rendered":"Nace la asociaci\u00f3n AGEFEM para impulsar la madera en la construcci\u00f3n"},"content":{"rendered":"<p style=\"text-align: center;\"><span style=\"font-size: 24pt;\"><strong>Nace la Asociaci\u00f3n para la Gesti\u00f3n Forestal y la Edificaci\u00f3n con Madera, AGEFEM para impulsar la madera en la construcci\u00f3n<\/strong><\/span><\/p>\n<p style=\"text-align: left;\"><img loading=\"lazy\" decoding=\"async\" class=\"alignnone  wp-image-6054\" src=\"https:\/\/www.fbycc.org\/wp-content\/uploads\/2025\/09\/AGEFEM-NEWS-001_A-768x247-1.jpg\" alt=\"\" width=\"1177\" height=\"378\" srcset=\"https:\/\/www.fbycc.org\/wp-content\/uploads\/2025\/09\/AGEFEM-NEWS-001_A-768x247-1.jpg 768w, https:\/\/www.fbycc.org\/wp-content\/uploads\/2025\/09\/AGEFEM-NEWS-001_A-768x247-1-300x96.jpg 300w\" sizes=\"auto, (max-width: 1177px) 100vw, 1177px\" \/><\/p>\n<p style=\"text-align: justify;\">Nace la <strong>Asociaci\u00f3n para la Gesti\u00f3n Forestal y la Edificaci\u00f3n con Madera<\/strong>, <strong>AGEFEM<\/strong>, con el prop\u00f3sito de fomentar el uso de la madera en la construcci\u00f3n de viviendas como palanca estrat\u00e9gica para promover una gesti\u00f3n forestal adaptativa y digital que revitalice la bioeconom\u00eda forestal nacional y el territorio rural.<\/p>\n<p style=\"text-align: justify;\">AGEFEM surge tras los <strong>devastadores incendios<\/strong> ocurridos en Espa\u00f1a durante el verano de 2025 con unos <strong>objetivos<\/strong> claros:<\/p>\n<ul style=\"text-align: justify;\">\n<li style=\"text-align: left;\">Fomentar el<strong> uso de la madera<\/strong> en la construcci\u00f3n de viviendas, como motor de transformaci\u00f3n para una gesti\u00f3n forestal sostenible, adaptativa, y digital.<\/li>\n<li style=\"text-align: left;\">Promover la<strong> innovaci\u00f3n tecnol\u00f3gica<\/strong> en la cadena monte-industria, especialmente en procesos de trazabilidad, digitalizaci\u00f3n y cumplimiento del Reglamento sobre Productos Libres de Deforestaci\u00f3n (EUDR) de la UE.<\/li>\n<li style=\"text-align: left;\">Participar en el <strong>debate p\u00fablico<\/strong> sobre el acceso a la vivienda, proponiendo alternativas constructivas con madera como soluci\u00f3n viable, eficiente y sostenible para paliar el d\u00e9ficit habitacional en Espa\u00f1a.<\/li>\n<li style=\"text-align: left;\">Facilitar el <strong>di\u00e1logo intersectorial<\/strong> entre los sectores de la construcci\u00f3n, forestal, industrial y tecnol\u00f3gico, para desarrollar soluciones integradas.<\/li>\n<li style=\"text-align: left;\">Fomentar<strong> estudios y proyectos sobre la adaptaci\u00f3n al cambio clim\u00e1tico<\/strong> de aquellas especies forestales que cumplen los requisitos t\u00e9cnicos del C\u00f3digo T\u00e9cnico de la Edificaci\u00f3n, CTE, en cuanto a: resistencia estructural, salubridad, aislamiento ac\u00fastico y t\u00e9rmico, y comportamiento frente al fuego.<\/li>\n<li style=\"text-align: left;\"><strong>Sensibilizar a la sociedad<\/strong> sobre el papel estrat\u00e9gico de la madera estructural en la construcci\u00f3n de viviendas, destacando su contribuci\u00f3n a la transici\u00f3n ecol\u00f3gica, la descarbonizaci\u00f3n del sector de la edificaci\u00f3n, el impulso de la econom\u00eda circular y la prevenci\u00f3n de incendios forestales mediante una gesti\u00f3n forestal activa y sostenible.<\/li>\n<\/ul>\n<p style=\"text-align: justify;\">Para ello, la nueva asociaci\u00f3n trabajar\u00e1 en un <strong>dec\u00e1logo de medidas<\/strong>:<\/p>\n<ol style=\"text-align: justify;\">\n<li>Representaci\u00f3n del sector de la construcci\u00f3n con madera ante organismos de car\u00e1cter p\u00fablico y privado.<\/li>\n<li>Organizaci\u00f3n de jornadas, congresos y seminarios especializados en construcci\u00f3n con madera.<\/li>\n<li>Elaboraci\u00f3n de estudios t\u00e9cnicos, informes y propuestas normativas orientadas a promover el uso de la madera en edificaci\u00f3n.<\/li>\n<li>Promoci\u00f3n y desarrollo de proyectos piloto y demostrativos en el \u00e1mbito de la construcci\u00f3n de viviendas con madera, as\u00ed como en la implantaci\u00f3n de modelos de gesti\u00f3n forestal basada en tecnolog\u00eda digital.<\/li>\n<li>Establecimiento de alianzas estrat\u00e9gicas con universidades, centros tecnol\u00f3gicos, administraciones p\u00fablicas y empresas.<\/li>\n<li>Desarrollo de campa\u00f1as de comunicaci\u00f3n y sensibilizaci\u00f3n centradas en la construcci\u00f3n con madera como eje dinamizador del sector forestal espa\u00f1ol, dirigidas a profesionales, ciudadan\u00eda y responsables pol\u00edticos.<\/li>\n<li>Creaci\u00f3n de grupos de trabajo y comisiones t\u00e9cnicas multidisciplinares que faciliten la transferencia de conocimiento entre los sectores constructor, forestal, tecnol\u00f3gico e industrial.<\/li>\n<li>Observaci\u00f3n, an\u00e1lisis y seguimiento de modelos internacionales exitosos de fomento de la construcci\u00f3n de viviendas con madera, con el objetivo de identificar buenas pr\u00e1cticas, generar conocimiento aplicable al contexto nacional y promover sinergias positivas entre el sector de la edificaci\u00f3n y el sector forestal. Esta actividad incluir\u00e1 la recopilaci\u00f3n de<br \/>\nexperiencias, la participaci\u00f3n en redes internacionales, y la elaboraci\u00f3n de propuestas adaptadas a la realidad espa\u00f1ola.<\/li>\n<li>Fomento de formaci\u00f3n y capacitaci\u00f3n profesional en construcci\u00f3n con madera, gesti\u00f3n forestal adaptativa y nuevas tecnolog\u00edas digitales.<\/li>\n<li>Participaci\u00f3n en redes nacionales e internaciones vinculadas a la edificaci\u00f3n con madera.<\/li>\n<\/ol>\n<p style=\"text-align: justify;\">AGEFEM representar\u00e1 a un sector nuevo dedicado a la edificaci\u00f3n con madera, que aglutinar\u00e1 a <strong>empresas, universidades, instituciones p\u00fablicas y organizaciones<\/strong> motivadas por la <strong>revitalizaci\u00f3n del medio rural<\/strong> mediante una <strong>gesti\u00f3n sostenible<\/strong> del territorio y la <strong>construcci\u00f3n con madera<\/strong>.<\/p>\n<p style=\"text-align: justify;\">El presidente de AGEFEM, Juan Antonio G\u00f3mez \u2013 Pintado, precursor de la iniciativa y referente del asociacionismo: ha liderado la Asociaci\u00f3n de Promotores y Constructores de Espa\u00f1a, APCEspa\u00f1a, y la Asociaci\u00f3n Promotores Inmobiliarios de Madrid, ASPRIMA, ha se\u00f1alado que \u201cla nueva asociaci\u00f3n surge en un momento clave en el que la sociedad necesita un mayor compromiso por parte de instituciones p\u00fablicas y el tejido empresarial para gestionar el territorio y resolver simult\u00e1neamente varios retos: los cada vez m\u00e1s peligrosos incendios, la despoblaci\u00f3n, la creaci\u00f3n de empleo en la Espa\u00f1a rural y la descarbonizaci\u00f3n\u201d.<\/p>\n<p style=\"text-align: justify;\">En este sentido, G\u00f3mez \u2013 Pintado recalca que \u201cla <strong>uni\u00f3n de dos sectores estrat\u00e9gicos<\/strong> como el <strong>forestal<\/strong> y el de la <strong>construcci\u00f3n con madera<\/strong> se convierte en esencial para lograr esa transformaci\u00f3n de la edificaci\u00f3n que necesitamos. As\u00ed, conseguiremos generar una industria nueva de gran valor a\u00f1adido\u201d.<\/p>\n<p style=\"text-align: justify;\">\nLa Asociaci\u00f3n para la Gesti\u00f3n Forestal y la Edificaci\u00f3n con Madera, AGEFEM, (<a href=\"http:\/\/www.agefem.com\/\">www.agefem.com<\/a>) se fund\u00f3 el 25 de agosto de 2025.<\/p>\n","protected":false},"excerpt":{"rendered":"<p>Nace la Asociaci\u00f3n para la Gesti\u00f3n Forestal y la Edificaci\u00f3n con Madera, AGEFEM para impulsar la madera en la construcci\u00f3n Nace la Asociaci\u00f3n para la Gesti\u00f3n Forestal y la Edificaci\u00f3n con Madera,<a class=\"moretag\" href=\"https:\/\/www.fbycc.org\/index.php\/2025\/09\/15\/nace-la-asociacion-agefem-para-impulsar-la-madera-en-la-construccion\/\">Leer m\u00e1s&#8230;<\/a><\/p>\n","protected":false},"author":5,"featured_media":0,"comment_status":"closed","ping_status":"open","sticky":false,"template":"","format":"standard","meta":{"_monsterinsights_skip_tracking":false,"_monsterinsights_sitenote_active":false,"_monsterinsights_sitenote_note":"","_monsterinsights_sitenote_category":0,"footnotes":""},"categories":[11],"tags":[16,184,109],"class_list":["post-6053","post","type-post","status-publish","format-standard","hentry","category-noticias","tag-bosques","tag-construccion-con-madera","tag-gestion-forestal"],"_links":{"self":[{"href":"https:\/\/www.fbycc.org\/index.php\/wp-json\/wp\/v2\/posts\/6053","targetHints":{"allow":["GET"]}}],"collection":[{"href":"https:\/\/www.fbycc.org\/index.php\/wp-json\/wp\/v2\/posts"}],"about":[{"href":"https:\/\/www.fbycc.org\/index.php\/wp-json\/wp\/v2\/types\/post"}],"author":[{"embeddable":true,"href":"https:\/\/www.fbycc.org\/index.php\/wp-json\/wp\/v2\/users\/5"}],"replies":[{"embeddable":true,"href":"https:\/\/www.fbycc.org\/index.php\/wp-json\/wp\/v2\/comments?post=6053"}],"version-history":[{"count":5,"href":"https:\/\/www.fbycc.org\/index.php\/wp-json\/wp\/v2\/posts\/6053\/revisions"}],"predecessor-version":[{"id":6059,"href":"https:\/\/www.fbycc.org\/index.php\/wp-json\/wp\/v2\/posts\/6053\/revisions\/6059"}],"wp:attachment":[{"href":"https:\/\/www.fbycc.org\/index.php\/wp-json\/wp\/v2\/media?parent=6053"}],"wp:term":[{"taxonomy":"category","embeddable":true,"href":"https:\/\/www.fbycc.org\/index.php\/wp-json\/wp\/v2\/categories?post=6053"},{"taxonomy":"post_tag","embeddable":true,"href":"https:\/\/www.fbycc.org\/index.php\/wp-json\/wp\/v2\/tags?post=6053"}],"curies":[{"name":"wp","href":"https:\/\/api.w.org\/{rel}","templated":true}]}}