{"id":5777,"date":"2025-08-19T17:46:41","date_gmt":"2025-08-19T17:46:41","guid":{"rendered":"https:\/\/www.fbycc.org\/?p=5777"},"modified":"2025-08-20T09:00:19","modified_gmt":"2025-08-20T09:00:19","slug":"espana-epicentro-europeo-de-las-emisiones-por-incendios-forestales","status":"publish","type":"post","link":"https:\/\/www.fbycc.org\/index.php\/2025\/08\/19\/espana-epicentro-europeo-de-las-emisiones-por-incendios-forestales\/","title":{"rendered":"Espa\u00f1a, epicentro europeo de las emisiones por incendios forestales"},"content":{"rendered":"<h1 style=\"text-align: center;\"><span style=\"font-size: 24pt;\">Espa\u00f1a, epicentro europeo de las emisiones por incendios forestales<\/span><\/h1>\n<p style=\"text-align: justify;\"><strong>Los incendios forestales que est\u00e1 atravesando Espa\u00f1a este 2025 han elevado las emisiones de di\u00f3xido de carbono a la atm\u00f3sfera hasta niveles r\u00e9cord en las \u00faltimas semanas<\/strong>, seg\u00fan los datos del Copernicus Atmosphere Monitoring Service (CAMS), el servicio de la Uni\u00f3n Europea encargado de vigilar la composici\u00f3n de la atm\u00f3sfera. CAMS utiliza observaciones por sat\u00e9lite para estimar la intensidad de los incendios y calcular las emisiones de carbono y contaminantes asociados, y con esa informaci\u00f3n elabora pron\u00f3sticos sobre c\u00f3mo el humo se dispersa y afecta a la calidad del aire.<\/p>\n<p style=\"text-align: justify;\">En el verano de 2022, las olas de calor ya dispararon los incendios en la pen\u00ednsula ib\u00e9rica. CAMS se\u00f1al\u00f3 entonces que Espa\u00f1a registraba las emisiones m\u00e1s altas de su serie hist\u00f3rica para esas fechas, con alrededor de 1,3 millones de toneladas de carbono liberadas solo entre junio y julio. Esa cifra equivale a unas 4,8 millones de toneladas de CO\u2082 y marc\u00f3 un precedente de lo que estaba por venir.<\/p>\n<p style=\"text-align: justify;\">La sorpresa lleg\u00f3 un a\u00f1o despu\u00e9s, en marzo de 2023. Tradicionalmente, ese mes no figura entre los de mayor riesgo, pero CAMS detect\u00f3 que Espa\u00f1a alcanz\u00f3 sus mayores emisiones por incendios para un mes de marzo desde 2003, superando por un peque\u00f1o margen los registros anteriores. Asturias fue el epicentro de aquel episodio, con m\u00e1s de un centenar de incendios que quemaron once mil hect\u00e1reas en apenas una semana. La Comunidad Valenciana tambi\u00e9n vivi\u00f3 un gran fuego en Villanueva de Viver, con 4.700 hect\u00e1reas arrasadas. Ese episodio puso de relieve un fen\u00f3meno preocupante: los incendios se est\u00e1n desestacionalizando.<\/p>\n<p style=\"text-align: justify;\">En 2025, el salto ha sido todav\u00eda m\u00e1s brusco. <strong>Durante buena parte del verano, las emisiones se han mantenido en torno a los valores medios de la serie, pero en apenas una semana, Espa\u00f1a pas\u00f3 a encabezar la clasificaci\u00f3n hist\u00f3rica de CAMS con el mayor total anual de emisiones por incendios desde que hay registros<\/strong>. La curva de emisiones acumuladas se ha disparado de manera casi vertical. A fecha de esta nota la superficie calcinada supera las 382.000 hect\u00e1reas, obligando a evacuar a miles de personas, interrumpiendo el tr\u00e1fico ferroviario y cerrando carreteras. Adem\u00e1s, la calidad del aire se ha deteriorado gravemente en la pen\u00ednsula, con concentraciones de part\u00edculas finas (PM2.5) muy por encima de los l\u00edmites recomendados por la Organizaci\u00f3n Mundial de la Salud. El humo no se ha quedado en territorio nacional: ha alcanzado Francia, el Reino Unido y hasta Escandinavia.<\/p>\n<p style=\"text-align: justify;\"><img loading=\"lazy\" decoding=\"async\" class=\"aligncenter wp-image-5779 size-large\" src=\"https:\/\/www.fbycc.org\/wp-content\/uploads\/2025\/08\/cams_gfas_spain_cumulative_annual_c_2003_2025-1024x789.jpg\" alt=\"\" width=\"604\" height=\"465\" srcset=\"https:\/\/www.fbycc.org\/wp-content\/uploads\/2025\/08\/cams_gfas_spain_cumulative_annual_c_2003_2025-1024x789.jpg 1024w, https:\/\/www.fbycc.org\/wp-content\/uploads\/2025\/08\/cams_gfas_spain_cumulative_annual_c_2003_2025-300x231.jpg 300w, https:\/\/www.fbycc.org\/wp-content\/uploads\/2025\/08\/cams_gfas_spain_cumulative_annual_c_2003_2025-768x592.jpg 768w, https:\/\/www.fbycc.org\/wp-content\/uploads\/2025\/08\/cams_gfas_spain_cumulative_annual_c_2003_2025.jpg 1400w\" sizes=\"auto, (max-width: 604px) 100vw, 604px\" \/><\/p>\n<p style=\"text-align: justify;\"><span style=\"font-size: 10pt;\"><em>Emisiones totales acumuladas estimadas de carbono por incendios forestales para Espa\u00f1a del 1 de enero al 18 de agosto de 2025 (l\u00ednea roja) del Sistema Mundial de Asimilaci\u00f3n de Incendios (GFAS) del CAMS. La l\u00ednea negra es el promedio del per\u00edodo 2003-2024, y las l\u00edneas grises punteadas son las emisiones de cada uno de los a\u00f1os anteriores del 1 de enero al 31 de diciembre de cada a\u00f1o. Cr\u00e9dito: CAMS\/ECMWF<\/em><\/span><\/p>\n<p style=\"text-align: justify;\">Lo que muestran estos tres hitos \u2014el verano extremo de 2022, el inusual marzo de 2023 y el salto hist\u00f3rico de 2025\u2014 es una tendencia inequ\u00edvoca: los incendios forestales en Espa\u00f1a son m\u00e1s intensos, se producen en periodos m\u00e1s amplios del a\u00f1o y generan cada vez m\u00e1s emisiones de gases de efecto invernadero y contaminantes atmosf\u00e9ricos. Esto supone una doble amenaza: por un lado, agrava el cambio clim\u00e1tico al liberar grandes cantidades de CO\u2082, y por otro, deteriora la salud p\u00fablica al empeorar la calidad del aire.<\/p>\n<p style=\"text-align: justify;\">El mensaje es claro, Espa\u00f1a est\u00e1 en la primera l\u00ednea de un desaf\u00edo clim\u00e1tico que ya no puede considerarse puntual. <strong>Seg\u00fan la \u00faltima edici\u00f3n del Inventario Nacional de Gases de Efecto Invernadero nuestros bosques absorben el 17% de las emisiones. La prevenci\u00f3n, la gesti\u00f3n forestal sostenible y la adaptaci\u00f3n de los territorios a las nuevas condiciones clim\u00e1ticas son pasos imprescindibles para reducir la vulnerabilidad de los bosques, y evitar as\u00ed que se devuelva a la atm\u00f3sfera todo el CO2 fijado por nuestras masas forestales.<\/strong><\/p>\n<p>&nbsp;<\/p>\n","protected":false},"excerpt":{"rendered":"<p>Espa\u00f1a, epicentro europeo de las emisiones por incendios forestales Los incendios forestales que est\u00e1 atravesando Espa\u00f1a este 2025 han elevado las emisiones de di\u00f3xido de carbono a la atm\u00f3sfera hasta niveles r\u00e9cord<a class=\"moretag\" href=\"https:\/\/www.fbycc.org\/index.php\/2025\/08\/19\/espana-epicentro-europeo-de-las-emisiones-por-incendios-forestales\/\">Leer m\u00e1s&#8230;<\/a><\/p>\n","protected":false},"author":2,"featured_media":0,"comment_status":"closed","ping_status":"open","sticky":false,"template":"","format":"standard","meta":{"_monsterinsights_skip_tracking":false,"_monsterinsights_sitenote_active":false,"_monsterinsights_sitenote_note":"","_monsterinsights_sitenote_category":0,"footnotes":""},"categories":[11],"tags":[16,17,270,89,23],"class_list":["post-5777","post","type-post","status-publish","format-standard","hentry","category-noticias","tag-bosques","tag-cambio-climatico","tag-emisiones","tag-incendios","tag-incendios-forestales"],"_links":{"self":[{"href":"https:\/\/www.fbycc.org\/index.php\/wp-json\/wp\/v2\/posts\/5777","targetHints":{"allow":["GET"]}}],"collection":[{"href":"https:\/\/www.fbycc.org\/index.php\/wp-json\/wp\/v2\/posts"}],"about":[{"href":"https:\/\/www.fbycc.org\/index.php\/wp-json\/wp\/v2\/types\/post"}],"author":[{"embeddable":true,"href":"https:\/\/www.fbycc.org\/index.php\/wp-json\/wp\/v2\/users\/2"}],"replies":[{"embeddable":true,"href":"https:\/\/www.fbycc.org\/index.php\/wp-json\/wp\/v2\/comments?post=5777"}],"version-history":[{"count":10,"href":"https:\/\/www.fbycc.org\/index.php\/wp-json\/wp\/v2\/posts\/5777\/revisions"}],"predecessor-version":[{"id":5789,"href":"https:\/\/www.fbycc.org\/index.php\/wp-json\/wp\/v2\/posts\/5777\/revisions\/5789"}],"wp:attachment":[{"href":"https:\/\/www.fbycc.org\/index.php\/wp-json\/wp\/v2\/media?parent=5777"}],"wp:term":[{"taxonomy":"category","embeddable":true,"href":"https:\/\/www.fbycc.org\/index.php\/wp-json\/wp\/v2\/categories?post=5777"},{"taxonomy":"post_tag","embeddable":true,"href":"https:\/\/www.fbycc.org\/index.php\/wp-json\/wp\/v2\/tags?post=5777"}],"curies":[{"name":"wp","href":"https:\/\/api.w.org\/{rel}","templated":true}]}}