{"id":5767,"date":"2025-08-19T10:06:15","date_gmt":"2025-08-19T10:06:15","guid":{"rendered":"https:\/\/www.fbycc.org\/?p=5767"},"modified":"2025-08-19T18:00:51","modified_gmt":"2025-08-19T18:00:51","slug":"incendios-forestales-de-crisis-a-inversion-sostenible","status":"publish","type":"post","link":"https:\/\/www.fbycc.org\/index.php\/2025\/08\/19\/incendios-forestales-de-crisis-a-inversion-sostenible\/","title":{"rendered":"Incendios forestales: de crisis a inversi\u00f3n sostenible"},"content":{"rendered":"<p style=\"text-align: center;\"><strong><span style=\"font-size: 24pt;\">Los incendios forestales: de cat\u00e1strofe recurrente <\/span><span style=\"font-size: 24pt;\">a oportunidad de inversi\u00f3n sostenible<\/span><\/strong><\/p>\n<p style=\"text-align: justify;\">Espa\u00f1a afronta incendios m\u00e1s largos, intensos y costosos. Suponen un problema de seguridad y ambiental, pero tambi\u00e9n econ\u00f3mico y de competitividad. El verano de 2022 marc\u00f3 un r\u00e9cord hist\u00f3rico con m\u00e1s de 268.000 hect\u00e1reas arrasadas, el triple de la media de la \u00faltima d\u00e9cada. A mitad de 2025, la superficie calcinada supera ya las 157.000 hect\u00e1reas, confirmando que la emergencia clim\u00e1tica y la falta de gesti\u00f3n est\u00e1n convirtiendo cada verano en una amenaza creciente.<\/p>\n<p style=\"text-align: justify;\">El fuego devora paisajes, infraestructuras y biodiversidad, pero tambi\u00e9n golpea la econom\u00eda real con cosechas perdidas, turismo afectado y costes millonarios en extinci\u00f3n (19.000 \u20ac por hect\u00e1rea) al que habr\u00eda que a\u00f1adir el de reconstrucci\u00f3n. Frente a ello, el debate ya no es si debemos gastar en el monte, sino c\u00f3mo invertir de manera inteligente para reducir riesgos y generar valor. Porque cuesta menos prevenir que apagar y reconstruir, y cada euro que se destina a prevenci\u00f3n puede ahorrar hasta 100 en extinci\u00f3n y da\u00f1os posteriores.<\/p>\n<p style=\"text-align: justify;\">En mayo de 2023, el Foro de Bosques y Cambio Clim\u00e1tico (FByCC), junto con WWF, Greenpeace y Ecologistas en Acci\u00f3n, firm\u00f3 un <a href=\"https:\/\/www.fbycc.org\/wp-content\/uploads\/2023\/10\/Documento_Singularidad_Bosques_Ibericos.pdf\">manifiesto sobre la singularidad de los bosques ib\u00e9ricos<\/a>. El texto advert\u00eda de su vulnerabilidad \u00fanica en el contexto europeo y ped\u00eda a los poderes p\u00fablicos que reconocieran una \u201cexcepcionalidad forestal ib\u00e9rica\u201d en las pol\u00edticas nacionales y comunitarias.<\/p>\n<p style=\"text-align: justify;\">La motivaci\u00f3n es com\u00fan, nuestros bosques mediterr\u00e1neos, diversos y multifuncionales, soportan condiciones clim\u00e1ticas extremas, baja rentabilidad y un riesgo de incendios desproporcionado. A ello se suma el abandono del medio rural, que ha dejado millones de hect\u00e1reas sin gesti\u00f3n activa, con exceso de combustible acumulado.<\/p>\n<p style=\"text-align: justify;\">Los tratamientos selv\u00edcolas, el pastoreo ordenado y los aprovechamientos forestales no solo reducen el riesgo de incendio, sino que generan productos renovables como madera, corcho, resina o biomasa que sustituyen materiales intensivos en carbono.<br \/>\nLa paradoja es que Espa\u00f1a cuenta con el segundo patrimonio forestal m\u00e1s extenso de Europa (28,4 millones de hect\u00e1reas, el 56% del territorio), pero el sector forestal sigue siendo el gran olvidado en la pol\u00edtica econ\u00f3mica. El 72% de la superficie pertenece a peque\u00f1os propietarios privados, sin apenas incentivos ni instrumentos financieros adaptados, lo que desemboca en abandono y mayor riesgo de incendios.<br \/>\nEn 2022, la extracci\u00f3n nacional de madera alcanz\u00f3 los 19,7 millones de m\u00b3, con un valor estimado de m\u00e1s de 1.000 millones de euros. Pero esta cifra supone apenas el 35% del crecimiento anual de nuestros bosques, muy por debajo de la media europea (60%).<\/p>\n<p style=\"text-align: justify;\">En 2023 y 2024, el FByCC tambi\u00e9n present\u00f3 <a href=\"https:\/\/www.fbycc.org\/wp-content\/uploads\/2023\/09\/Aportaciones-del-FByCC-al-borrador-del-PNIEC_2023_0904.pdf\">comentarios al Plan Nacional Integrado de Energ\u00eda y Clima<\/a>, y al proceso de participaci\u00f3n p\u00fablica del <a href=\"https:\/\/www.fbycc.org\/wp-content\/uploads\/2024\/10\/Comentarios_FByCC_Libro_Verde_Finanzas_Sostenibles_241016.pdf\">Libro Verde de Finanzas Sostenibles<\/a>, entre los que se propusieron medidas concretas para revertir la espiral negativa de abandono del monte y sustituirla por una espiral positiva de actividad e inversi\u00f3n.<\/p>\n<ul>\n<li style=\"text-align: justify;\"><strong>Adecuaci\u00f3n fiscal<\/strong> para incentivar la gesti\u00f3n activa, retribuir los servicios ecosist\u00e9micos y desincentivar el abandono.<\/li>\n<li style=\"text-align: justify;\"><strong>Fondo Forestal y para la Biodiversidad<\/strong>: un instrumento estable dise\u00f1ado para financiar adem\u00e1s de la restauraci\u00f3n, la gesti\u00f3n activa y una bioeconom\u00eda capaz de sustituir materiales de origen f\u00f3sil por otros de origen natural. Un ejemplo a seguir es el del fondo austriaco Waldfonds (430 M\u20ac), que contempla prevenci\u00f3n, compensaciones, bioeconom\u00eda y empleo rural de manera integrada.<\/li>\n<li style=\"text-align: justify;\"><strong>Pr\u00e9stamos forestales verdes<\/strong>: vinculados a indicadores de sostenibilidad (KPI), con mejores condiciones financieras para proyectos que cumplan requisitos ambientales.<\/li>\n<li><strong>Seguros forestales efectivos<\/strong>:\u00a0Su implantaci\u00f3n en Espa\u00f1a es insignificante frente al desarrollo alcanzado en otros pa\u00edses europeos.<\/li>\n<\/ul>\n<p style=\"text-align: justify;\">El \u00e1mbito forestal tambi\u00e9n est\u00e1 quedando relegado de los fondos europeos, y de las pol\u00edticas de financiaci\u00f3n clim\u00e1tica, por lo que tambi\u00e9n podr\u00edan activarse para gestionar nuestros montes:<\/p>\n<ul>\n<li style=\"text-align: justify;\"><strong>PERTE forestal<\/strong> que act\u00fae como tractor industrial, fomentando el uso de madera en construcci\u00f3n, la biomasa para energ\u00eda y nuevas cadenas de valor ligadas a la descarbonizaci\u00f3n.<\/li>\n<li style=\"text-align: justify;\"><strong>Fondo de Innovaci\u00f3n<\/strong> europeo surgido del Sistema de Comercio de Emisiones de la UE, un instrumento clave dise\u00f1ado para financiar y acelerar la comercializaci\u00f3n de tecnolog\u00edas bajas en carbono dotado con 40.000 millones de euros para la d\u00e9cada 2020-2030.<\/li>\n<\/ul>\n<p style=\"text-align: justify;\">El coste de no actuar es enorme, los grandes incendios causan cada a\u00f1o p\u00e9rdidas millonarias en infraestructuras, servicios ecosist\u00e9micos y productividad rural. Por el contrario, la prevenci\u00f3n es una inversi\u00f3n con retorno: dinamiza la bioeconom\u00eda, genera empleo en el medio rural y reduce la factura en emergencias. Espa\u00f1a puede dar un salto estrat\u00e9gico si pasa de considerar el monte como un gasto en extinci\u00f3n a tratarlo como una inversi\u00f3n en prevenci\u00f3n, bioeconom\u00eda y desarrollo rural.<\/p>\n<p style=\"text-align: justify;\">El ejemplo de la iniciativa austriaca demuestra que los fondos forestales funcionan. Nuestro pa\u00eds necesita un instrumento estable, multianual y adaptado a la realidad mediterr\u00e1nea que movilice inversi\u00f3n p\u00fablica y privada, retribuya a los gestores del territorio y garantice que los bosques sigan siendo sumideros de carbono, f\u00e1bricas de biodiversidad y motores de empleo.<\/p>\n<p style=\"text-align: justify;\">Gestionar es prevenir, y prevenir es conservar. Invertir en gesti\u00f3n es la mejor p\u00f3liza antiincendios y la mejor pol\u00edtica de inversi\u00f3n sostenible.<\/p>\n<p>&nbsp;<\/p>\n","protected":false},"excerpt":{"rendered":"<p>Los incendios forestales: de cat\u00e1strofe recurrente a oportunidad de inversi\u00f3n sostenible Espa\u00f1a afronta incendios m\u00e1s largos, intensos y costosos. Suponen un problema de seguridad y ambiental, pero tambi\u00e9n econ\u00f3mico y de competitividad.<a class=\"moretag\" href=\"https:\/\/www.fbycc.org\/index.php\/2025\/08\/19\/incendios-forestales-de-crisis-a-inversion-sostenible\/\">Leer m\u00e1s&#8230;<\/a><\/p>\n","protected":false},"author":5,"featured_media":0,"comment_status":"closed","ping_status":"open","sticky":false,"template":"","format":"standard","meta":{"_monsterinsights_skip_tracking":false,"_monsterinsights_sitenote_active":false,"_monsterinsights_sitenote_note":"","_monsterinsights_sitenote_category":0,"footnotes":""},"categories":[11],"tags":[16,17,109,23],"class_list":["post-5767","post","type-post","status-publish","format-standard","hentry","category-noticias","tag-bosques","tag-cambio-climatico","tag-gestion-forestal","tag-incendios-forestales"],"_links":{"self":[{"href":"https:\/\/www.fbycc.org\/index.php\/wp-json\/wp\/v2\/posts\/5767","targetHints":{"allow":["GET"]}}],"collection":[{"href":"https:\/\/www.fbycc.org\/index.php\/wp-json\/wp\/v2\/posts"}],"about":[{"href":"https:\/\/www.fbycc.org\/index.php\/wp-json\/wp\/v2\/types\/post"}],"author":[{"embeddable":true,"href":"https:\/\/www.fbycc.org\/index.php\/wp-json\/wp\/v2\/users\/5"}],"replies":[{"embeddable":true,"href":"https:\/\/www.fbycc.org\/index.php\/wp-json\/wp\/v2\/comments?post=5767"}],"version-history":[{"count":3,"href":"https:\/\/www.fbycc.org\/index.php\/wp-json\/wp\/v2\/posts\/5767\/revisions"}],"predecessor-version":[{"id":5786,"href":"https:\/\/www.fbycc.org\/index.php\/wp-json\/wp\/v2\/posts\/5767\/revisions\/5786"}],"wp:attachment":[{"href":"https:\/\/www.fbycc.org\/index.php\/wp-json\/wp\/v2\/media?parent=5767"}],"wp:term":[{"taxonomy":"category","embeddable":true,"href":"https:\/\/www.fbycc.org\/index.php\/wp-json\/wp\/v2\/categories?post=5767"},{"taxonomy":"post_tag","embeddable":true,"href":"https:\/\/www.fbycc.org\/index.php\/wp-json\/wp\/v2\/tags?post=5767"}],"curies":[{"name":"wp","href":"https:\/\/api.w.org\/{rel}","templated":true}]}}