{"id":5715,"date":"2025-07-15T10:46:37","date_gmt":"2025-07-15T10:46:37","guid":{"rendered":"https:\/\/www.fbycc.org\/?p=5715"},"modified":"2025-08-05T10:37:14","modified_gmt":"2025-08-05T10:37:14","slug":"taller-sobre-estandares-de-carbono-en-el-9cfe","status":"publish","type":"post","link":"https:\/\/www.fbycc.org\/index.php\/2025\/07\/15\/taller-sobre-estandares-de-carbono-en-el-9cfe\/","title":{"rendered":"Taller sobre est\u00e1ndares de carbono en el 9CFE"},"content":{"rendered":"<p style=\"text-align: center;\"><span style=\"font-size: 24pt;\"><strong>Lecciones de est\u00e1ndares globales para los proyectos de absorci\u00f3n en el 9CFE<\/strong><\/span><\/p>\n<p style=\"text-align: center;\"><img loading=\"lazy\" decoding=\"async\" class=\"alignnone wp-image-5716 size-full\" src=\"https:\/\/www.fbycc.org\/wp-content\/uploads\/2025\/07\/IMG_20250619_102458-scaled-e1752576312178.jpg\" alt=\"\" width=\"2560\" height=\"1446\" srcset=\"https:\/\/www.fbycc.org\/wp-content\/uploads\/2025\/07\/IMG_20250619_102458-scaled-e1752576312178.jpg 2560w, https:\/\/www.fbycc.org\/wp-content\/uploads\/2025\/07\/IMG_20250619_102458-scaled-e1752576312178-300x169.jpg 300w, https:\/\/www.fbycc.org\/wp-content\/uploads\/2025\/07\/IMG_20250619_102458-scaled-e1752576312178-1024x578.jpg 1024w, https:\/\/www.fbycc.org\/wp-content\/uploads\/2025\/07\/IMG_20250619_102458-scaled-e1752576312178-768x434.jpg 768w, https:\/\/www.fbycc.org\/wp-content\/uploads\/2025\/07\/IMG_20250619_102458-scaled-e1752576312178-1536x868.jpg 1536w, https:\/\/www.fbycc.org\/wp-content\/uploads\/2025\/07\/IMG_20250619_102458-scaled-e1752576312178-2048x1157.jpg 2048w\" sizes=\"auto, (max-width: 2560px) 100vw, 2560px\" \/><\/p>\n<p style=\"text-align: justify;\" data-start=\"239\" data-end=\"822\">En el marco del <strong data-start=\"255\" data-end=\"287\">9\u00ba Congreso Forestal Espa\u00f1ol<\/strong>, la entidad <strong data-start=\"300\" data-end=\"317\">Carbon2Nature<\/strong> organiz\u00f3 el pasado <strong data-start=\"337\" data-end=\"359\">jueves 19 de junio<\/strong> el taller titulado <em data-start=\"379\" data-end=\"469\">\u201cDel papel a la pr\u00e1ctica. Implementando proyectos forestales bajo diferentes est\u00e1ndares\u201d<\/em>, con el objetivo de acercar a los asistentes a la aplicaci\u00f3n real de est\u00e1ndares internacionales en proyectos de absorci\u00f3n forestal. La sesi\u00f3n, de car\u00e1cter t\u00e9cnico y participativo, ofreci\u00f3 un recorrido pr\u00e1ctico por diversas metodolog\u00edas reconocidas a nivel global.<\/p>\n<p style=\"text-align: justify;\" data-start=\"824\" data-end=\"1038\">El taller fue moderado por Esteban Toja, de Carbon2Nature, y cont\u00f3 con la participaci\u00f3n de especialistas que explicaron, c\u00f3mo se aplican distintos marcos metodol\u00f3gicos internacionales:<\/p>\n<ul style=\"text-align: justify;\" data-start=\"1040\" data-end=\"1575\">\n<li data-start=\"1040\" data-end=\"1154\">\n<p data-start=\"1042\" data-end=\"1154\">Rodrigo Herrera Sanz (Ecobase) present\u00f3 el est\u00e1ndar <strong data-start=\"1098\" data-end=\"1107\">Verra<\/strong>, uno de los m\u00e1s consolidados a nivel global.<\/p>\n<\/li>\n<li data-start=\"1040\" data-end=\"1154\">\n<p data-start=\"1042\" data-end=\"1154\">Laura Gonz\u00e1lez Mantec\u00f3n (ERS) expuso el funcionamiento del est\u00e1ndar <strong>ERS (Ecosystem Restoration Standard).<\/strong><\/p>\n<\/li>\n<li data-start=\"1285\" data-end=\"1448\">\n<p data-start=\"1287\" data-end=\"1448\">Alejandra Garc\u00eda Arbelaez (Carbon2Nature) explic\u00f3 el caso del sistema <strong data-start=\"1361\" data-end=\"1402\">ACCU (Australian Carbon Credit Units)<\/strong>, desarrollado por el gobierno de Australia.<\/p>\n<\/li>\n<li>Miguel L\u00f3pez Delgado (Climate Action Reserve &#8211; CAR) analiz\u00f3 el <strong data-start=\"1496\" data-end=\"1534\">Protocolo Forestal de M\u00e9xico (PFM)<\/strong> y su aplicabilidad.<\/li>\n<\/ul>\n<p style=\"text-align: justify;\" data-start=\"1921\" data-end=\"2433\">Uno de los mensajes centrales del taller fue que <strong data-start=\"1970\" data-end=\"2047\">la confianza es el valor fundamental que debe sostener cualquier est\u00e1ndar<\/strong>. Durante la discusi\u00f3n final, se destac\u00f3 la necesidad de que los futuros marcos normativos europeos tomen en cuenta la experiencia internacional, permitiendo la acreditaci\u00f3n de est\u00e1ndares reconocidos, integrando la tecnolog\u00eda, incluyendo la gesti\u00f3n forestal y, sobre todo, promoviendo el consenso multisectorial como base para generar confianza.<\/p>\n<p data-start=\"1921\" data-end=\"2433\">\n<p data-start=\"1921\" data-end=\"2433\"><div class=\"tx-youtube-outerwarp\" style=\"width: 100%\"><div class=\"tx-youtube-warp\" style=\"\"><iframe src=\"https:\/\/www.youtube.com\/embed\/UB72MCqK-IU?controls=1&amp;showinfo=0&amp;rel=0&amp;autoplay=0\" frameborder=\"0\" allow=\"autoplay\" allowfullscreen><\/iframe><\/div><\/div>\n","protected":false},"excerpt":{"rendered":"<p>Lecciones de est\u00e1ndares globales para los proyectos de absorci\u00f3n en el 9CFE En el marco del 9\u00ba Congreso Forestal Espa\u00f1ol, la entidad Carbon2Nature organiz\u00f3 el pasado jueves 19 de junio el taller<a class=\"moretag\" href=\"https:\/\/www.fbycc.org\/index.php\/2025\/07\/15\/taller-sobre-estandares-de-carbono-en-el-9cfe\/\">Leer m\u00e1s&#8230;<\/a><\/p>\n","protected":false},"author":5,"featured_media":0,"comment_status":"closed","ping_status":"open","sticky":false,"template":"","format":"standard","meta":{"_monsterinsights_skip_tracking":false,"_monsterinsights_sitenote_active":false,"_monsterinsights_sitenote_note":"","_monsterinsights_sitenote_category":0,"footnotes":""},"categories":[11],"tags":[16,17,67],"class_list":["post-5715","post","type-post","status-publish","format-standard","hentry","category-noticias","tag-bosques","tag-cambio-climatico","tag-mercados-de-carbono"],"_links":{"self":[{"href":"https:\/\/www.fbycc.org\/index.php\/wp-json\/wp\/v2\/posts\/5715","targetHints":{"allow":["GET"]}}],"collection":[{"href":"https:\/\/www.fbycc.org\/index.php\/wp-json\/wp\/v2\/posts"}],"about":[{"href":"https:\/\/www.fbycc.org\/index.php\/wp-json\/wp\/v2\/types\/post"}],"author":[{"embeddable":true,"href":"https:\/\/www.fbycc.org\/index.php\/wp-json\/wp\/v2\/users\/5"}],"replies":[{"embeddable":true,"href":"https:\/\/www.fbycc.org\/index.php\/wp-json\/wp\/v2\/comments?post=5715"}],"version-history":[{"count":5,"href":"https:\/\/www.fbycc.org\/index.php\/wp-json\/wp\/v2\/posts\/5715\/revisions"}],"predecessor-version":[{"id":5725,"href":"https:\/\/www.fbycc.org\/index.php\/wp-json\/wp\/v2\/posts\/5715\/revisions\/5725"}],"wp:attachment":[{"href":"https:\/\/www.fbycc.org\/index.php\/wp-json\/wp\/v2\/media?parent=5715"}],"wp:term":[{"taxonomy":"category","embeddable":true,"href":"https:\/\/www.fbycc.org\/index.php\/wp-json\/wp\/v2\/categories?post=5715"},{"taxonomy":"post_tag","embeddable":true,"href":"https:\/\/www.fbycc.org\/index.php\/wp-json\/wp\/v2\/tags?post=5715"}],"curies":[{"name":"wp","href":"https:\/\/api.w.org\/{rel}","templated":true}]}}