{"id":5703,"date":"2025-07-14T23:24:35","date_gmt":"2025-07-14T23:24:35","guid":{"rendered":"https:\/\/www.fbycc.org\/?p=5703"},"modified":"2025-08-05T11:44:30","modified_gmt":"2025-08-05T11:44:30","slug":"sesion-9cfe","status":"publish","type":"post","link":"https:\/\/www.fbycc.org\/index.php\/2025\/07\/14\/sesion-9cfe\/","title":{"rendered":"Sesi\u00f3n 9CFE \u00abEl valor de los cr\u00e9ditos de carbono\u00bb"},"content":{"rendered":"<p style=\"text-align: center;\"><span style=\"font-size: 24pt;\"><strong>El Foro de Bosques y Cambio Clim\u00e1tico impulsa el debate sobre carbono y biodiversidad en el 9\u00ba Congreso Forestal Espa\u00f1ol<\/strong><\/span><\/p>\n<p><img loading=\"lazy\" decoding=\"async\" class=\"alignnone wp-image-5704 size-full\" src=\"https:\/\/www.fbycc.org\/wp-content\/uploads\/2025\/07\/IMG_20250619_133430-scaled-e1752535426409.jpg\" alt=\"\" width=\"2560\" height=\"1425\" srcset=\"https:\/\/www.fbycc.org\/wp-content\/uploads\/2025\/07\/IMG_20250619_133430-scaled-e1752535426409.jpg 2560w, https:\/\/www.fbycc.org\/wp-content\/uploads\/2025\/07\/IMG_20250619_133430-scaled-e1752535426409-300x167.jpg 300w, https:\/\/www.fbycc.org\/wp-content\/uploads\/2025\/07\/IMG_20250619_133430-scaled-e1752535426409-1024x570.jpg 1024w, https:\/\/www.fbycc.org\/wp-content\/uploads\/2025\/07\/IMG_20250619_133430-scaled-e1752535426409-768x428.jpg 768w, https:\/\/www.fbycc.org\/wp-content\/uploads\/2025\/07\/IMG_20250619_133430-scaled-e1752535426409-1536x855.jpg 1536w, https:\/\/www.fbycc.org\/wp-content\/uploads\/2025\/07\/IMG_20250619_133430-scaled-e1752535426409-2048x1140.jpg 2048w\" sizes=\"auto, (max-width: 2560px) 100vw, 2560px\" \/><\/p>\n<p style=\"text-align: justify;\" data-start=\"284\" data-end=\"758\">En el marco del <strong data-start=\"300\" data-end=\"332\">9\u00ba Congreso Forestal Espa\u00f1ol<\/strong>, celebrado en Gij\u00f3n, el Foro de Bosques y Cambio Clim\u00e1tico organiz\u00f3 el pasado jueves 19 de junio una sesi\u00f3n titulada <strong><em data-start=\"458\" data-end=\"516\">\u201cEl valor de los servicios ecosist\u00e9micos, de los cr\u00e9ditos de carbono y la biodiversidad\u201d<\/em><\/strong>, que congreg\u00f3 a casi una veintena de expertos, representantes institucionales, gestores y empresas en torno a los grandes retos y oportunidades que plantean los mercados de carbono.<\/p>\n<p style=\"text-align: justify;\" data-start=\"760\" data-end=\"1202\">La sesi\u00f3n, estructurada en <strong data-start=\"787\" data-end=\"826\">cuatro mesas de debate consecutivas<\/strong>, ofreci\u00f3 una panor\u00e1mica completa y actualizada del estado de los <strong data-start=\"892\" data-end=\"934\">cr\u00e9ditos de carbono forestal en Espa\u00f1a<\/strong>, su marco normativo en evoluci\u00f3n, y el incipiente desarrollo de cr\u00e9ditos de biodiversidad. La propuesta se coordin\u00f3 en sinton\u00eda con el taller internacional organizado por Carbon2Nature, lo que permiti\u00f3 integrar la visi\u00f3n europea e internacional en la jornada.<\/p>\n<p style=\"text-align: justify;\" data-start=\"1204\" data-end=\"1726\">La <strong data-start=\"1207\" data-end=\"1223\">primera mesa<\/strong> abord\u00f3 el <strong>marco regulatorio actual y futuro<\/strong>. Moderada por Araceli de Carlos (Carbon2Nature), cont\u00f3 con Iv\u00e1n Mart\u00ednez Castro, de la Direcci\u00f3n General de Clima de la Comisi\u00f3n Europea, quien expuso las claves del futuro marco de certificaci\u00f3n de absorciones de carbono en la UE y las novedades del Reglamento Europeo UE 2024\/3012. Por su parte, Marta Hern\u00e1ndez de la Cruz, de la Oficina Espa\u00f1ola de Cambio Clim\u00e1tico (OECC), aclar\u00f3 detalles del nuevo Real Decreto de Huella de Carbono y su impacto en los proyectos forestales. La mesa gener\u00f3 especial inter\u00e9s por la convergencia creciente entre el desarrollo normativo europeo y los est\u00e1ndares y proyectos ya existentes en el \u00e1mbito nacional.<\/p>\n<p data-start=\"1204\" data-end=\"1726\"><img loading=\"lazy\" decoding=\"async\" class=\"alignnone size-full wp-image-5705\" src=\"https:\/\/www.fbycc.org\/wp-content\/uploads\/2025\/07\/DSC017541-scaled-1.jpg\" alt=\"\" width=\"2560\" height=\"1707\" srcset=\"https:\/\/www.fbycc.org\/wp-content\/uploads\/2025\/07\/DSC017541-scaled-1.jpg 2560w, https:\/\/www.fbycc.org\/wp-content\/uploads\/2025\/07\/DSC017541-scaled-1-300x200.jpg 300w, https:\/\/www.fbycc.org\/wp-content\/uploads\/2025\/07\/DSC017541-scaled-1-1024x683.jpg 1024w, https:\/\/www.fbycc.org\/wp-content\/uploads\/2025\/07\/DSC017541-scaled-1-768x512.jpg 768w, https:\/\/www.fbycc.org\/wp-content\/uploads\/2025\/07\/DSC017541-scaled-1-1536x1024.jpg 1536w, https:\/\/www.fbycc.org\/wp-content\/uploads\/2025\/07\/DSC017541-scaled-1-2048x1366.jpg 2048w\" sizes=\"auto, (max-width: 2560px) 100vw, 2560px\" \/><\/p>\n<p style=\"text-align: justify;\" data-start=\"1728\" data-end=\"2292\">En la <strong data-start=\"1734\" data-end=\"1750\">segunda mesa<\/strong>, centrada en metodolog\u00edas, se presentaron avances en proyectos que est\u00e1n definiendo nuevas herramientas de <strong data-start=\"1858\" data-end=\"1893\">Gesti\u00f3n Forestal Mejorada (GFM)<\/strong>. Moderada por Ana Bel\u00e9n Noriega (PEFC Espa\u00f1a), reuni\u00f3 a representantes del proyecto eco2for (Celia Mart\u00ednez, CETEMAS y Rafael Calama, ICIFOR-CSIC) y del proyecto SMURF (Tom\u00e1s S\u00e1nchez Pellicer, Cesefor y Pablo Rodr\u00edguez-Noriega, Preferred by Nature), que compartieron metodolog\u00edas innovadoras para cuantificar absorciones y adaptar la gesti\u00f3n al nuevo contexto clim\u00e1tico.<\/p>\n<p data-start=\"1728\" data-end=\"2292\"><img loading=\"lazy\" decoding=\"async\" class=\"alignnone size-full wp-image-5706\" src=\"https:\/\/www.fbycc.org\/wp-content\/uploads\/2025\/07\/DSC017981-scaled-1.jpg\" alt=\"\" width=\"2560\" height=\"1707\" srcset=\"https:\/\/www.fbycc.org\/wp-content\/uploads\/2025\/07\/DSC017981-scaled-1.jpg 2560w, https:\/\/www.fbycc.org\/wp-content\/uploads\/2025\/07\/DSC017981-scaled-1-300x200.jpg 300w, https:\/\/www.fbycc.org\/wp-content\/uploads\/2025\/07\/DSC017981-scaled-1-1024x683.jpg 1024w, https:\/\/www.fbycc.org\/wp-content\/uploads\/2025\/07\/DSC017981-scaled-1-768x512.jpg 768w, https:\/\/www.fbycc.org\/wp-content\/uploads\/2025\/07\/DSC017981-scaled-1-1536x1024.jpg 1536w, https:\/\/www.fbycc.org\/wp-content\/uploads\/2025\/07\/DSC017981-scaled-1-2048x1366.jpg 2048w\" sizes=\"auto, (max-width: 2560px) 100vw, 2560px\" \/><\/p>\n<p style=\"text-align: justify;\" data-start=\"2294\" data-end=\"2736\">La <strong data-start=\"2297\" data-end=\"2313\">tercera mesa<\/strong> dio voz a <strong>entidades desarrolladoras de proyectos de absorci\u00f3n<\/strong>. Moderada por Asun C\u00e1mara (Juntos por los Bosques), cont\u00f3 con la participaci\u00f3n de Pancho Purroy (Land Life), \u00c1lvaro Garc\u00eda Mateos (Carbon2Nature), Enrique Enciso Encinas (Grupo Sylvestris) y \u00c1ngel Ramos (GESFORMA), quienes expusieron experiencias pr\u00e1cticas, barreras y oportunidades reales para escalar los proyectos de absorci\u00f3n en Espa\u00f1a, pudiendo conocer de primera mano c\u00f3mo se est\u00e1n implementando estos proyectos en el contexto actual de regulaci\u00f3n y mercado.<\/p>\n<p data-start=\"2294\" data-end=\"2736\"><img loading=\"lazy\" decoding=\"async\" class=\"alignnone size-full wp-image-5707\" src=\"https:\/\/www.fbycc.org\/wp-content\/uploads\/2025\/07\/IMG-20250619-WA0067-scaled.jpg\" alt=\"\" width=\"2560\" height=\"1707\" srcset=\"https:\/\/www.fbycc.org\/wp-content\/uploads\/2025\/07\/IMG-20250619-WA0067-scaled.jpg 2560w, https:\/\/www.fbycc.org\/wp-content\/uploads\/2025\/07\/IMG-20250619-WA0067-300x200.jpg 300w, https:\/\/www.fbycc.org\/wp-content\/uploads\/2025\/07\/IMG-20250619-WA0067-1024x683.jpg 1024w, https:\/\/www.fbycc.org\/wp-content\/uploads\/2025\/07\/IMG-20250619-WA0067-768x512.jpg 768w, https:\/\/www.fbycc.org\/wp-content\/uploads\/2025\/07\/IMG-20250619-WA0067-1536x1024.jpg 1536w, https:\/\/www.fbycc.org\/wp-content\/uploads\/2025\/07\/IMG-20250619-WA0067-2048x1365.jpg 2048w\" sizes=\"auto, (max-width: 2560px) 100vw, 2560px\" \/><\/p>\n<p style=\"text-align: justify;\" data-start=\"2738\" data-end=\"3316\">Por \u00faltimo, la <strong data-start=\"2753\" data-end=\"2768\">cuarta mesa<\/strong> puso el foco en los <strong data-start=\"2789\" data-end=\"2836\">propietarios forestales y gestores p\u00fablicos<\/strong>, actores clave para la implementaci\u00f3n sobre el terreno. Moderada por Marta Ortiz-Arce (Land Life), reuni\u00f3 a Daniel Rodr\u00edguez (COSE), Enrique Arrechea Veramendi (Gobierno de Arag\u00f3n), Luis Ignacio Rojo (Junta de Castilla y Le\u00f3n) y Amelia Uria Pe\u00f1a (Confederaci\u00f3n de Forestalistas del Pa\u00eds Vasco), quienes coincidieron en la necesidad de marcos estables, simplificados y t\u00e9cnicamente s\u00f3lidos que faciliten la participaci\u00f3n del territorio en estos mecanismos.<\/p>\n<p data-start=\"2738\" data-end=\"3316\"><img loading=\"lazy\" decoding=\"async\" class=\"alignnone size-full wp-image-5708\" src=\"https:\/\/www.fbycc.org\/wp-content\/uploads\/2025\/07\/IMG-20250619-WA0056-scaled.jpg\" alt=\"\" width=\"2560\" height=\"1707\" srcset=\"https:\/\/www.fbycc.org\/wp-content\/uploads\/2025\/07\/IMG-20250619-WA0056-scaled.jpg 2560w, https:\/\/www.fbycc.org\/wp-content\/uploads\/2025\/07\/IMG-20250619-WA0056-300x200.jpg 300w, https:\/\/www.fbycc.org\/wp-content\/uploads\/2025\/07\/IMG-20250619-WA0056-1024x683.jpg 1024w, https:\/\/www.fbycc.org\/wp-content\/uploads\/2025\/07\/IMG-20250619-WA0056-768x512.jpg 768w, https:\/\/www.fbycc.org\/wp-content\/uploads\/2025\/07\/IMG-20250619-WA0056-1536x1024.jpg 1536w, https:\/\/www.fbycc.org\/wp-content\/uploads\/2025\/07\/IMG-20250619-WA0056-2048x1365.jpg 2048w\" sizes=\"auto, (max-width: 2560px) 100vw, 2560px\" \/><\/p>\n<p style=\"text-align: justify;\" data-start=\"3318\" data-end=\"3645\">Los mercados de carbono se han consolidado como una herramienta clave en las estrategias globales de mitigaci\u00f3n del cambio clim\u00e1tico y resultan fundamentales para avanzar hacia la neutralidad clim\u00e1tica. No obstante, la implementaci\u00f3n de proyectos de absorci\u00f3n forestal sigue enfrentando importantes desaf\u00edos t\u00e9cnicos, normativos y de mercado. La sesi\u00f3n concluy\u00f3 con un mensaje compartido por todos los participantes: <strong data-start=\"504\" data-end=\"639\">los bosques y quienes los gestionan deben ocupar un lugar central en las pol\u00edticas clim\u00e1ticas y de conservaci\u00f3n de la biodiversidad<\/strong>, lo cual exige <strong data-start=\"655\" data-end=\"741\">colaboraci\u00f3n intersectorial, marcos regulatorios coherentes y herramientas s\u00f3lidas<\/strong> que permitan transformar el valor ecol\u00f3gico en un valor real y sostenible para los territorios y la sociedad.<\/p>\n<p style=\"text-align: justify;\" data-start=\"3318\" data-end=\"3645\">La sesi\u00f3n, enmarcada en el programa oficial del <strong data-start=\"118\" data-end=\"150\">9\u00ba Congreso Forestal Espa\u00f1ol<\/strong>, fue un <strong data-start=\"159\" data-end=\"176\">\u00e9xito rotundo<\/strong>, con la sala completamente llena y un alto nivel de inter\u00e9s por parte de asistentes procedentes de diversos \u00e1mbitos: t\u00e9cnico, acad\u00e9mico, institucional y empresarial. El elevado nivel de los ponentes, la variedad de perspectivas y la relevancia de los temas tratados contribuyeron a generar un espacio de debate enriquecedor en torno al futuro del carbono forestal y la biodiversidad.<\/p>\n<p data-start=\"3318\" data-end=\"3645\"><div class=\"tx-spacer clearfix\" style=\"height: 20px\"><\/div>\n<p data-start=\"3318\" data-end=\"3645\"><strong>Vuelva a ver la sesi\u00f3n \u201cEl valor de los servicios ecosist\u00e9micos, de los cr\u00e9ditos de carbono y la biodiversidad\u201d, presentada en el 9.\u00ba Congreso Forestal Espa\u00f1ol. Para acceder directamente al inicio de la sesi\u00f3n, puede reproducir el video a partir del minuto <a class=\"\" href=\"https:\/\/youtu.be\/5_QtvTsE0DE?t=8820\" target=\"_new\" rel=\"noopener\" data-start=\"315\" data-end=\"361\">2:27:00<\/a>.<\/strong><\/p>\n<p data-start=\"3318\" data-end=\"3645\"><div class=\"tx-youtube-outerwarp\" style=\"width: 100%\"><div class=\"tx-youtube-warp\" style=\"\"><iframe src=\"https:\/\/www.youtube.com\/embed\/5_QtvTsE0DE?controls=1&amp;showinfo=0&amp;rel=0&amp;autoplay=0\" frameborder=\"0\" allow=\"autoplay\" allowfullscreen><\/iframe><\/div><\/div>\n","protected":false},"excerpt":{"rendered":"<p>El Foro de Bosques y Cambio Clim\u00e1tico impulsa el debate sobre carbono y biodiversidad en el 9\u00ba Congreso Forestal Espa\u00f1ol En el marco del 9\u00ba Congreso Forestal Espa\u00f1ol, celebrado en Gij\u00f3n, el<a class=\"moretag\" href=\"https:\/\/www.fbycc.org\/index.php\/2025\/07\/14\/sesion-9cfe\/\">Leer m\u00e1s&#8230;<\/a><\/p>\n","protected":false},"author":5,"featured_media":0,"comment_status":"closed","ping_status":"open","sticky":false,"template":"","format":"standard","meta":{"_monsterinsights_skip_tracking":false,"_monsterinsights_sitenote_active":false,"_monsterinsights_sitenote_note":"","_monsterinsights_sitenote_category":0,"footnotes":""},"categories":[12,11],"tags":[16,17,268],"class_list":["post-5703","post","type-post","status-publish","format-standard","hentry","category-jornadas","category-noticias","tag-bosques","tag-cambio-climatico","tag-creditos-de-carbono"],"_links":{"self":[{"href":"https:\/\/www.fbycc.org\/index.php\/wp-json\/wp\/v2\/posts\/5703","targetHints":{"allow":["GET"]}}],"collection":[{"href":"https:\/\/www.fbycc.org\/index.php\/wp-json\/wp\/v2\/posts"}],"about":[{"href":"https:\/\/www.fbycc.org\/index.php\/wp-json\/wp\/v2\/types\/post"}],"author":[{"embeddable":true,"href":"https:\/\/www.fbycc.org\/index.php\/wp-json\/wp\/v2\/users\/5"}],"replies":[{"embeddable":true,"href":"https:\/\/www.fbycc.org\/index.php\/wp-json\/wp\/v2\/comments?post=5703"}],"version-history":[{"count":7,"href":"https:\/\/www.fbycc.org\/index.php\/wp-json\/wp\/v2\/posts\/5703\/revisions"}],"predecessor-version":[{"id":5726,"href":"https:\/\/www.fbycc.org\/index.php\/wp-json\/wp\/v2\/posts\/5703\/revisions\/5726"}],"wp:attachment":[{"href":"https:\/\/www.fbycc.org\/index.php\/wp-json\/wp\/v2\/media?parent=5703"}],"wp:term":[{"taxonomy":"category","embeddable":true,"href":"https:\/\/www.fbycc.org\/index.php\/wp-json\/wp\/v2\/categories?post=5703"},{"taxonomy":"post_tag","embeddable":true,"href":"https:\/\/www.fbycc.org\/index.php\/wp-json\/wp\/v2\/tags?post=5703"}],"curies":[{"name":"wp","href":"https:\/\/api.w.org\/{rel}","templated":true}]}}