{"id":5692,"date":"2025-07-14T22:05:20","date_gmt":"2025-07-14T22:05:20","guid":{"rendered":"https:\/\/www.fbycc.org\/?p=5692"},"modified":"2025-11-11T19:57:57","modified_gmt":"2025-11-11T19:57:57","slug":"5692","status":"publish","type":"post","link":"https:\/\/www.fbycc.org\/index.php\/2025\/07\/14\/5692\/","title":{"rendered":"Jornada de presentaci\u00f3n de resultados del proyecto ReBioCCan"},"content":{"rendered":"<p style=\"text-align: center;\"><span style=\"font-size: 24pt;\"><strong>Oviedo acoge una jornada clave sobre refugios clim\u00e1ticos y colaboraci\u00f3n multisectorial frente al cambio clim\u00e1tico<\/strong><\/span><\/p>\n<p><img loading=\"lazy\" decoding=\"async\" class=\"alignnone size-full wp-image-5693\" src=\"https:\/\/www.fbycc.org\/wp-content\/uploads\/2025\/07\/IMG_20250627_121332-scaled.jpg\" alt=\"\" width=\"2560\" height=\"905\" srcset=\"https:\/\/www.fbycc.org\/wp-content\/uploads\/2025\/07\/IMG_20250627_121332-scaled.jpg 2560w, https:\/\/www.fbycc.org\/wp-content\/uploads\/2025\/07\/IMG_20250627_121332-300x106.jpg 300w, https:\/\/www.fbycc.org\/wp-content\/uploads\/2025\/07\/IMG_20250627_121332-1024x362.jpg 1024w, https:\/\/www.fbycc.org\/wp-content\/uploads\/2025\/07\/IMG_20250627_121332-768x272.jpg 768w, https:\/\/www.fbycc.org\/wp-content\/uploads\/2025\/07\/IMG_20250627_121332-1536x543.jpg 1536w, https:\/\/www.fbycc.org\/wp-content\/uploads\/2025\/07\/IMG_20250627_121332-2048x724.jpg 2048w\" sizes=\"auto, (max-width: 2560px) 100vw, 2560px\" \/><\/p>\n<p style=\"text-align: justify;\" data-start=\"354\" data-end=\"749\">El pasado 27 de junio, Oviedo fue escenario de una jornada t\u00e9cnica y participativa en la que se presentaron los principales resultados del proyecto <strong data-start=\"499\" data-end=\"512\">ReBioCCan<\/strong>: <em data-start=\"514\" data-end=\"620\">Refugios de biodiversidad frente al cambio clim\u00e1tico en Reservas de la Biosfera de la Cornisa Cant\u00e1brica<\/em>, coordinado por la <strong data-start=\"640\" data-end=\"691\">Fundaci\u00f3n para la Investigaci\u00f3n del Clima (FIC) y financiado por el MITECO.<\/strong><\/p>\n<p style=\"text-align: justify;\" data-start=\"751\" data-end=\"1083\">La jornada, celebrada por la FIC en colaboraci\u00f3n con el <strong data-start=\"796\" data-end=\"835\">Foro de Bosques y cambio clim\u00e1tico <\/strong>y el<strong data-start=\"796\" data-end=\"835\"> Gobierno del Principado de Asturias<\/strong>, reuni\u00f3 a t\u00e9cnicos, gestores, representantes institucionales y empresas comprometidas con la sostenibilidad, en un encuentro que combin\u00f3 ciencia, pol\u00edtica y acci\u00f3n colaborativa en torno a los <strong data-start=\"1028\" data-end=\"1082\">refugios clim\u00e1ticos como herramienta de adaptaci\u00f3n<\/strong>.<\/p>\n<p style=\"text-align: justify;\" data-start=\"1085\" data-end=\"1666\">El evento se abri\u00f3 con la bienvenida de <strong data-start=\"1125\" data-end=\"1141\">David Villar<\/strong>, <strong>Director General de Custodia del Territorio y Prevenci\u00f3n de Incendios del Principado de Asturias<\/strong>, y cont\u00f3 con la intervenci\u00f3n de <strong data-start=\"1245\" data-end=\"1265\">Jaime Ribalaygua<\/strong>, <strong>presidente de la FIC<\/strong>, quien contextualiz\u00f3 el proyecto y su relevancia estrat\u00e9gica, y el enfoque participativo que ha integrado a la ciudadan\u00eda y al tejido social. A continuaci\u00f3n, <strong data-start=\"1366\" data-end=\"1384\">Eulogio Chac\u00f3n, <\/strong>de la FIC present\u00f3 los resultados clave del proyecto: el impacto del cambio clim\u00e1tico sobre especies y h\u00e1bitats vulnerables, el uso de modelos clim\u00e1ticos y datos ecol\u00f3gicos para cartografiar refugios clim\u00e1ticos.<\/p>\n<p data-start=\"1085\" data-end=\"1666\"><img loading=\"lazy\" decoding=\"async\" class=\"alignnone wp-image-5700 size-full\" src=\"https:\/\/www.fbycc.org\/wp-content\/uploads\/2025\/07\/IMG_20250627_101335-scaled-e1752531911857.jpg\" alt=\"\" width=\"2560\" height=\"1190\" srcset=\"https:\/\/www.fbycc.org\/wp-content\/uploads\/2025\/07\/IMG_20250627_101335-scaled-e1752531911857.jpg 2560w, https:\/\/www.fbycc.org\/wp-content\/uploads\/2025\/07\/IMG_20250627_101335-scaled-e1752531911857-300x139.jpg 300w, https:\/\/www.fbycc.org\/wp-content\/uploads\/2025\/07\/IMG_20250627_101335-scaled-e1752531911857-1024x476.jpg 1024w, https:\/\/www.fbycc.org\/wp-content\/uploads\/2025\/07\/IMG_20250627_101335-scaled-e1752531911857-768x357.jpg 768w, https:\/\/www.fbycc.org\/wp-content\/uploads\/2025\/07\/IMG_20250627_101335-scaled-e1752531911857-1536x714.jpg 1536w, https:\/\/www.fbycc.org\/wp-content\/uploads\/2025\/07\/IMG_20250627_101335-scaled-e1752531911857-2048x952.jpg 2048w\" sizes=\"auto, (max-width: 2560px) 100vw, 2560px\" \/><\/p>\n<p style=\"text-align: justify;\" data-start=\"1668\" data-end=\"2253\">La <strong data-start=\"176\" data-end=\"258\">mesa redonda \u201cAcci\u00f3n colaborativa para la conservaci\u00f3n de refugios clim\u00e1ticos\u201d<\/strong>, moderada por <strong data-start=\"273\" data-end=\"299\">David Arango Fern\u00e1ndez<\/strong>, experto en comunicaci\u00f3n y conductor de todo el evento, reuni\u00f3 a representantes clave del \u00e1mbito p\u00fablico, privado y de la sociedad civil. <strong data-start=\"409\" data-end=\"437\">Teresa S\u00e1nchez Corominas<\/strong>, jefa del Servicio de Gesti\u00f3n del Medio Natural y Prevenci\u00f3n de Incendios del <strong>Principado de Asturias<\/strong> y <strong data-start=\"657\" data-end=\"675\">Rodrigo Su\u00e1rez<\/strong>, director del <strong>Parque Nacional de los Picos de Europa<\/strong>, subrayaron la \u00a0importancia de integrar los refugios clim\u00e1ticos en la planificaci\u00f3n forestal y de gesti\u00f3n del territorio para garantizar la conservaci\u00f3n efectiva en espacios naturales protegidos. Desde el \u00e1mbito empresarial, <strong data-start=\"906\" data-end=\"931\">Noem\u00ed Garc\u00eda Saavedra<\/strong>, t\u00e9cnica de servicios ecosist\u00e9micos en <strong>ENCE<\/strong>, present\u00f3 iniciativas del plan de biodiversidad 2024-2028 que llevan a cabo desde ENCE y que va de la mano de la Ley de Restauraci\u00f3n de la Naturaleza del MITECO. <strong data-start=\"1071\" data-end=\"1095\">Ignacio P\u00e9rez-Carasa<\/strong>, director de Relaciones Institucionales y ESG en <strong>ALSA<\/strong>, aport\u00f3 la perspectiva de una gran empresa comprometida con la sostenibilidad, destacando la conexi\u00f3n entre movilidad y territorio. Por parte de una empresa especializada en Soluciones basadas en la Naturaleza (SbN), <strong data-start=\"1314\" data-end=\"1340\">Javier Pedrosa Latorre<\/strong>, de <strong>Iworu<\/strong>, plante\u00f3 la necesidad de soluciones basadas en el conocimiento local y la corresponsabilidad comunitaria. La mesa reflej\u00f3 una visi\u00f3n compartida sobre el valor de los refugios clim\u00e1ticos como herramientas \u00fatiles para la adaptaci\u00f3n, y una fuerte voluntad de colaboraci\u00f3n intersectorial para avanzar en estrategias conjuntas.<\/p>\n<p data-start=\"1668\" data-end=\"2253\"><img loading=\"lazy\" decoding=\"async\" class=\"alignnone wp-image-5701 size-full\" src=\"https:\/\/www.fbycc.org\/wp-content\/uploads\/2025\/07\/IMG_20250627_121347-scaled-e1752532141221.jpg\" alt=\"\" width=\"2560\" height=\"1207\" srcset=\"https:\/\/www.fbycc.org\/wp-content\/uploads\/2025\/07\/IMG_20250627_121347-scaled-e1752532141221.jpg 2560w, https:\/\/www.fbycc.org\/wp-content\/uploads\/2025\/07\/IMG_20250627_121347-scaled-e1752532141221-300x141.jpg 300w, https:\/\/www.fbycc.org\/wp-content\/uploads\/2025\/07\/IMG_20250627_121347-scaled-e1752532141221-1024x483.jpg 1024w, https:\/\/www.fbycc.org\/wp-content\/uploads\/2025\/07\/IMG_20250627_121347-scaled-e1752532141221-768x362.jpg 768w, https:\/\/www.fbycc.org\/wp-content\/uploads\/2025\/07\/IMG_20250627_121347-scaled-e1752532141221-1536x724.jpg 1536w, https:\/\/www.fbycc.org\/wp-content\/uploads\/2025\/07\/IMG_20250627_121347-scaled-e1752532141221-2048x966.jpg 2048w\" sizes=\"auto, (max-width: 2560px) 100vw, 2560px\" \/><\/p>\n<p style=\"text-align: justify;\" data-start=\"2255\" data-end=\"2612\">Adem\u00e1s, se destac\u00f3 el componente de <strong data-start=\"2291\" data-end=\"2310\">difusi\u00f3n social<\/strong> del proyecto ReBioCCan, que incluy\u00f3 <strong data-start=\"2347\" data-end=\"2387\">acciones art\u00edsticas en el territorio<\/strong>, como las performances desarrolladas junto a la compa\u00f1\u00eda <strong data-start=\"2445\" data-end=\"2460\">La Peatonal<\/strong> en Cabez\u00f3n de la Sal y en Urdaibai, con el objetivo de acercar el concepto de refugio clim\u00e1tico a la ciudadan\u00eda desde una mirada sensible e innovadora.<\/p>\n<p style=\"text-align: justify;\" data-start=\"2614\" data-end=\"2836\">La jornada concluy\u00f3 con un espacio de encuentro informal entre participantes, reforzando redes de colaboraci\u00f3n en torno a la conservaci\u00f3n adaptativa y la valorizaci\u00f3n de los bosques como aliados frente al cambio clim\u00e1tico.<\/p>\n<p style=\"text-align: center;\" data-start=\"2614\" data-end=\"2836\"><div class=\"tx-youtube-outerwarp\" style=\"width: 100%\"><div class=\"tx-youtube-warp\" style=\"\"><iframe src=\"https:\/\/www.youtube.com\/embed\/eROgj7kFGCE?controls=1&amp;showinfo=0&amp;rel=0&amp;autoplay=0\" frameborder=\"0\" allow=\"autoplay\" allowfullscreen><\/iframe><\/div><\/div>\n<hr \/>\n<p style=\"text-align: center;\" data-start=\"2614\" data-end=\"2836\"><span style=\"font-size: 10pt;\" data-olk-copy-source=\"MessageBody\">El proyecto ReBioCCan est\u00e1 subvencionado por el Ministerio para la Transici\u00f3n Ecol\u00f3gica y el Reto Demogr\u00e1fico (MITECO), a trav\u00e9s de la convocatoria estatal de ayudas a actividades de inter\u00e9s general en materia de ciencia y medio ambiente (2024\u20132025).<\/span><\/p>\n","protected":false},"excerpt":{"rendered":"<p>Oviedo acoge una jornada clave sobre refugios clim\u00e1ticos y colaboraci\u00f3n multisectorial frente al cambio clim\u00e1tico El pasado 27 de junio, Oviedo fue escenario de una jornada t\u00e9cnica y participativa en la que<a class=\"moretag\" href=\"https:\/\/www.fbycc.org\/index.php\/2025\/07\/14\/5692\/\">Leer m\u00e1s&#8230;<\/a><\/p>\n","protected":false},"author":5,"featured_media":0,"comment_status":"closed","ping_status":"open","sticky":false,"template":"","format":"standard","meta":{"_monsterinsights_skip_tracking":false,"_monsterinsights_sitenote_active":false,"_monsterinsights_sitenote_note":"","_monsterinsights_sitenote_category":0,"footnotes":""},"categories":[12,11],"tags":[129,266,17],"class_list":["post-5692","post","type-post","status-publish","format-standard","hentry","category-jornadas","category-noticias","tag-adaptacion","tag-biodiversidad","tag-cambio-climatico"],"_links":{"self":[{"href":"https:\/\/www.fbycc.org\/index.php\/wp-json\/wp\/v2\/posts\/5692","targetHints":{"allow":["GET"]}}],"collection":[{"href":"https:\/\/www.fbycc.org\/index.php\/wp-json\/wp\/v2\/posts"}],"about":[{"href":"https:\/\/www.fbycc.org\/index.php\/wp-json\/wp\/v2\/types\/post"}],"author":[{"embeddable":true,"href":"https:\/\/www.fbycc.org\/index.php\/wp-json\/wp\/v2\/users\/5"}],"replies":[{"embeddable":true,"href":"https:\/\/www.fbycc.org\/index.php\/wp-json\/wp\/v2\/comments?post=5692"}],"version-history":[{"count":8,"href":"https:\/\/www.fbycc.org\/index.php\/wp-json\/wp\/v2\/posts\/5692\/revisions"}],"predecessor-version":[{"id":6218,"href":"https:\/\/www.fbycc.org\/index.php\/wp-json\/wp\/v2\/posts\/5692\/revisions\/6218"}],"wp:attachment":[{"href":"https:\/\/www.fbycc.org\/index.php\/wp-json\/wp\/v2\/media?parent=5692"}],"wp:term":[{"taxonomy":"category","embeddable":true,"href":"https:\/\/www.fbycc.org\/index.php\/wp-json\/wp\/v2\/categories?post=5692"},{"taxonomy":"post_tag","embeddable":true,"href":"https:\/\/www.fbycc.org\/index.php\/wp-json\/wp\/v2\/tags?post=5692"}],"curies":[{"name":"wp","href":"https:\/\/api.w.org\/{rel}","templated":true}]}}