{"id":5676,"date":"2025-07-01T17:25:11","date_gmt":"2025-07-01T17:25:11","guid":{"rendered":"https:\/\/www.fbycc.org\/?p=5676"},"modified":"2025-12-04T13:07:17","modified_gmt":"2025-12-04T13:07:17","slug":"eco2for-presente-en-el-9o-congreso-forestal-espanol","status":"publish","type":"post","link":"https:\/\/www.fbycc.org\/index.php\/2025\/07\/01\/eco2for-presente-en-el-9o-congreso-forestal-espanol\/","title":{"rendered":"eco2for presente en el 9\u00ba Congreso Forestal Espa\u00f1ol"},"content":{"rendered":"<p style=\"text-align: center;\"><span style=\"font-size: 24pt;\"><b>eco2for comparte avances y experiencias en el Congreso Forestal<\/b><b> Espa\u00f1ol de Gij\u00f3n<\/b><\/span><\/p>\n<div class=\"tx-spacer clearfix\" style=\"height: 16px\"><\/div>\n<p><img loading=\"lazy\" decoding=\"async\" class=\"alignnone wp-image-5682\" src=\"https:\/\/www.fbycc.org\/wp-content\/uploads\/2025\/07\/IMG-20250619-WA0050-scaled.jpg\" alt=\"\" width=\"1248\" height=\"833\" srcset=\"https:\/\/www.fbycc.org\/wp-content\/uploads\/2025\/07\/IMG-20250619-WA0050-scaled.jpg 2560w, https:\/\/www.fbycc.org\/wp-content\/uploads\/2025\/07\/IMG-20250619-WA0050-300x200.jpg 300w, https:\/\/www.fbycc.org\/wp-content\/uploads\/2025\/07\/IMG-20250619-WA0050-1024x683.jpg 1024w, https:\/\/www.fbycc.org\/wp-content\/uploads\/2025\/07\/IMG-20250619-WA0050-768x512.jpg 768w, https:\/\/www.fbycc.org\/wp-content\/uploads\/2025\/07\/IMG-20250619-WA0050-1536x1024.jpg 1536w, https:\/\/www.fbycc.org\/wp-content\/uploads\/2025\/07\/IMG-20250619-WA0050-2048x1365.jpg 2048w\" sizes=\"auto, (max-width: 1248px) 100vw, 1248px\" \/><\/p>\n<p><span style=\"font-size: 8pt;\">Integrantes del proyecto eco2for en una mesa redonda del congreso.\u00a0<\/span><\/p>\n<p style=\"text-align: justify;\"><b>El proyecto ECO2FOR estuvo presente de forma activa en el 9\u00ba Congreso Forestal Espa\u00f1ol (9CFE), celebrado la pasada semana en Gij\u00f3n, con m\u00faltiples aportaciones cient\u00edficas, participaci\u00f3n en mesas de debate clave y presencia continua en los stands del evento.<\/b><\/p>\n<p style=\"text-align: justify;\"><span style=\"font-weight: 400;\">A lo largo de toda la semana, representantes de varias entidades socias del proyecto compartieron los avances y resultados del proyecto <\/span><b>eco2for<\/b><span style=\"font-weight: 400;\">, una iniciativa que busca contribuir a la lucha contra el cambio clim\u00e1tico a la vez que aumenta la resiliencia de las masas forestales y mejora sus \u00edndices de biodiversidad a trav\u00e9s de nuevos proyectos de absorci\u00f3n en el marco del Registro Nacional de Huella de Carbono que aporten desarrollo econ\u00f3mico en zonas rurales.<\/span><\/p>\n<div class=\"tx-spacer clearfix\" style=\"height: 16px\"><\/div>\n<h3 style=\"text-align: justify;\"><b>Comunicaciones cient\u00edficas y experiencias t\u00e9cnicas<\/b><\/h3>\n<p style=\"text-align: justify;\"><span style=\"font-weight: 400;\">Durante el congreso, se presentaron <\/span><b>varias comunicaciones orales y p\u00f3steres<\/b><span style=\"font-weight: 400;\"> en la mesa tem\u00e1tica de clima, centrados en herramientas de c\u00e1lculo de carbono, indicadores de biodiversidad y nuevas metodolog\u00edas aplicables a proyectos de absorci\u00f3n forestal en las que se est\u00e1 trabajando en el marco del proyecto eco2for:<\/span><\/p>\n<ol>\n<li style=\"font-weight: 400; text-align: justify;\" aria-level=\"1\"><b>\u00abHerramientas de estimaci\u00f3n de carbono en el marco de proyectos de absorci\u00f3n de gesti\u00f3n forestal mejorada: alargamiento de turno\u00bb<\/b><span style=\"font-weight: 400;\"> \u2013\u00a0 ICIFOR-INIA-CSIC.<\/span>&nbsp;<\/li>\n<li style=\"font-weight: 400; text-align: justify;\" aria-level=\"1\"><b>\u00abCriterios e indicadores para la evaluaci\u00f3n de la mejora de la biodiversidad en proyectos forestales de absorci\u00f3n de CO\u2082\u00bb<\/b><span style=\"font-weight: 400;\"> \u2013 ICIFOR-INIA-CSIC<\/span>&nbsp;<\/li>\n<li style=\"font-weight: 400; text-align: justify;\" aria-level=\"1\"><b>\u00abBIOREPO, una aplicaci\u00f3n inform\u00e1tica para el c\u00e1lculo ex ante y ex post del carbono fijado por las repoblaciones forestales\u00bb<\/b><span style=\"font-weight: 400;\"> \u2013\u00a0 ICIFOR-INIA-CSIC<\/span><span style=\"font-weight: 400;\"><br \/>\n<\/span><\/li>\n<\/ol>\n<p><img loading=\"lazy\" decoding=\"async\" class=\"alignnone wp-image-5680\" src=\"https:\/\/www.fbycc.org\/wp-content\/uploads\/2025\/07\/IMG_20250619_160614-EDIT-scaled.jpg\" alt=\"\" width=\"1168\" height=\"876\" srcset=\"https:\/\/www.fbycc.org\/wp-content\/uploads\/2025\/07\/IMG_20250619_160614-EDIT-scaled.jpg 2560w, https:\/\/www.fbycc.org\/wp-content\/uploads\/2025\/07\/IMG_20250619_160614-EDIT-300x225.jpg 300w, https:\/\/www.fbycc.org\/wp-content\/uploads\/2025\/07\/IMG_20250619_160614-EDIT-1024x768.jpg 1024w, https:\/\/www.fbycc.org\/wp-content\/uploads\/2025\/07\/IMG_20250619_160614-EDIT-768x576.jpg 768w, https:\/\/www.fbycc.org\/wp-content\/uploads\/2025\/07\/IMG_20250619_160614-EDIT-800x600.jpg 800w, https:\/\/www.fbycc.org\/wp-content\/uploads\/2025\/07\/IMG_20250619_160614-EDIT-1536x1152.jpg 1536w, https:\/\/www.fbycc.org\/wp-content\/uploads\/2025\/07\/IMG_20250619_160614-EDIT-2048x1536.jpg 2048w\" sizes=\"auto, (max-width: 1168px) 100vw, 1168px\" \/><\/p>\n<p><span style=\"font-size: 8pt;\">Ponencia oral de integrante del proyecto en una de las mesas tem\u00e1ticas del congreso.<\/span><\/p>\n<p style=\"text-align: justify;\"><span style=\"font-weight: 400;\">Adem\u00e1s, el consorcio del eco2for participaba en el congreso con una comunicaci\u00f3n general del proyecto en la mesa tem\u00e1tica de bioeconom\u00eda:\u00a0 \u201cProyecto eco2for: Mejora de la Contribuci\u00f3n del Sector Forestal a la Lucha contra el Cambio Clim\u00e1tico\u201d <\/span><a href=\"https:\/\/drive.google.com\/file\/d\/13sKTxOlxYBfarAdO-_X4ZjaRJZ31UXE9\/view?usp=sharing\"><span style=\"font-weight: 400;\">https:\/\/drive.google.com\/file\/d\/13sKTxOlxYBfarAdO-_X4ZjaRJZ31UXE9\/view?usp=sharing<\/span><\/a><span style=\"font-weight: 400;\">\u00a0<\/span><\/p>\n<div class=\"tx-spacer clearfix\" style=\"height: 16px\"><\/div>\n<h3 style=\"text-align: justify;\"><b>Participaci\u00f3n en mesa redonda sobre servicios ecosist\u00e9micos, cr\u00e9ditos de carbono y biodiversidad<\/b><\/h3>\n<p style=\"text-align: justify;\"><span style=\"font-weight: 400;\">Uno de los momentos m\u00e1s destacados fue la participaci\u00f3n de <\/span><b>Rafael Calama (INIA), Tom\u00e1s S\u00e1nchez (Cesefor)<\/b><span style=\"font-weight: 400;\"> y <\/span><b>Celia Mart\u00ednez (CETEMAS)<\/b><span style=\"font-weight: 400;\"> en la <\/span><b>mesa redonda \u00abEl valor de los servicios ecosist\u00e9micos, de los cr\u00e9ditos de carbono y la biodiversidad\u00bb, <\/b><span style=\"font-weight: 400;\">organizada por el <\/span><b>Foro de Bosques y Cambio Clim\u00e1tico<\/b><span style=\"font-weight: 400;\">, que atrajo a un numeroso p\u00fablico y gener\u00f3 gran inter\u00e9s en los asistentes.<\/span><\/p>\n<p style=\"text-align: justify;\"><span style=\"font-weight: 400;\">Durante esta sesi\u00f3n se revisaron las \u00faltimas novedades del mercado nacional de cr\u00e9ditos de carbono forestal, desde el marco normativo europeo y nacional, conociendo las nuevas <\/span><b>metodolog\u00edas de gesti\u00f3n forestal mejorada para proyectos de absorci\u00f3n <\/b><span style=\"font-weight: 400;\">en desarrollo en proyectos como <\/span><b>eco2for <\/b><span style=\"font-weight: 400;\">y SMURF, y dando voz a representantes de la propiedad forestal, administraciones p\u00fablicas y desarrolladores de proyectos de absorci\u00f3n, reforzando la importancia de construir enfoques viables y alineados con la realidad del territorio.<\/span><\/p>\n<p>&nbsp;<\/p>\n<p><span style=\"font-size: 8pt;\"><img loading=\"lazy\" decoding=\"async\" class=\"alignnone wp-image-5678\" src=\"https:\/\/www.fbycc.org\/wp-content\/uploads\/2025\/07\/IMG_20250619_120123-scaled-e1751388599987.jpg\" alt=\"\" width=\"1277\" height=\"725\" srcset=\"https:\/\/www.fbycc.org\/wp-content\/uploads\/2025\/07\/IMG_20250619_120123-scaled-e1751388599987.jpg 2560w, https:\/\/www.fbycc.org\/wp-content\/uploads\/2025\/07\/IMG_20250619_120123-scaled-e1751388599987-300x171.jpg 300w, https:\/\/www.fbycc.org\/wp-content\/uploads\/2025\/07\/IMG_20250619_120123-scaled-e1751388599987-1024x582.jpg 1024w, https:\/\/www.fbycc.org\/wp-content\/uploads\/2025\/07\/IMG_20250619_120123-scaled-e1751388599987-768x437.jpg 768w, https:\/\/www.fbycc.org\/wp-content\/uploads\/2025\/07\/IMG_20250619_120123-scaled-e1751388599987-1536x873.jpg 1536w, https:\/\/www.fbycc.org\/wp-content\/uploads\/2025\/07\/IMG_20250619_120123-scaled-e1751388599987-2048x1164.jpg 2048w\" sizes=\"auto, (max-width: 1277px) 100vw, 1277px\" \/><\/span><\/p>\n<p><span style=\"font-size: 8pt;\">Representantes del eco2for en la mesa redonda \u00abEl valor de los servicios ecosist\u00e9micos, de los cr\u00e9ditos de carbono y la biodiversidad\u00bb<\/span><\/p>\n<div class=\"tx-spacer clearfix\" style=\"height: 16px\"><\/div>\n<h3><b>Presencia continua y divulgaci\u00f3n en stands<\/b><\/h3>\n<p><span style=\"font-weight: 400;\">Durante todo el congreso, el trabajo del proyecto <\/span><b>eco2for <\/b><span style=\"font-weight: 400;\">tambi\u00e9n pudo conocerse de cerca a trav\u00e9s de los <\/span><b>stands del Foro de Bosques y Cambio Clim\u00e1tico, Cesefor y CETEMAS<\/b><span style=\"font-weight: 400;\">, donde personas participantes del proyecto estuvieron disponibles para explicar las iniciativas en marcha y resolver dudas de asistentes, t\u00e9cnicos, investigadores y otros profesionales del sector forestal.<\/span><\/p>\n<p><span style=\"font-weight: 400;\">Esta presencia permiti\u00f3 reforzar la visibilidad del proyecto, intercambiar ideas y generar nuevas oportunidades de colaboraci\u00f3n en torno a la gesti\u00f3n forestal como herramienta clim\u00e1tica.<\/span><\/p>\n<div class=\"tx-spacer clearfix\" style=\"height: 16px\"><\/div>\n<p><span style=\"font-weight: 400;\">El proyecto eco2for cuenta con el apoyo de la Fundaci\u00f3n Biodiversidad del MITECO en el marco del Plan de Recuperaci\u00f3n, Transformaci\u00f3n y Resiliencia (PRTR), financiado por la Uni\u00f3n Europea \u2013 NextGenerationEU.<\/span><\/p>\n<p>M\u00e1s informaci\u00f3n en eco2for (<a href=\"https:\/\/eco2for.com\/\">www.eco2for.com<\/a>)<\/p>\n","protected":false},"excerpt":{"rendered":"<p>eco2for comparte avances y experiencias en el Congreso Forestal Espa\u00f1ol de Gij\u00f3n Integrantes del proyecto eco2for en una mesa redonda del congreso.\u00a0 El proyecto ECO2FOR estuvo presente de forma activa en el<a class=\"moretag\" href=\"https:\/\/www.fbycc.org\/index.php\/2025\/07\/01\/eco2for-presente-en-el-9o-congreso-forestal-espanol\/\">Leer m\u00e1s&#8230;<\/a><\/p>\n","protected":false},"author":5,"featured_media":0,"comment_status":"closed","ping_status":"open","sticky":false,"template":"","format":"standard","meta":{"_monsterinsights_skip_tracking":false,"_monsterinsights_sitenote_active":false,"_monsterinsights_sitenote_note":"","_monsterinsights_sitenote_category":0,"footnotes":""},"categories":[11],"tags":[267,263,222,281],"class_list":["post-5676","post","type-post","status-publish","format-standard","hentry","category-noticias","tag-9cfe","tag-ciencia","tag-eco2for","tag-forestales"],"_links":{"self":[{"href":"https:\/\/www.fbycc.org\/index.php\/wp-json\/wp\/v2\/posts\/5676","targetHints":{"allow":["GET"]}}],"collection":[{"href":"https:\/\/www.fbycc.org\/index.php\/wp-json\/wp\/v2\/posts"}],"about":[{"href":"https:\/\/www.fbycc.org\/index.php\/wp-json\/wp\/v2\/types\/post"}],"author":[{"embeddable":true,"href":"https:\/\/www.fbycc.org\/index.php\/wp-json\/wp\/v2\/users\/5"}],"replies":[{"embeddable":true,"href":"https:\/\/www.fbycc.org\/index.php\/wp-json\/wp\/v2\/comments?post=5676"}],"version-history":[{"count":12,"href":"https:\/\/www.fbycc.org\/index.php\/wp-json\/wp\/v2\/posts\/5676\/revisions"}],"predecessor-version":[{"id":6253,"href":"https:\/\/www.fbycc.org\/index.php\/wp-json\/wp\/v2\/posts\/5676\/revisions\/6253"}],"wp:attachment":[{"href":"https:\/\/www.fbycc.org\/index.php\/wp-json\/wp\/v2\/media?parent=5676"}],"wp:term":[{"taxonomy":"category","embeddable":true,"href":"https:\/\/www.fbycc.org\/index.php\/wp-json\/wp\/v2\/categories?post=5676"},{"taxonomy":"post_tag","embeddable":true,"href":"https:\/\/www.fbycc.org\/index.php\/wp-json\/wp\/v2\/tags?post=5676"}],"curies":[{"name":"wp","href":"https:\/\/api.w.org\/{rel}","templated":true}]}}