{"id":5670,"date":"2025-06-26T07:50:12","date_gmt":"2025-06-26T07:50:12","guid":{"rendered":"https:\/\/www.fbycc.org\/?p=5670"},"modified":"2025-06-26T07:51:12","modified_gmt":"2025-06-26T07:51:12","slug":"oviedo-acoge-una-jornada-clave-sobre-refugios-climaticos","status":"publish","type":"post","link":"https:\/\/www.fbycc.org\/index.php\/2025\/06\/26\/oviedo-acoge-una-jornada-clave-sobre-refugios-climaticos\/","title":{"rendered":"Oviedo acoge una jornada clave sobre refugios clim\u00e1ticos"},"content":{"rendered":"<p style=\"text-align: center;\"><span style=\"font-size: 18pt;\"><strong>Oviedo acoge una jornada clave sobre refugios clim\u00e1ticos y adaptaci\u00f3n al cambio clim\u00e1tico<\/strong><\/span><\/p>\n<p style=\"text-align: justify;\"><strong>El pr\u00f3ximo 27 de junio, la Fundaci\u00f3n para la Investigaci\u00f3n del Clima y el Foro de Bosques y Cambio Clim\u00e1tico, presentar\u00e1n en Oviedo los resultados del proyecto Refugios de Biodiversidad frente al Cambio Clim\u00e1tico en Reservas de la Biosfera de la Cornisa Cant\u00e1brica (ReBioCCan). El evento reunir\u00e1 a representantes institucionales, gestores de espacios naturales, empresas y especialistas en sostenibilidad.<\/strong><\/p>\n<p><img loading=\"lazy\" decoding=\"async\" class=\"wp-image-5672 aligncenter\" src=\"https:\/\/www.fbycc.org\/wp-content\/uploads\/2025\/06\/Diseno-sin-titulo-1.png\" alt=\"\" width=\"869\" height=\"614\" srcset=\"https:\/\/www.fbycc.org\/wp-content\/uploads\/2025\/06\/Diseno-sin-titulo-1.png 2000w, https:\/\/www.fbycc.org\/wp-content\/uploads\/2025\/06\/Diseno-sin-titulo-1-300x212.png 300w, https:\/\/www.fbycc.org\/wp-content\/uploads\/2025\/06\/Diseno-sin-titulo-1-1024x724.png 1024w, https:\/\/www.fbycc.org\/wp-content\/uploads\/2025\/06\/Diseno-sin-titulo-1-768x543.png 768w, https:\/\/www.fbycc.org\/wp-content\/uploads\/2025\/06\/Diseno-sin-titulo-1-1536x1086.png 1536w\" sizes=\"auto, (max-width: 869px) 100vw, 869px\" \/><\/p>\n<p style=\"text-align: justify;\">La ciudad de <strong>Oviedo<\/strong> ser\u00e1 escenario el pr\u00f3ximo jueves <strong>27 de junio<\/strong> de la jornada <strong>\u201cDonde la naturaleza resiste: conectando refugios, clima, biodiversidad y territorio\u201d<\/strong>, organizada por la Fundaci\u00f3n para la Investigaci\u00f3n del Clima (FIC) en colaboraci\u00f3n con el Foro de Bosques y Cambio Clim\u00e1tico (FByCC), en el marco del <strong>proyecto ReBioCCan<\/strong>. El acto se celebrar\u00e1 entre las 10:00 y las 13:00 horas en el Sal\u00f3n de Actos de EASMU (Edificio Administrativo de Servicios M\u00faltiples).<\/p>\n<p style=\"text-align: justify;\">Durante el evento se presentar\u00e1n los<strong> resultados clave del proyecto<\/strong> donde se han identificado los espacios con mayor potencial para fortalecer la adaptaci\u00f3n de especies de vegetaci\u00f3n clave. Estas \u00e1reas pueden jugar un papel fundamental para preservar la biodiversidad ante los impactos del cambio clim\u00e1tico, promoviendo ecosistemas m\u00e1s resilientes.<\/p>\n<p style=\"text-align: justify;\">La jornada contar\u00e1 con intervenciones institucionales, una presentaci\u00f3n t\u00e9cnica sobre los hallazgos del proyecto, y una mesa de di\u00e1logo estrat\u00e9gico titulada <em>\u201cAcci\u00f3n colaborativa para la conservaci\u00f3n de refugios clim\u00e1ticos\u201d<\/em>. Esta mesa reunir\u00e1 a representantes del <strong>Gobierno del Principado de Asturias<\/strong>, del <strong>Parque Nacional de Picos de Europa<\/strong>, de la empresa <strong>ENCE<\/strong>, de la <strong>consultora Iworu<\/strong> y del grupo <strong>ALSA<\/strong>, que debatir\u00e1n sobre las oportunidades y retos para integrar soluciones basadas en la naturaleza en las pol\u00edticas p\u00fablicas y estrategias empresariales.<\/p>\n<p style=\"text-align: justify;\">El proyecto ReBioCCan est\u00e1 coordinado por la Fundaci\u00f3n para la Investigaci\u00f3n del Clima (FIC) y financiado por el Ministerio para la Transici\u00f3n Ecol\u00f3gica y el Reto Demogr\u00e1fico (MITECO), en el marco de la convocatoria 2024 &#8211; 2025 para el desarrollo de actividades de inter\u00e9s general consideradas de inter\u00e9s social, en el \u00e1mbito de la investigaci\u00f3n cient\u00edfica y t\u00e9cnica y protecci\u00f3n al medio ambiente en materias de competencia estatal.<\/p>\n<p style=\"text-align: justify;\">Desde la FIC y el FByCC invitamos a los medios de comunicaci\u00f3n, entidades locales y ciudadan\u00eda interesada a asistir y conocer de primera mano c\u00f3mo se est\u00e1n desarrollando estrategias adaptativas en territorios clave para la conservaci\u00f3n del patrimonio natural.<\/p>\n<p><strong>Lugar:<\/strong> Sal\u00f3n de Actos de la EASMU, Oviedo<br \/>\n<strong>Fecha:<\/strong> Jueves, 27 de junio de 2025<br \/>\n<strong>Hora:<\/strong> De 10:00 a 13:00 horas<br \/>\n<strong>M\u00e1s informaci\u00f3n:<\/strong> <a href=\"https:\/\/www.fbycc.org\/index.php\/events\/jornada-rebioccan-presentacion-de-resultados-en-oviedo\/\">Jornada ReBioCCan Oviedo<\/a><\/p>\n","protected":false},"excerpt":{"rendered":"<p>Oviedo acoge una jornada clave sobre refugios clim\u00e1ticos y adaptaci\u00f3n al cambio clim\u00e1tico El pr\u00f3ximo 27 de junio, la Fundaci\u00f3n para la Investigaci\u00f3n del Clima y el Foro de Bosques y Cambio<a class=\"moretag\" href=\"https:\/\/www.fbycc.org\/index.php\/2025\/06\/26\/oviedo-acoge-una-jornada-clave-sobre-refugios-climaticos\/\">Leer m\u00e1s&#8230;<\/a><\/p>\n","protected":false},"author":5,"featured_media":0,"comment_status":"closed","ping_status":"open","sticky":false,"template":"","format":"standard","meta":{"_monsterinsights_skip_tracking":false,"_monsterinsights_sitenote_active":false,"_monsterinsights_sitenote_note":"","_monsterinsights_sitenote_category":0,"footnotes":""},"categories":[11],"tags":[129,266,17],"class_list":["post-5670","post","type-post","status-publish","format-standard","hentry","category-noticias","tag-adaptacion","tag-biodiversidad","tag-cambio-climatico"],"_links":{"self":[{"href":"https:\/\/www.fbycc.org\/index.php\/wp-json\/wp\/v2\/posts\/5670","targetHints":{"allow":["GET"]}}],"collection":[{"href":"https:\/\/www.fbycc.org\/index.php\/wp-json\/wp\/v2\/posts"}],"about":[{"href":"https:\/\/www.fbycc.org\/index.php\/wp-json\/wp\/v2\/types\/post"}],"author":[{"embeddable":true,"href":"https:\/\/www.fbycc.org\/index.php\/wp-json\/wp\/v2\/users\/5"}],"replies":[{"embeddable":true,"href":"https:\/\/www.fbycc.org\/index.php\/wp-json\/wp\/v2\/comments?post=5670"}],"version-history":[{"count":4,"href":"https:\/\/www.fbycc.org\/index.php\/wp-json\/wp\/v2\/posts\/5670\/revisions"}],"predecessor-version":[{"id":5675,"href":"https:\/\/www.fbycc.org\/index.php\/wp-json\/wp\/v2\/posts\/5670\/revisions\/5675"}],"wp:attachment":[{"href":"https:\/\/www.fbycc.org\/index.php\/wp-json\/wp\/v2\/media?parent=5670"}],"wp:term":[{"taxonomy":"category","embeddable":true,"href":"https:\/\/www.fbycc.org\/index.php\/wp-json\/wp\/v2\/categories?post=5670"},{"taxonomy":"post_tag","embeddable":true,"href":"https:\/\/www.fbycc.org\/index.php\/wp-json\/wp\/v2\/tags?post=5670"}],"curies":[{"name":"wp","href":"https:\/\/api.w.org\/{rel}","templated":true}]}}