{"id":5634,"date":"2025-04-23T09:27:20","date_gmt":"2025-04-23T09:27:20","guid":{"rendered":"https:\/\/www.fbycc.org\/?p=5634"},"modified":"2025-04-23T09:27:40","modified_gmt":"2025-04-23T09:27:40","slug":"jornada-en-zamora-sobre-mercados-de-co2","status":"publish","type":"post","link":"https:\/\/www.fbycc.org\/index.php\/2025\/04\/23\/jornada-en-zamora-sobre-mercados-de-co2\/","title":{"rendered":"Jornada en Zamora sobre mercados de CO2"},"content":{"rendered":"<p style=\"text-align: center;\"><span style=\"font-size: 24pt;\"><strong>El mercado de carbono a debate: oportunidades y desaf\u00edos para los propietarios forestales<\/strong><\/span><\/p>\n<p><img loading=\"lazy\" decoding=\"async\" class=\"alignnone wp-image-5635 size-full\" src=\"https:\/\/www.fbycc.org\/wp-content\/uploads\/2025\/04\/CO2_12-b-e1745399825533.webp\" alt=\"\" width=\"1366\" height=\"644\" srcset=\"https:\/\/www.fbycc.org\/wp-content\/uploads\/2025\/04\/CO2_12-b-e1745399825533.webp 1366w, https:\/\/www.fbycc.org\/wp-content\/uploads\/2025\/04\/CO2_12-b-e1745399825533-300x141.webp 300w, https:\/\/www.fbycc.org\/wp-content\/uploads\/2025\/04\/CO2_12-b-e1745399825533-1024x483.webp 1024w, https:\/\/www.fbycc.org\/wp-content\/uploads\/2025\/04\/CO2_12-b-e1745399825533-768x362.webp 768w\" sizes=\"auto, (max-width: 1366px) 100vw, 1366px\" \/><\/p>\n<p>Fotograf\u00eda: <a href=\"https:\/\/www.fafcyle.es\/fafcyle-y-asfoza-organizan-en-zamora-una-jornada-sobre-bosques-carbono-y-sostenibilidad\/\">FAFCYLE<\/a><\/p>\n<div class=\"tx-spacer clearfix\" style=\"height: 20px\"><\/div>\n<p style=\"text-align: justify;\">El pasado 27 de marzo tuvo lugar en <strong>Zamora<\/strong> la <strong>jornada t\u00e9cnica <em>\u201cEl mercado de CO\u2082: oportunidades y retos para propietarios forestales\u201d<\/em><\/strong>, organizada por la Federaci\u00f3n de Asociaciones Forestales de Castilla y Le\u00f3n (<strong>FAFCYLE<\/strong>) y la Asociaci\u00f3n Forestal de Zamora (<strong>ASFOZA<\/strong>).\u00a0El encuentro reuni\u00f3 a propietarios y propietarias forestales, personal t\u00e9cnico, representantes institucionales y expertos del sector con el objetivo de analizar c\u00f3mo los mercados de carbono pueden convertirse en una herramienta \u00fatil para fomentar la gesti\u00f3n forestal sostenible.<\/p>\n<p class=\"\" style=\"text-align: justify;\" data-start=\"680\" data-end=\"1064\">A trav\u00e9s de ponencias y mesas de debate, se abordaron cuestiones clave para comprender el funcionamiento de estos mercados y su aplicaci\u00f3n pr\u00e1ctica en el \u00e1mbito forestal. <strong>Los ingresos generados por los cr\u00e9ditos de carbono pueden suponer un impulso significativo para financiar la conservaci\u00f3n activa de los montes<\/strong>, una labor que desempe\u00f1an de manera fundamental quienes los gestionan.<\/p>\n<p class=\"\" style=\"text-align: justify;\" data-start=\"1066\" data-end=\"1373\">Fernando Rodr\u00edguez L\u00f3pez, profesor de Econom\u00eda en la Universidad de Salamanca, abri\u00f3 la jornada explicando las claves del mercado de carbono y el concepto de \u201cadicionalidad\u201d, subrayando que ya se est\u00e1 trabajando tambi\u00e9n en cr\u00e9ditos m\u00e1s all\u00e1 del <strong>carbono<\/strong>, como los vinculados a <strong>biodiversidad<\/strong> o <strong>capital humano<\/strong>.<\/p>\n<p class=\"\" style=\"text-align: justify;\" data-start=\"1375\" data-end=\"1931\">A continuaci\u00f3n, Enrique Enciso (Grupo Sylvestris) present\u00f3 proyectos de compensaci\u00f3n ya en marcha, y representantes de la Junta de Castilla y Le\u00f3n ofrecieron una visi\u00f3n institucional del tema. David Villada Rojo (jefe de Servicio de Promoci\u00f3n Forestal) record\u00f3 que \u201cun monte que recibe dinero es un monte bien gestionado\u201d, mientras que Luis Ignacio Rojo (jefe de Servicio de Gesti\u00f3n Forestal) apunt\u00f3 que los cr\u00e9ditos de carbono son solo el principio de un futuro donde otros servicios ecosist\u00e9micos tambi\u00e9n ser\u00e1n valorados y remunerados, como los h\u00eddricos.<\/p>\n<p class=\"\" style=\"text-align: justify;\" data-start=\"1933\" data-end=\"2373\">Jos\u00e9 Alberto Franco (CONAI Consultores) puso el foco en la importancia de la \u201ccredibilidad\u201d de los cr\u00e9ditos de carbono: generar un cr\u00e9dito fiable conlleva costes, pero tambi\u00e9n una alta demanda en el mercado. Por su parte, Jes\u00fas Pesta\u00f1a resalt\u00f3 la incertidumbre que a\u00fan existe entre muchos propietarios forestales sobre este tipo de mercados, tanto por su novedad como por lo abstracto del producto con el que se comercia, frente a los tradicionales del monte como son la madera. Reivindic\u00f3 el papel clave que desempe\u00f1an los propietarios forestales en la prestaci\u00f3n de servicios ecosist\u00e9micos esenciales, como la captura de carbono, la regulaci\u00f3n h\u00eddrica, la biodiversidad o la prevenci\u00f3n de incendios, desde el anonimato y sin apenas reconocimiento.<\/p>\n<p class=\"\" style=\"text-align: justify;\" data-start=\"2375\" data-end=\"2636\">La jornada evidenci\u00f3 el papel fundamental de las asociaciones forestales como puente de informaci\u00f3n y formaci\u00f3n para los propietarios. Este tipo de encuentros permiten compartir conocimiento, resolver dudas y generar alianzas para afrontar los retos del sector.<\/p>\n<p class=\"\" style=\"text-align: justify;\" data-start=\"2638\" data-end=\"3061\">La jornada concluy\u00f3 con una mesa de debate moderada por Roberto Rubio (Cesefor), donde se discutieron las perspectivas de futuro del mercado de CO\u2082. Se coincidi\u00f3 en que estos mercados han llegado para quedarse y que anticiparse a ellos permitir\u00e1 a los propietarios participar activamente en las nuevas oportunidades que surgir\u00e1n en el marco de la transici\u00f3n ecol\u00f3gica, la descarbonizaci\u00f3n y la estrategia clim\u00e1tica europea.<\/p>\n<p data-start=\"2638\" data-end=\"3061\"><div class=\"tx-spacer clearfix\" style=\"height: 20px\"><\/div>\n<p data-start=\"2638\" data-end=\"3061\"><strong>Puedes ver de nuevo la jornada aqu\u00ed:<\/strong><\/p>\n<p data-start=\"2638\" data-end=\"3061\"><a class=\"tx-button\" href=\"https:\/\/youtube.com\/playlist?list=PLMm1fRqGJduny8sLdkOp08N7DJYe6bWM5&#038;si=2QpMEq1l2arWrXJT\" target=\"_self\" style=\"color: #ffffff; background-color: #18a5a1\">LISTA DE REPRODUCCI\u00d3N: JORNADA EL MERCADO DE CO2<\/a>\n<p data-start=\"2638\" data-end=\"3061\"><div class=\"tx-spacer clearfix\" style=\"height: 20px\"><\/div>\n<p data-start=\"2638\" data-end=\"3061\">Fuente: <a href=\"https:\/\/www.fafcyle.es\/fafcyle-y-asfoza-organizan-en-zamora-una-jornada-sobre-bosques-carbono-y-sostenibilidad\/\">FAFCYLE<\/a><\/p>\n","protected":false},"excerpt":{"rendered":"<p>El mercado de carbono a debate: oportunidades y desaf\u00edos para los propietarios forestales Fotograf\u00eda: FAFCYLE El pasado 27 de marzo tuvo lugar en Zamora la jornada t\u00e9cnica \u201cEl mercado de CO\u2082: oportunidades<a class=\"moretag\" href=\"https:\/\/www.fbycc.org\/index.php\/2025\/04\/23\/jornada-en-zamora-sobre-mercados-de-co2\/\">Leer m\u00e1s&#8230;<\/a><\/p>\n","protected":false},"author":5,"featured_media":0,"comment_status":"closed","ping_status":"open","sticky":false,"template":"","format":"standard","meta":{"_monsterinsights_skip_tracking":false,"_monsterinsights_sitenote_active":false,"_monsterinsights_sitenote_note":"","_monsterinsights_sitenote_category":0,"footnotes":""},"categories":[11],"tags":[],"class_list":["post-5634","post","type-post","status-publish","format-standard","hentry","category-noticias"],"_links":{"self":[{"href":"https:\/\/www.fbycc.org\/index.php\/wp-json\/wp\/v2\/posts\/5634","targetHints":{"allow":["GET"]}}],"collection":[{"href":"https:\/\/www.fbycc.org\/index.php\/wp-json\/wp\/v2\/posts"}],"about":[{"href":"https:\/\/www.fbycc.org\/index.php\/wp-json\/wp\/v2\/types\/post"}],"author":[{"embeddable":true,"href":"https:\/\/www.fbycc.org\/index.php\/wp-json\/wp\/v2\/users\/5"}],"replies":[{"embeddable":true,"href":"https:\/\/www.fbycc.org\/index.php\/wp-json\/wp\/v2\/comments?post=5634"}],"version-history":[{"count":7,"href":"https:\/\/www.fbycc.org\/index.php\/wp-json\/wp\/v2\/posts\/5634\/revisions"}],"predecessor-version":[{"id":5642,"href":"https:\/\/www.fbycc.org\/index.php\/wp-json\/wp\/v2\/posts\/5634\/revisions\/5642"}],"wp:attachment":[{"href":"https:\/\/www.fbycc.org\/index.php\/wp-json\/wp\/v2\/media?parent=5634"}],"wp:term":[{"taxonomy":"category","embeddable":true,"href":"https:\/\/www.fbycc.org\/index.php\/wp-json\/wp\/v2\/categories?post=5634"},{"taxonomy":"post_tag","embeddable":true,"href":"https:\/\/www.fbycc.org\/index.php\/wp-json\/wp\/v2\/tags?post=5634"}],"curies":[{"name":"wp","href":"https:\/\/api.w.org\/{rel}","templated":true}]}}