{"id":5627,"date":"2025-04-10T15:41:50","date_gmt":"2025-04-10T15:41:50","guid":{"rendered":"https:\/\/www.fbycc.org\/?p=5627"},"modified":"2025-12-04T13:05:49","modified_gmt":"2025-12-04T13:05:49","slug":"soluciones-climaticas-forestales-2025-conecta-a-empresas-y-sector-forestal","status":"publish","type":"post","link":"https:\/\/www.fbycc.org\/index.php\/2025\/04\/10\/soluciones-climaticas-forestales-2025-conecta-a-empresas-y-sector-forestal\/","title":{"rendered":"Soluciones Clim\u00e1ticas Forestales 2025 conecta a empresas y sector forestal"},"content":{"rendered":"<p style=\"text-align: center;\"><span style=\"font-size: 24pt;\"><strong>\u201cSoluciones Clim\u00e1ticas Forestales 2025\u201d conecta a empresas y sector forestal para impulsar la acci\u00f3n clim\u00e1tica desde los bosques<\/strong><\/span><\/p>\n<p style=\"text-align: justify;\">El 8 de abril tuvo lugar el evento \u00ab<strong><em>Soluciones Clim\u00e1ticas Forestales 2025: Los bosques espa\u00f1oles, sumideros de carbono para la neutralidad clim\u00e1tica empresarial<\/em><\/strong>\u00ab, con el objetivo de identificar las necesidades del sector empresarial en materia de descarbonizaci\u00f3n y conocer las soluciones que puede aportar el sector forestal.<\/p>\n<p><img loading=\"lazy\" decoding=\"async\" class=\"alignnone size-full wp-image-5625\" src=\"https:\/\/www.fbycc.org\/wp-content\/uploads\/2025\/04\/IMG_20250408_125447-scaled.jpg\" alt=\"\" width=\"2560\" height=\"806\" \/><\/p>\n<p style=\"text-align: justify;\">Ismael Mu\u00f1oz, responsable de comunicaci\u00f3n forestal en Somacyl para la Junta de Castilla y Le\u00f3n, fue el encargado de conducir el evento. Comenz\u00f3 la jornada destacando el papel esencial que desempe\u00f1an los bosques a nivel global, y se\u00f1alando que <strong>el papel de los ecosistemas forestales en la lucha contra el cambio clim\u00e1tico es incuestionable<\/strong>. Remarc\u00f3 que el sector forestal se ha consolidado como un agente estrat\u00e9gico en esta lucha, aportando adem\u00e1s soluciones a algunos de los principales desaf\u00edos del medio rural, como el despoblamiento, el envejecimiento o la prevenci\u00f3n de incendios.<\/p>\n<p style=\"text-align: justify;\">El presidente del Foro de Bosques y Cambio Clim\u00e1tico, Germ\u00e1n Glar\u00eda, fue el encargado de dar la bienvenida a los asistentes en una sala con aforo completo, subrayando el creciente inter\u00e9s que despierta esta jornada, que celebra ya su segunda edici\u00f3n tras la primera celebrada en 2023. Destac\u00f3 la notable participaci\u00f3n de un p\u00fablico comprometido y especialmente interesado en conocer las soluciones que el sector forestal puede ofrecer ante las crecientes exigencias del sector empresarial en materia de descarbonizaci\u00f3n.<\/p>\n<p><img loading=\"lazy\" decoding=\"async\" class=\"alignnone size-full wp-image-5617\" src=\"https:\/\/www.fbycc.org\/wp-content\/uploads\/2025\/04\/German-Glaria.jpg\" alt=\"\" width=\"2048\" height=\"1536\" srcset=\"https:\/\/www.fbycc.org\/wp-content\/uploads\/2025\/04\/German-Glaria.jpg 2048w, https:\/\/www.fbycc.org\/wp-content\/uploads\/2025\/04\/German-Glaria-300x225.jpg 300w, https:\/\/www.fbycc.org\/wp-content\/uploads\/2025\/04\/German-Glaria-1024x768.jpg 1024w, https:\/\/www.fbycc.org\/wp-content\/uploads\/2025\/04\/German-Glaria-768x576.jpg 768w, https:\/\/www.fbycc.org\/wp-content\/uploads\/2025\/04\/German-Glaria-800x600.jpg 800w, https:\/\/www.fbycc.org\/wp-content\/uploads\/2025\/04\/German-Glaria-1536x1152.jpg 1536w\" sizes=\"auto, (max-width: 2048px) 100vw, 2048px\" \/><\/p>\n<p><strong>Elena Pita, Directora General de Oficina Espa\u00f1ola de Cambio Clim\u00e1tico (OECC)<\/strong>, hac\u00eda una contextualizaci\u00f3n del evento mencionando el Real Decreto que crea el registro de huella de carbono, compensaci\u00f3n y proyectos de absorci\u00f3n de di\u00f3xido de carbono, recientemente aprobado el 18 de marzo. El mensaje principal que la directora general quiso subrayar es que el <strong>sector forestal no es solo una cifra de carbono secuestrado, sino que son todos los cobeneficios que hay alrededor de un bosque sano<\/strong>. Elena Pita finalizaba su intervenci\u00f3n se\u00f1alando la relevancia del evento para fomentar la colaboraci\u00f3n y el di\u00e1logo entre los distintos agentes que tenemos entre todos que impulsar la transici\u00f3n ecol\u00f3gica.<\/p>\n<p style=\"text-align: justify;\"><img loading=\"lazy\" decoding=\"async\" class=\"alignnone size-full wp-image-5616\" src=\"https:\/\/www.fbycc.org\/wp-content\/uploads\/2025\/04\/Elena-Pita.jpg\" alt=\"\" width=\"1920\" height=\"1080\" srcset=\"https:\/\/www.fbycc.org\/wp-content\/uploads\/2025\/04\/Elena-Pita.jpg 1920w, https:\/\/www.fbycc.org\/wp-content\/uploads\/2025\/04\/Elena-Pita-300x169.jpg 300w, https:\/\/www.fbycc.org\/wp-content\/uploads\/2025\/04\/Elena-Pita-1024x576.jpg 1024w, https:\/\/www.fbycc.org\/wp-content\/uploads\/2025\/04\/Elena-Pita-768x432.jpg 768w, https:\/\/www.fbycc.org\/wp-content\/uploads\/2025\/04\/Elena-Pita-1536x864.jpg 1536w\" sizes=\"auto, (max-width: 1920px) 100vw, 1920px\" \/><\/p>\n<p style=\"text-align: justify;\">En el transcurso de la jornada, el evento reuni\u00f3 a lo largo de tres mesas de ponentes a representantes de la alta direcci\u00f3n empresarial y responsables de sostenibilidad\/RSC, as\u00ed como a actores del sector forestal y empresas desarrolladoras de proyectos de absorci\u00f3n de carbono.<\/p>\n<p style=\"text-align: justify;\">La primera mesa, moderada por Susana Posada, vicepresidenta de DIRSE, identific\u00f3 los <strong>retos en sostenibilidad<\/strong> de empresas l\u00edderes comprometidas con la sostenibilidad. Participaron Jessica Domingo, responsable de Sostenibilidad del Grupo SENER; Nieves Cifuentes, directora corporativa de Medio Ambiente de Naturgy; Fernando Arlandis, adjunto al CEO de Canal de Isabel II; e Idoia Marquiegui, directora de Medio Ambiente y Calidad de ANGED. Nieves Cifuentes destac\u00f3 que, para las emisiones no evitables, Naturgy trabaja en su compensaci\u00f3n de la mano de empresas forestales. Todos los ponentes coincidieron en se\u00f1alar que a\u00fan existe un cierto desconocimiento sobre el papel de los bosques como sumideros de carbono y subrayaron la <strong>necesidad de establecer m\u00e1s puentes de colaboraci\u00f3n<\/strong>, tanto a trav\u00e9s de proyectos de compensaci\u00f3n como mediante acciones de sensibilizaci\u00f3n dirigidas a la ciudadan\u00eda.<\/p>\n<p style=\"text-align: justify;\"><img loading=\"lazy\" decoding=\"async\" class=\"alignnone size-full wp-image-5618\" src=\"https:\/\/www.fbycc.org\/wp-content\/uploads\/2025\/04\/MESA-1-scaled.jpg\" alt=\"\" width=\"2560\" height=\"1920\" srcset=\"https:\/\/www.fbycc.org\/wp-content\/uploads\/2025\/04\/MESA-1-scaled.jpg 2560w, https:\/\/www.fbycc.org\/wp-content\/uploads\/2025\/04\/MESA-1-300x225.jpg 300w, https:\/\/www.fbycc.org\/wp-content\/uploads\/2025\/04\/MESA-1-1024x768.jpg 1024w, https:\/\/www.fbycc.org\/wp-content\/uploads\/2025\/04\/MESA-1-768x576.jpg 768w, https:\/\/www.fbycc.org\/wp-content\/uploads\/2025\/04\/MESA-1-800x600.jpg 800w, https:\/\/www.fbycc.org\/wp-content\/uploads\/2025\/04\/MESA-1-1536x1152.jpg 1536w, https:\/\/www.fbycc.org\/wp-content\/uploads\/2025\/04\/MESA-1-2048x1536.jpg 2048w\" sizes=\"auto, (max-width: 2560px) 100vw, 2560px\" \/><\/p>\n<p style=\"text-align: justify;\">A los retos propuestos por el sector empresarial, daba respuesta la segunda mesa que moderaba la coordinadora de Juntos por los Bosques, Asun C\u00e1mara. En esta mesa se demostr\u00f3 que <strong>en Espa\u00f1a existe un sector forestal profesional consolidado, con experiencia y capacidad t\u00e9cnica, que ya est\u00e1 impulsando y desarrollando soluciones clim\u00e1ticas basadas en gesti\u00f3n forestal, proyectos de absorci\u00f3n de carbono y otros servicios ecosist\u00e9micos.<\/strong>\u00a0 Participaron M\u00e1ximo S\u00e1nchez, CEO de AirCO2; Pancho Purroy, director de Land Life Iberia; I\u00f1igo Lizarralde, director de F\u00f6ra Forest Technologies; y Kiko Gonz\u00e1lez Font\u00e1n, director de Estrategia y Desarrollo de Negocio de AMETLAM; quienes expusieron diversas iniciativas dirigidas a acompa\u00f1ar a las empresas en su transici\u00f3n hacia la neutralidad clim\u00e1tica. Todos coincidieron en destacar que estas soluciones forestales no solo generan beneficios clim\u00e1ticos, sino que tambi\u00e9n tienen un impacto directo en la <strong>revitalizaci\u00f3n del medio rural<\/strong>. Las inversiones en estos proyectos representan una oportunidad para dinamizar la \u201cEspa\u00f1a vaciada\u201d, contribuyendo a revertir el abandono de los territorios rurales mediante actividades sostenibles y generadoras de empleo.<\/p>\n<p style=\"text-align: justify;\"><img loading=\"lazy\" decoding=\"async\" class=\"alignnone size-full wp-image-5619\" src=\"https:\/\/www.fbycc.org\/wp-content\/uploads\/2025\/04\/MESA-2-scaled.jpg\" alt=\"\" width=\"2560\" height=\"1920\" srcset=\"https:\/\/www.fbycc.org\/wp-content\/uploads\/2025\/04\/MESA-2-scaled.jpg 2560w, https:\/\/www.fbycc.org\/wp-content\/uploads\/2025\/04\/MESA-2-300x225.jpg 300w, https:\/\/www.fbycc.org\/wp-content\/uploads\/2025\/04\/MESA-2-1024x768.jpg 1024w, https:\/\/www.fbycc.org\/wp-content\/uploads\/2025\/04\/MESA-2-768x576.jpg 768w, https:\/\/www.fbycc.org\/wp-content\/uploads\/2025\/04\/MESA-2-800x600.jpg 800w, https:\/\/www.fbycc.org\/wp-content\/uploads\/2025\/04\/MESA-2-1536x1152.jpg 1536w, https:\/\/www.fbycc.org\/wp-content\/uploads\/2025\/04\/MESA-2-2048x1536.jpg 2048w\" sizes=\"auto, (max-width: 2560px) 100vw, 2560px\" \/><\/p>\n<p style=\"text-align: justify;\">La \u00faltima mesa, moderada por Carmen Avil\u00e9s, Profesora Titular de la Universidad Polit\u00e9cnica de Madrid, se centr\u00f3 en las <strong>propuestas de futuro<\/strong>. En ella participaron representantes de distintos sectores clave para el impulso de las soluciones clim\u00e1ticas forestales: Jaime de R\u00e1bago, director corporativo de Grupo Sylvestris; Luis Javier S\u00e1nchez director de Sostenibilidad y Servicios Ecosist\u00e9micos de ENCE; David Cano, Socio y Fundador de AFI &#8211; Analistas Financieros Internacionales; y Francisco Benedito, CEO de Climate Trade. El debate puso sobre la mesa la importancia de fortalecer la <strong>colaboraci\u00f3n entre los sectores forestal, financiero y empresarial<\/strong> en los pr\u00f3ximos a\u00f1os, para dinamizar la inversi\u00f3n en proyectos de absorci\u00f3n de carbono y otros servicios ecosist\u00e9micos asociados a los bosques. Todos los ponentes coincidieron en que los bosques representan una oportunidad real y estrat\u00e9gica para avanzar hacia la sostenibilidad. Jaime de R\u00e1bago, de Grupo Sylvestris, resum\u00eda esta idea con claridad: \u201cEl dinero est\u00e1, lo \u00fanico que tiene que hacer es fijarse en nosotros\u201d, transmitiendo la necesidad de colaboraci\u00f3n y de comunicaci\u00f3n entre el sector forestal y el financiero.<\/p>\n<p style=\"text-align: justify;\"><img loading=\"lazy\" decoding=\"async\" class=\"alignnone size-full wp-image-5620\" src=\"https:\/\/www.fbycc.org\/wp-content\/uploads\/2025\/04\/MESA-3-2-scaled.jpg\" alt=\"\" width=\"2560\" height=\"1920\" srcset=\"https:\/\/www.fbycc.org\/wp-content\/uploads\/2025\/04\/MESA-3-2-scaled.jpg 2560w, https:\/\/www.fbycc.org\/wp-content\/uploads\/2025\/04\/MESA-3-2-300x225.jpg 300w, https:\/\/www.fbycc.org\/wp-content\/uploads\/2025\/04\/MESA-3-2-1024x768.jpg 1024w, https:\/\/www.fbycc.org\/wp-content\/uploads\/2025\/04\/MESA-3-2-768x576.jpg 768w, https:\/\/www.fbycc.org\/wp-content\/uploads\/2025\/04\/MESA-3-2-800x600.jpg 800w, https:\/\/www.fbycc.org\/wp-content\/uploads\/2025\/04\/MESA-3-2-1536x1152.jpg 1536w, https:\/\/www.fbycc.org\/wp-content\/uploads\/2025\/04\/MESA-3-2-2048x1536.jpg 2048w\" sizes=\"auto, (max-width: 2560px) 100vw, 2560px\" \/><\/p>\n<p style=\"text-align: justify;\">Durante la jornada, Araceli de Carlos Sebasti\u00e1n, directora de negocio de Carbon2Nature \u2014 empresa desarrolladora de proyectos de absorci\u00f3n de carbono de alta calidad tanto en Espa\u00f1a como en pa\u00edses como Brasil, M\u00e9jico y Australia \u2014 ofreci\u00f3 una visi\u00f3n general del estado actual de los mercados de carbono, aportando una perspectiva nacional e internacional. Su intervenci\u00f3n sirvi\u00f3 de introducci\u00f3n al an\u00e1lisis m\u00e1s detallado del modelo franc\u00e9s, presentado por <strong>Roland de Lary, Director del Centro de la Propiedad Forestal de Francia<\/strong>. De Lary expuso ante los asistentes la experiencia de Francia con el <strong>est\u00e1ndar nacional de carbono<\/strong> <strong>franc\u00e9s<\/strong> \u201c<strong>Label bas-carbone<\/strong>\u201d (LBC), que se ha consolidado como una herramienta eficaz para incentivar proyectos forestales innovadores. El LBC contempla actualmente tres metodolog\u00edas aplicables para el registro de proyectos: forestaci\u00f3n, reconstituci\u00f3n de masas forestales degradadas y conversi\u00f3n de monte bajo en monte alto. Hasta 2025, el est\u00e1ndar cuenta con m\u00e1s de cinco millones de toneladas de CO\u2082 registradas, de las cuales aproximadamente la mitad proceden de proyectos forestales, lo que evidencia el papel clave del sector en la acci\u00f3n clim\u00e1tica francesa.<\/p>\n<p style=\"text-align: justify;\"><img loading=\"lazy\" decoding=\"async\" class=\"alignnone size-full wp-image-5621\" src=\"https:\/\/www.fbycc.org\/wp-content\/uploads\/2025\/04\/Roland-de-Lary-scaled.jpg\" alt=\"\" width=\"2560\" height=\"1920\" srcset=\"https:\/\/www.fbycc.org\/wp-content\/uploads\/2025\/04\/Roland-de-Lary-scaled.jpg 2560w, https:\/\/www.fbycc.org\/wp-content\/uploads\/2025\/04\/Roland-de-Lary-300x225.jpg 300w, https:\/\/www.fbycc.org\/wp-content\/uploads\/2025\/04\/Roland-de-Lary-1024x768.jpg 1024w, https:\/\/www.fbycc.org\/wp-content\/uploads\/2025\/04\/Roland-de-Lary-768x576.jpg 768w, https:\/\/www.fbycc.org\/wp-content\/uploads\/2025\/04\/Roland-de-Lary-800x600.jpg 800w, https:\/\/www.fbycc.org\/wp-content\/uploads\/2025\/04\/Roland-de-Lary-1536x1152.jpg 1536w, https:\/\/www.fbycc.org\/wp-content\/uploads\/2025\/04\/Roland-de-Lary-2048x1536.jpg 2048w\" sizes=\"auto, (max-width: 2560px) 100vw, 2560px\" \/><\/p>\n<p style=\"text-align: justify;\">Este evento ha servido para reforzar el v\u00ednculo entre el sector empresarial y el \u00e1mbito forestal, una colaboraci\u00f3n clave para avanzar de manera efectiva en la lucha contra el cambio clim\u00e1tico. A lo largo de la jornada se han abordado los principales retos, pero sobre todo <strong>se ha puesto el foco en las soluciones reales y concretas que los bosques espa\u00f1oles pueden ofrecer a las empresas<\/strong> en sus estrategias de descarbonizaci\u00f3n. Entre las principales conclusiones destacadas, se subray\u00f3 que el sector forestal cuenta con el conocimiento t\u00e9cnico y la experiencia acumulada, que existe una necesidad creciente de compensaci\u00f3n de emisiones y, lo m\u00e1s importante, un firme compromiso con la sostenibilidad. Asimismo, se remarc\u00f3 el enorme potencial que tiene el territorio forestal espa\u00f1ol, cuyas caracter\u00edsticas lo convierten en un aliado estrat\u00e9gico para alcanzar los objetivos clim\u00e1ticos. Invertir en los bosques y en su gesti\u00f3n sostenible no es solo una apuesta ambiental, sino una inversi\u00f3n de futuro en beneficio de toda la sociedad.<\/p>\n<p style=\"text-align: justify;\">Este evento ha sido organizado por el <strong>Foro de Bosques y Cambio Clim\u00e1tico<\/strong>, junto a <strong>ASEMFO<\/strong>, y la <strong>Fundaci\u00f3n G\u00f3mez-Pintado<\/strong>, y ha contado con el patrocinio de <strong>Grupo Sylvestris, Carbon2Nature, Land Life, Ametlam, Foresa, Matinsa y Valfor<\/strong>. La colaboraci\u00f3n de estas entidades demuestra su compromiso con la sostenibilidad ambiental y la lucha contra el cambio clim\u00e1tico.<\/p>\n<div class=\"tx-spacer clearfix\" style=\"height: 20px\"><\/div>\n<p><span style=\"color: #339966; font-size: 18pt;\"><strong>Visualiza el Evento `Soluciones Clim\u00e1ticas Forestales 2025\u00b4 &#8211; Parte 1<\/strong><\/span><\/p>\n<div class=\"tx-youtube-outerwarp\" style=\"width: 100%\"><div class=\"tx-youtube-warp\" style=\"\"><iframe src=\"https:\/\/www.youtube.com\/embed\/PjYegifnQV0?controls=1&amp;showinfo=0&amp;rel=0&amp;autoplay=0\" frameborder=\"0\" allow=\"autoplay\" allowfullscreen><\/iframe><\/div><\/div>\n<div class=\"tx-spacer clearfix\" style=\"height: 20px\"><\/div>\n<p><span style=\"color: #339966; font-size: 18pt;\"><strong>Visualiza el Evento `Soluciones Clim\u00e1ticas Forestales 2025\u00b4 &#8211; Parte 2<\/strong><\/span><\/p>\n<div class=\"tx-youtube-outerwarp\" style=\"width: 100%\"><div class=\"tx-youtube-warp\" style=\"\"><iframe src=\"https:\/\/www.youtube.com\/embed\/f9XcE5xcogk?controls=1&amp;showinfo=0&amp;rel=0&amp;autoplay=0\" frameborder=\"0\" allow=\"autoplay\" allowfullscreen><\/iframe><\/div><\/div>\n<p>&nbsp;<\/p>\n<p>&nbsp;<\/p>\n","protected":false},"excerpt":{"rendered":"<p>\u201cSoluciones Clim\u00e1ticas Forestales 2025\u201d conecta a empresas y sector forestal para impulsar la acci\u00f3n clim\u00e1tica desde los bosques El 8 de abril tuvo lugar el evento \u00abSoluciones Clim\u00e1ticas Forestales 2025: Los bosques<a class=\"moretag\" href=\"https:\/\/www.fbycc.org\/index.php\/2025\/04\/10\/soluciones-climaticas-forestales-2025-conecta-a-empresas-y-sector-forestal\/\">Leer m\u00e1s&#8230;<\/a><\/p>\n","protected":false},"author":5,"featured_media":0,"comment_status":"closed","ping_status":"open","sticky":false,"template":"","format":"standard","meta":{"_monsterinsights_skip_tracking":false,"_monsterinsights_sitenote_active":false,"_monsterinsights_sitenote_note":"","_monsterinsights_sitenote_category":0,"footnotes":""},"categories":[11],"tags":[16,17,18,280],"class_list":["post-5627","post","type-post","status-publish","format-standard","hentry","category-noticias","tag-bosques","tag-cambio-climatico","tag-oecc","tag-soluciones-climaticas-forestales"],"_links":{"self":[{"href":"https:\/\/www.fbycc.org\/index.php\/wp-json\/wp\/v2\/posts\/5627","targetHints":{"allow":["GET"]}}],"collection":[{"href":"https:\/\/www.fbycc.org\/index.php\/wp-json\/wp\/v2\/posts"}],"about":[{"href":"https:\/\/www.fbycc.org\/index.php\/wp-json\/wp\/v2\/types\/post"}],"author":[{"embeddable":true,"href":"https:\/\/www.fbycc.org\/index.php\/wp-json\/wp\/v2\/users\/5"}],"replies":[{"embeddable":true,"href":"https:\/\/www.fbycc.org\/index.php\/wp-json\/wp\/v2\/comments?post=5627"}],"version-history":[{"count":3,"href":"https:\/\/www.fbycc.org\/index.php\/wp-json\/wp\/v2\/posts\/5627\/revisions"}],"predecessor-version":[{"id":5644,"href":"https:\/\/www.fbycc.org\/index.php\/wp-json\/wp\/v2\/posts\/5627\/revisions\/5644"}],"wp:attachment":[{"href":"https:\/\/www.fbycc.org\/index.php\/wp-json\/wp\/v2\/media?parent=5627"}],"wp:term":[{"taxonomy":"category","embeddable":true,"href":"https:\/\/www.fbycc.org\/index.php\/wp-json\/wp\/v2\/categories?post=5627"},{"taxonomy":"post_tag","embeddable":true,"href":"https:\/\/www.fbycc.org\/index.php\/wp-json\/wp\/v2\/tags?post=5627"}],"curies":[{"name":"wp","href":"https:\/\/api.w.org\/{rel}","templated":true}]}}