{"id":5592,"date":"2025-03-18T20:47:39","date_gmt":"2025-03-18T20:47:39","guid":{"rendered":"https:\/\/www.fbycc.org\/?p=5592"},"modified":"2025-12-04T13:06:40","modified_gmt":"2025-12-04T13:06:40","slug":"el-gobierno-aprueba-el-nuevo-real-decreto-de-huella-de-carbono","status":"publish","type":"post","link":"https:\/\/www.fbycc.org\/index.php\/2025\/03\/18\/el-gobierno-aprueba-el-nuevo-real-decreto-de-huella-de-carbono\/","title":{"rendered":"El Gobierno aprueba el Real Decreto de huella de carbono"},"content":{"rendered":"<p style=\"text-align: center;\"><span style=\"font-size: 24pt;\"><strong>El Gobierno aprueba el Real Decreto que ampl\u00eda el alcance del registro de huella de carbono, compensaci\u00f3n y proyectos de absorci\u00f3n de di\u00f3xido de carbono creado en 2014<\/strong><\/span><\/p>\n<div class=\"tx-spacer clearfix\" style=\"height: 20px\"><\/div>\n<p><em>Martes, 18 de marzo de 2025<\/em><\/p>\n<p style=\"text-align: justify;\">El Consejo de Ministros, a propuesta del Ministerio para la Transici\u00f3n Ecol\u00f3gica y el Reto Demogr\u00e1fico (MITECO), ha aprobado este martes el\u00a0Real Decreto por el que se crea el registro de huella de carbono, compensaci\u00f3n y proyectos de absorci\u00f3n de di\u00f3xido de carbono y por el que se establece la <strong>obligaci\u00f3n para grandes\u00a0empresas y administraciones del c\u00e1lculo de la huella de carbono y de la elaboraci\u00f3n y publicaci\u00f3n de planes de reducci\u00f3n de emisiones<\/strong> de gases de efecto invernadero.<\/p>\n<p style=\"text-align: justify;\">Este real decreto\u00a0da continuidad al <b>Registro de huella de carbono, compensaci\u00f3n y proyectos de absorci\u00f3n de di\u00f3xido de carbono del MITECO <\/b>que lleva en funcionamiento desde el a\u00f1o<b> 2014<\/b>. Tras m\u00e1s de una d\u00e9cada de funcionamiento en la que se han inscrito 14.250 huellas de carbono, se han repoblado 23.348 ha y se han reconocido compensaciones de huella de carbono correspondientes a 154.406 tCO<sub>2<\/sub>,\u00a0se ha considerado oportuno<b> ampliar su alcance<\/b> para:<\/p>\n<ul style=\"text-align: justify;\">\n<li>dar cabida a <strong>nuevas tipolog\u00edas de proyectos de absorci\u00f3n<\/strong> y a las huellas de carbono de evento,<\/li>\n<li>introducir aclaraciones adicionales que permitan mejorar su funcionamiento,<\/li>\n<li>establecer <strong>requisitos adicionales de participaci\u00f3n<\/strong> que completen los ya existentes,<\/li>\n<li>introducir <strong>mejoras en la tramitaci\u00f3n<\/strong>, y<\/li>\n<li>reforzar la coordinaci\u00f3n con los <strong>registros equivalentes auton\u00f3micos<\/strong>.<\/li>\n<\/ul>\n<p style=\"text-align: justify;\">Adem\u00e1s, mediante la norma hoy aprobada, tal y como recog\u00eda la Ley 7\/2021, de 20 de mayo, de cambio clim\u00e1tico y transici\u00f3n energ\u00e9tica, se establece la <strong>obligaci\u00f3n del c\u00e1lculo de la huella de carbono<\/strong>, del <strong>establecimiento de un plan de reducci\u00f3n de emisiones<\/strong> de gases de efecto invernadero y de su <strong>publicaci\u00f3n<\/strong> para un conjunto de empresas, as\u00ed como de todas las instituciones de la Administraci\u00f3n general del Estado.<\/p>\n<p style=\"text-align: justify;\">El RD considera el mismo grupo de <strong>empresas<\/strong> con obligaci\u00f3n de calcular la huella o establecer un plan de reducci\u00f3n por la Ley 11\/2018, de 28 de diciembre, que establece obligaciones espec\u00edficas para ciertas empresas en Espa\u00f1a en relaci\u00f3n con la divulgaci\u00f3n de informaci\u00f3n no financiera y diversidad; empresas que formulen cuentas consolidadas y las sociedades de capital cuyo n\u00famero medio de trabajadores empleados durante el ejercicio sea superior a 500 y tengan la consideraci\u00f3n de entidades de inter\u00e9s p\u00fablico o bien, cumplan la condici\u00f3n para ser considerada gran empresa.<\/p>\n<p style=\"text-align: justify;\">Asimismo, la normativa extiende la exigencia a la\u00a0<strong>Administraci\u00f3n General del Estado<\/strong>, incluyendo\u00a0ministerios, organismos aut\u00f3nomos y as\u00ed como las entidades gestoras y los servicios comunes de la seguridad social, y otras entidades del sector p\u00fablico administrativo estatal, que deber\u00e1n calcular de manera anual la huella de carbono de su organizaci\u00f3n seg\u00fan los requisitos establecidos en este real decreto.<\/p>\n<p style=\"text-align: justify;\">El registro de huella de carbono, compensaci\u00f3n y proyectos de absorci\u00f3n de di\u00f3xido de carbono <strong>recoge los esfuerzos de las organizaciones espa\u00f1olas en el c\u00e1lculo y reducci\u00f3n de las emisiones de gases de efecto invernadero<\/strong> que genera su actividad. A su vez,\u00a0les facilita la posibilidad de compensar toda o parte de su huella de carbono, mediante una serie de proyectos forestales ubicados en territorio nacional. Estos proyectos integran numerosos beneficios ambientales y sociales, entre los que se encuentra la absorci\u00f3n de di\u00f3xido de carbono de la atm\u00f3sfera.<\/p>\n<p style=\"text-align: justify;\">Este nuevo marco regulador responde a la creciente demanda social de acciones efectivas contra el\u00a0cambio clim\u00e1tico\u00a0y refuerza el compromiso de Espa\u00f1a con sus objetivos internacionales en\u00a0descarbonizaci\u00f3n y transici\u00f3n energ\u00e9tica.<\/p>\n<p><span style=\"font-size: 10pt;\">Fuente: <a href=\"https:\/\/www.miteco.gob.es\/es\/prensa\/ultimas-noticias\/2025\/marzo\/el-gobierno-aprueba-el-real-decreto-que-crea-el-registro-de-huel.html?s=08\">www.miteco.gob.es<\/a><\/span><\/p>\n","protected":false},"excerpt":{"rendered":"<p>El Gobierno aprueba el Real Decreto que ampl\u00eda el alcance del registro de huella de carbono, compensaci\u00f3n y proyectos de absorci\u00f3n de di\u00f3xido de carbono creado en 2014 Martes, 18 de marzo<a class=\"moretag\" href=\"https:\/\/www.fbycc.org\/index.php\/2025\/03\/18\/el-gobierno-aprueba-el-nuevo-real-decreto-de-huella-de-carbono\/\">Leer m\u00e1s&#8230;<\/a><\/p>\n","protected":false},"author":5,"featured_media":0,"comment_status":"closed","ping_status":"open","sticky":false,"template":"","format":"standard","meta":{"_monsterinsights_skip_tracking":false,"_monsterinsights_sitenote_active":false,"_monsterinsights_sitenote_note":"","_monsterinsights_sitenote_category":0,"footnotes":""},"categories":[11],"tags":[16,17,48],"class_list":["post-5592","post","type-post","status-publish","format-standard","hentry","category-noticias","tag-bosques","tag-cambio-climatico","tag-huella-de-carbono"],"_links":{"self":[{"href":"https:\/\/www.fbycc.org\/index.php\/wp-json\/wp\/v2\/posts\/5592","targetHints":{"allow":["GET"]}}],"collection":[{"href":"https:\/\/www.fbycc.org\/index.php\/wp-json\/wp\/v2\/posts"}],"about":[{"href":"https:\/\/www.fbycc.org\/index.php\/wp-json\/wp\/v2\/types\/post"}],"author":[{"embeddable":true,"href":"https:\/\/www.fbycc.org\/index.php\/wp-json\/wp\/v2\/users\/5"}],"replies":[{"embeddable":true,"href":"https:\/\/www.fbycc.org\/index.php\/wp-json\/wp\/v2\/comments?post=5592"}],"version-history":[{"count":7,"href":"https:\/\/www.fbycc.org\/index.php\/wp-json\/wp\/v2\/posts\/5592\/revisions"}],"predecessor-version":[{"id":5600,"href":"https:\/\/www.fbycc.org\/index.php\/wp-json\/wp\/v2\/posts\/5592\/revisions\/5600"}],"wp:attachment":[{"href":"https:\/\/www.fbycc.org\/index.php\/wp-json\/wp\/v2\/media?parent=5592"}],"wp:term":[{"taxonomy":"category","embeddable":true,"href":"https:\/\/www.fbycc.org\/index.php\/wp-json\/wp\/v2\/categories?post=5592"},{"taxonomy":"post_tag","embeddable":true,"href":"https:\/\/www.fbycc.org\/index.php\/wp-json\/wp\/v2\/tags?post=5592"}],"curies":[{"name":"wp","href":"https:\/\/api.w.org\/{rel}","templated":true}]}}