{"id":5520,"date":"2025-02-26T13:44:06","date_gmt":"2025-02-26T13:44:06","guid":{"rendered":"https:\/\/www.fbycc.org\/?p=5520"},"modified":"2025-02-26T13:44:06","modified_gmt":"2025-02-26T13:44:06","slug":"el-foro-suma-una-nueva-entidad-asociada-en-2025-la-fic","status":"publish","type":"post","link":"https:\/\/www.fbycc.org\/index.php\/2025\/02\/26\/el-foro-suma-una-nueva-entidad-asociada-en-2025-la-fic\/","title":{"rendered":"El Foro suma una nueva entidad asociada en 2025: la FIC"},"content":{"rendered":"<p style=\"text-align: center;\"><span style=\"font-size: 24pt;\"><strong>La Fundaci\u00f3n para la Investigaci\u00f3n del Clima se suma al\u00a0<\/strong><strong>Foro de Bosques y Cambio Clim\u00e1tico<\/strong><\/span><\/p>\n<p style=\"text-align: center;\"><em>Con la adhesi\u00f3n la Fundaci\u00f3n para la Investigaci\u00f3n del Clima, el Foro incorpora a su red de asociados a esta entidad destacada en investigaci\u00f3n, innovaci\u00f3n y desarrollo de soluciones en el \u00e1mbito del cambio clim\u00e1tico<\/em><\/p>\n<p style=\"text-align: justify;\">El <a href=\"https:\/\/www.fbycc.org\/wp-content\/uploads\/2024\/10\/Comentarios_FByCC_Libro_Verde_Finanzas_Sostenibles_241016.pdf%20https:\/www.fbycc.org\/wp-content\/uploads\/2024\/10\/Comentarios_FByCC_Libro_Verde_Finanzas_Sostenibles_241016.pdf\">Foro de Bosques y Cambio Clim\u00e1tico<\/a> fortalece su red de colaboradores en el \u00e1mbito de la actividad forestal sostenible y la lucha contra el cambio clim\u00e1tico con la adhesi\u00f3n de la <a href=\"https:\/\/www.ficlima.org\/\">Fundaci\u00f3n para la Investigaci\u00f3n del Clima (FIC).<\/a><img loading=\"lazy\" decoding=\"async\" class=\"wp-image-5523 alignright\" src=\"https:\/\/www.fbycc.org\/wp-content\/uploads\/2025\/02\/socios-asociacion-1.png\" alt=\"\" width=\"553\" height=\"704\" srcset=\"https:\/\/www.fbycc.org\/wp-content\/uploads\/2025\/02\/socios-asociacion-1.png 1414w, https:\/\/www.fbycc.org\/wp-content\/uploads\/2025\/02\/socios-asociacion-1-236x300.png 236w, https:\/\/www.fbycc.org\/wp-content\/uploads\/2025\/02\/socios-asociacion-1-804x1024.png 804w, https:\/\/www.fbycc.org\/wp-content\/uploads\/2025\/02\/socios-asociacion-1-768x978.png 768w, https:\/\/www.fbycc.org\/wp-content\/uploads\/2025\/02\/socios-asociacion-1-1206x1536.png 1206w\" sizes=\"auto, (max-width: 553px) 100vw, 553px\" \/><\/p>\n<p style=\"text-align: justify;\">La FIC es una entidad dedicada a la investigaci\u00f3n, la innovaci\u00f3n y el desarrollo de soluciones en el \u00e1mbito del cambio clim\u00e1tico, climatolog\u00eda, meteorolog\u00eda, medio ambiente y cooperaci\u00f3n al desarrollo. Esta entidad pone su conocimiento y experiencia de m\u00e1s de 30 a\u00f1os al servicio de administraciones, organizaciones sociales, empresas y la sociedad en general, con el fin de desarrollar soluciones a desaf\u00edos planteados por el clima en diferentes \u00e1reas como: agricultura, biodiversidad y recursos naturales, hidrolog\u00eda, ciudades e infraestructuras, turismo, energ\u00eda, cooperaci\u00f3n internacional para el desarrollo, etc.<\/p>\n<p style=\"text-align: justify;\">Entre otras muchas actividades, desde la FIC se analizan escenarios clim\u00e1ticos de riesgo para la biodiversidad en el \u00e1mbito forestal, permitiendo identificar las amenazas que afectan a nuestros ecosistemas y estudiar su evoluci\u00f3n en el futuro. En este compromiso de lucha contra el cambio clim\u00e1tico y protecci\u00f3n del medio ambiente, la FIC se ha alineado con el Foro de Bosques y Cambio Clim\u00e1tico, uni\u00e9ndose a su grupo de socios, conformado por organizaciones del sector forestal, entidades y empresas espa\u00f1olas, comprometidas con la defensa de las funciones de los bosques y formaciones vegetales en la lucha contra el cambio clim\u00e1tico.<\/p>\n<p style=\"text-align: justify;\">\n<p style=\"text-align: justify;\">Durante el pasado a\u00f1o, 2024, fueron 3 las entidades que se asociaron al Foro y en febrero de 2025 la FIC se une a la defensa del papel de los bosques frente al cambio clim\u00e1tico, objetivo que la asociaci\u00f3n persigue desde 2004.<\/p>\n<p style=\"text-align: justify;\">Con la adhesi\u00f3n de este nuevo socio, el Foro de Bosques y Cambio Clim\u00e1tico refuerza su posici\u00f3n como plataforma de colaboraci\u00f3n y la acci\u00f3n concreta en la preservaci\u00f3n de los bosques mediante la gesti\u00f3n forestal activa y sostenible por su rol en la lucha contra el cambio clim\u00e1tico.<\/p>\n<p style=\"text-align: justify;\">Para m\u00e1s informaci\u00f3n sobre nuestros socios: <a href=\"https:\/\/www.fbycc.org\/index.php\/socios\/\">https:\/\/www.fbycc.org\/index.php\/socios\/<\/a><\/p>\n<p style=\"text-align: justify;\">Para m\u00e1s informaci\u00f3n sobre la Fundaci\u00f3n para la Investigaci\u00f3n del Clima: <a href=\"https:\/\/www.ficlima.org\/\">https:\/\/www.ficlima.org\/<\/a><\/p>\n<p>&nbsp;<\/p>\n<p style=\"text-align: justify;\"><strong>Sobre el Foro de Bosques y Cambio Clim\u00e1tico<\/strong><\/p>\n<p style=\"text-align: justify;\">El Foro de Bosques y Cambio Clim\u00e1tico es una asociaci\u00f3n sin \u00e1nimo de lucro integrada por los principales agentes del sector forestal y otras entidades afines, que apoyan de forma un\u00e1nime la funci\u00f3n que desempe\u00f1an los bosques en la lucha contra el cambio clim\u00e1tico.<\/p>\n<p><a href=\"http:\/\/www.fbycc.org\/\"><em>www.fbycc.org<\/em><\/a><\/p>\n","protected":false},"excerpt":{"rendered":"<p>La Fundaci\u00f3n para la Investigaci\u00f3n del Clima se suma al\u00a0Foro de Bosques y Cambio Clim\u00e1tico Con la adhesi\u00f3n la Fundaci\u00f3n para la Investigaci\u00f3n del Clima, el Foro incorpora a su red de<a class=\"moretag\" href=\"https:\/\/www.fbycc.org\/index.php\/2025\/02\/26\/el-foro-suma-una-nueva-entidad-asociada-en-2025-la-fic\/\">Leer m\u00e1s&#8230;<\/a><\/p>\n","protected":false},"author":5,"featured_media":0,"comment_status":"closed","ping_status":"open","sticky":false,"template":"","format":"standard","meta":{"_monsterinsights_skip_tracking":false,"_monsterinsights_sitenote_active":false,"_monsterinsights_sitenote_note":"","_monsterinsights_sitenote_category":0,"footnotes":""},"categories":[11],"tags":[16,17,203],"class_list":["post-5520","post","type-post","status-publish","format-standard","hentry","category-noticias","tag-bosques","tag-cambio-climatico","tag-clima"],"_links":{"self":[{"href":"https:\/\/www.fbycc.org\/index.php\/wp-json\/wp\/v2\/posts\/5520","targetHints":{"allow":["GET"]}}],"collection":[{"href":"https:\/\/www.fbycc.org\/index.php\/wp-json\/wp\/v2\/posts"}],"about":[{"href":"https:\/\/www.fbycc.org\/index.php\/wp-json\/wp\/v2\/types\/post"}],"author":[{"embeddable":true,"href":"https:\/\/www.fbycc.org\/index.php\/wp-json\/wp\/v2\/users\/5"}],"replies":[{"embeddable":true,"href":"https:\/\/www.fbycc.org\/index.php\/wp-json\/wp\/v2\/comments?post=5520"}],"version-history":[{"count":13,"href":"https:\/\/www.fbycc.org\/index.php\/wp-json\/wp\/v2\/posts\/5520\/revisions"}],"predecessor-version":[{"id":5539,"href":"https:\/\/www.fbycc.org\/index.php\/wp-json\/wp\/v2\/posts\/5520\/revisions\/5539"}],"wp:attachment":[{"href":"https:\/\/www.fbycc.org\/index.php\/wp-json\/wp\/v2\/media?parent=5520"}],"wp:term":[{"taxonomy":"category","embeddable":true,"href":"https:\/\/www.fbycc.org\/index.php\/wp-json\/wp\/v2\/categories?post=5520"},{"taxonomy":"post_tag","embeddable":true,"href":"https:\/\/www.fbycc.org\/index.php\/wp-json\/wp\/v2\/tags?post=5520"}],"curies":[{"name":"wp","href":"https:\/\/api.w.org\/{rel}","templated":true}]}}