{"id":5470,"date":"2025-02-11T13:01:12","date_gmt":"2025-02-11T13:01:12","guid":{"rendered":"https:\/\/www.fbycc.org\/?p=5470"},"modified":"2025-02-12T10:33:53","modified_gmt":"2025-02-12T10:33:53","slug":"mujeres-en-la-ciencia-forestal","status":"publish","type":"post","link":"https:\/\/www.fbycc.org\/index.php\/2025\/02\/11\/mujeres-en-la-ciencia-forestal\/","title":{"rendered":"Mujeres en la ciencia forestal"},"content":{"rendered":"<p style=\"text-align: justify;\"><img loading=\"lazy\" decoding=\"async\" class=\"size-full wp-image-5474\" style=\"font-weight: bold; background-color: transparent;\" src=\"https:\/\/www.fbycc.org\/wp-content\/uploads\/2025\/02\/Diseno-sin-titulo-1.jpg\" alt=\"\" width=\"1920\" height=\"981\" srcset=\"https:\/\/www.fbycc.org\/wp-content\/uploads\/2025\/02\/Diseno-sin-titulo-1.jpg 1920w, https:\/\/www.fbycc.org\/wp-content\/uploads\/2025\/02\/Diseno-sin-titulo-1-300x153.jpg 300w, https:\/\/www.fbycc.org\/wp-content\/uploads\/2025\/02\/Diseno-sin-titulo-1-1024x523.jpg 1024w, https:\/\/www.fbycc.org\/wp-content\/uploads\/2025\/02\/Diseno-sin-titulo-1-768x392.jpg 768w, https:\/\/www.fbycc.org\/wp-content\/uploads\/2025\/02\/Diseno-sin-titulo-1-1536x785.jpg 1536w\" sizes=\"auto, (max-width: 1920px) 100vw, 1920px\" \/><\/p>\n<p style=\"text-align: justify;\">Cada 11 de febrero celebramos el D\u00eda Internacional de la Mujer y la Ni\u00f1a en la ciencia, con un doble objetivo:<\/p>\n<ul class=\"wp-block-list\" style=\"text-align: justify;\">\n<li>Visibilizar el trabajo de las mujeres que se dedican a las \u00e1reas STEM\u00a0<em>(Science, Technology, Engineering and Mathematics)<\/em>, creando as\u00ed referentes femeninos para la infancia que puedan contribuir a la elecci\u00f3n de estas \u00e1reas como carreras profesionales.<\/li>\n<li>Conocer los diferentes factores que afectan a la situaci\u00f3n actual de la mujer en las \u00e1reas STEM para fomentar pr\u00e1cticas que conduzcan a su eliminaci\u00f3n y alcanzar la igualdad de g\u00e9nero en el \u00e1mbito cient\u00edfico.<\/li>\n<\/ul>\n<p style=\"text-align: justify;\">Este 11 de febrero de 2025 es el d\u00e9cimo aniversario de esta efem\u00e9ride, y desde el Foro de Bosques y Cambio clim\u00e1tico les hemos preguntado a las cient\u00edficas de las entidades socias del Foro <strong>qu\u00e9 les hizo dedicarse a la ciencia forestal,\u00a0<\/strong>testimonios que queremos que inspiren a futuras ni\u00f1as a escoger carreras cient\u00edficas y t\u00e9cnicas forestales, porque la ciencia necesita de todas las mentes para afrontar los retos del cambio clim\u00e1tico.<\/p>\n<p style=\"text-align: justify;\"><div class=\"tx-spacer clearfix\" style=\"height: 20px\"><\/div>\n<p style=\"text-align: justify;\"><strong><span style=\"font-size: 14pt;\"><div class=\"tx-heading\" style=\"margin-bottom:24px; text-align: left;\"><h2 class=\"tx-heading-tag\" style=\"font-size:24px;\">Marta Pardos M\u00ednguez - ICIFOR (INIA-CSIC)<\/h2><\/div><\/span><\/strong><\/p>\n<p><strong>Cient\u00edfica Titular de OPIS en ICIFOR (INIA-CSIC)<\/strong><\/p>\n<p style=\"text-align: justify;\"><strong><img loading=\"lazy\" decoding=\"async\" class=\"size-full wp-image-5477 alignleft\" src=\"https:\/\/www.fbycc.org\/wp-content\/uploads\/2025\/02\/EQfV2srWoAAl9DH.jpg\" alt=\"\" width=\"451\" height=\"334\" srcset=\"https:\/\/www.fbycc.org\/wp-content\/uploads\/2025\/02\/EQfV2srWoAAl9DH.jpg 451w, https:\/\/www.fbycc.org\/wp-content\/uploads\/2025\/02\/EQfV2srWoAAl9DH-300x222.jpg 300w\" sizes=\"auto, (max-width: 451px) 100vw, 451px\" \/><\/strong><\/p>\n<p style=\"text-align: justify;\"><span style=\"color: #008000;\">\u00bfQu\u00e9 te motiv\u00f3 a dedicarte a la ciencia forestal y c\u00f3mo crees que tu trabajo contribuye a la lucha contra el cambio clim\u00e1tico? <\/span>He sido una privilegiada, <strong>al estar la ciencia forestal presente en mi vida desde ni\u00f1a<\/strong>. Esto me motiv\u00f3 a enfocar mi carrera profesional a la investigaci\u00f3n forestal, donde he profundizado sobre la Gesti\u00f3n Forestal Sostenible y c\u00f3mo a trav\u00e9s de la misma se asegura el mantenimiento de\u00a0la resiliencia de los bosques para hacer frente a\u00a0 las perturbaciones, as\u00ed como su capacidad para adaptarse y mitigar los efectos de cambio global, garantizando su regeneraci\u00f3n y persistencia en el tiempo y maximizando sus beneficios socioecon\u00f3micos.<\/p>\n<p style=\"text-align: justify;\"><span style=\"color: #008000;\">Si pudieras dar un consejo a las futuras generaciones de cient\u00edficas ambientales, \u00bfcu\u00e1l ser\u00eda?\u00a0<\/span>Todo\u00a0lo que nos ayude a avanzar en el conocimiento de la ciencia forestal ya se considera un reto y una motivaci\u00f3n. La carrera investigadora puede estar llena de obst\u00e1culos, pero <strong>las satisfacciones son superiores<\/strong>.<\/p>\n<p style=\"text-align: justify;\"><span style=\"color: #008000;\">\u00bfCu\u00e1l es el mayor reto y la mayor satisfacci\u00f3n de trabajar en ciencia?<\/span>\u00a0Mi mayor satisfacci\u00f3n es la <strong>aplicaci\u00f3n pr\u00e1ctica de lo que hago<\/strong>, que los resultados de mi investigaci\u00f3n sirvan\u00a0 a los t\u00e9cnicos forestales en el camino hacia la Gesti\u00f3n Forestal Sostenible. El mayor reto es hacer llegar la ciencia forestal a la Sociedad y, en este aspecto, la <strong>divulgaci\u00f3n<\/strong> es fundamental.<\/p>\n<p>&nbsp;<\/p>\n<p style=\"text-align: justify;\"><strong><span style=\"font-size: 14pt;\"><div class=\"tx-heading\" style=\"margin-bottom:24px; text-align: left;\"><h2 class=\"tx-heading-tag\" style=\"font-size:24px;\">Laura Teresa Mart\u00edn Sampedro - UCAV<\/h2><\/div><\/span><\/strong><\/p>\n<p><strong>T\u00e9cnico del Centro Tecnol\u00f3gico de Restauraci\u00f3n Forestal y Sostenibilidad (SOSTEFOR) y profesora de la facultad de Ciencias y Artes en la Universidad Cat\u00f3lica de \u00c1vila (UCAV)<\/strong><\/p>\n<div style=\"text-align: justify;\"><span style=\"color: #008000;\"><img loading=\"lazy\" decoding=\"async\" class=\"wp-image-5484 alignright\" src=\"https:\/\/www.fbycc.org\/wp-content\/uploads\/2025\/02\/thumbnail_Laura-Martin-scaled.jpg\" alt=\"\" width=\"323\" height=\"486\" srcset=\"https:\/\/www.fbycc.org\/wp-content\/uploads\/2025\/02\/thumbnail_Laura-Martin-scaled.jpg 1703w, https:\/\/www.fbycc.org\/wp-content\/uploads\/2025\/02\/thumbnail_Laura-Martin-200x300.jpg 200w, https:\/\/www.fbycc.org\/wp-content\/uploads\/2025\/02\/thumbnail_Laura-Martin-681x1024.jpg 681w, https:\/\/www.fbycc.org\/wp-content\/uploads\/2025\/02\/thumbnail_Laura-Martin-768x1155.jpg 768w, https:\/\/www.fbycc.org\/wp-content\/uploads\/2025\/02\/thumbnail_Laura-Martin-1022x1536.jpg 1022w, https:\/\/www.fbycc.org\/wp-content\/uploads\/2025\/02\/thumbnail_Laura-Martin-1362x2048.jpg 1362w\" sizes=\"auto, (max-width: 323px) 100vw, 323px\" \/>\u00bfQu\u00e9 te motiv\u00f3 a dedicarte a la ciencia forestal y c\u00f3mo crees que tu trabajo contribuye a la lucha contra el cambio clim\u00e1tico?<\/span> Desde ni\u00f1a he tenido una relaci\u00f3n directa con la naturaleza, las monta\u00f1as, el pueblo, los bosques, deporte outdoor&#8230; y me ha gustado tanto que sent\u00ed querer aprender m\u00e1s de ello y vincularme profesionalmente al monte. Mi trabajo contribuye a luchar contra el\u00a0cambio clim\u00e1tico porque ejecutamos contratos de c\u00e1lculo, reducci\u00f3n y compensaci\u00f3n de huella de carbono pero adem\u00e1s llevamos a cabo una labor investigadora y de transferencia de conocimiento muy importante sobre c\u00f3mo la restauraci\u00f3n forestal, el pastoreo en extensivo y la educaci\u00f3n ambiental son aliados frente al cambio clim\u00e1tico. En SOSTEFOR hay dos pilares importantes que son la sostenibilidad y la educaci\u00f3n forestal, siendo important\u00edsimo para nosotros la divulgaci\u00f3n ambiental pues consideramos que <strong>solo se protege lo que se ama y solo se ama lo que se conoce<\/strong>; por ello abogamos por una <strong>pedagog\u00eda verde de calidad<\/strong>.<\/div>\n<div style=\"text-align: justify;\"><\/div>\n<div style=\"text-align: justify;\"><span style=\"color: #008000;\">Si pudieras dar un consejo a las futuras generaciones de cient\u00edficas ambientales, \u00bfcu\u00e1l ser\u00eda?<\/span> <strong>Mi felicitaci\u00f3n en primer lugar por contribuir al cuidado del planeta que es la casa de todos<\/strong> porque cada uno de nosotros\u00a0somos naturaleza y que pongan pasi\u00f3n en lo que hacen siendo siempre coherentes con su vida. A mi me apasiona investigar y transmitir, por ejemplo, los servicios ecosist\u00e9micos de un bosque porque amo los \u00e1rboles y para m\u00ed son importantes.<\/div>\n<div style=\"text-align: justify;\"><\/div>\n<div style=\"text-align: justify;\"><span style=\"color: #008000;\">\u00bfCu\u00e1l es el mayor reto y la mayor satisfacci\u00f3n de trabajar en ciencia?<\/span> Para m\u00ed el mayor reto son los tiempos que se manejan a veces. Los resultados no son inmediatos sobre todo cuando se trata de investigaci\u00f3n y hay mucha tarea detr\u00e1s\u00a0en ocasiones poco visible. La mayor satisfacci\u00f3n es <strong>poder estar en contacto directo con la naturaleza y transferir a la sociedad su importancia<\/strong>, el concepto de biofilia pero no como algo te\u00f3rico sino pudiendolo experimentar y demostrar.<\/div>\n<p style=\"text-align: justify;\"><div class=\"tx-spacer clearfix\" style=\"height: 20px\"><\/div>\n<p>&nbsp;<\/p>\n<p><strong><span style=\"font-size: 14pt;\"><div class=\"tx-heading\" style=\"margin-bottom:24px; text-align: left;\"><h2 class=\"tx-heading-tag\" style=\"font-size:24px;\">M\u00aa Bel\u00e9n Turri\u00f3n Nieves - iuFOR<\/h2><\/div><\/span><\/strong><\/p>\n<p><strong>Directora del <span data-olk-copy-source=\"MessageBody\">Instituto Universitario de Investigaci\u00f3n en Gesti\u00f3n Forestal Sostenible (iuFOR) <\/span>y Catedr\u00e1tica de Edafolog\u00eda y Qu\u00edmica Agr\u00edcola de la ETSIIAA de Palencia, Universidad de Valladolid<\/strong><\/p>\n<div>\n<p><span style=\"color: #008000;\"><span style=\"color: #008000;\"><img loading=\"lazy\" decoding=\"async\" class=\"wp-image-5488 alignleft\" src=\"https:\/\/www.fbycc.org\/wp-content\/uploads\/2025\/02\/Belen-foto-recortada-1.jpg\" alt=\"\" width=\"432\" height=\"429\" srcset=\"https:\/\/www.fbycc.org\/wp-content\/uploads\/2025\/02\/Belen-foto-recortada-1.jpg 2242w, https:\/\/www.fbycc.org\/wp-content\/uploads\/2025\/02\/Belen-foto-recortada-1-300x298.jpg 300w, https:\/\/www.fbycc.org\/wp-content\/uploads\/2025\/02\/Belen-foto-recortada-1-1024x1018.jpg 1024w, https:\/\/www.fbycc.org\/wp-content\/uploads\/2025\/02\/Belen-foto-recortada-1-150x150.jpg 150w, https:\/\/www.fbycc.org\/wp-content\/uploads\/2025\/02\/Belen-foto-recortada-1-768x764.jpg 768w, https:\/\/www.fbycc.org\/wp-content\/uploads\/2025\/02\/Belen-foto-recortada-1-50x50.jpg 50w, https:\/\/www.fbycc.org\/wp-content\/uploads\/2025\/02\/Belen-foto-recortada-1-1536x1527.jpg 1536w, https:\/\/www.fbycc.org\/wp-content\/uploads\/2025\/02\/Belen-foto-recortada-1-2048x2036.jpg 2048w\" sizes=\"auto, (max-width: 432px) 100vw, 432px\" \/><\/span><\/span><\/p>\n<p style=\"text-align: justify;\"><span style=\"color: #008000;\">\u00bfQu\u00e9 te motiv\u00f3 a dedicarte a la ciencia forestal y c\u00f3mo crees que tu trabajo contribuye a la lucha contra el cambio clim\u00e1tico? <\/span>Desde mis primeros estudios en Ciencias Qu\u00edmicas, siempre <strong>me ha fascinado la interacci\u00f3n entre la materia y el medioambiente<\/strong>, pero fue durante mi Tesis Doctoral y mi estancia postdoctoral en Alemania cuando comprend\u00ed el <strong>papel crucial del suelo en los ecosistemas forestales y su influencia en la sostenibilidad del planeta<\/strong>. La edafolog\u00eda no solo me permiti\u00f3 unir mi formaci\u00f3n en qu\u00edmica con la ecolog\u00eda, sino que me dio la oportunidad de abordar preguntas fundamentales sobre c\u00f3mo el uso del suelo y su manejo afectan su fertilidad, su biodiversidad y, sobre todo, su capacidad de capturar y almacenar carbono. Mi trabajo contribuye a la lucha contra el cambio clim\u00e1tico porque se centra en comprender c\u00f3mo las pr\u00e1cticas de gesti\u00f3n del suelo pueden mejorar su capacidad de secuestro de carbono y reducir la emisi\u00f3n de gases de efecto invernadero. Al estudiar la materia org\u00e1nica del suelo y su din\u00e1mica, proporcionamos informaci\u00f3n clave para dise\u00f1ar estrategias de manejo sostenible que permitan mitigar los efectos del cambio clim\u00e1tico, conservar la fertilidad del suelo y garantizar su resiliencia ante los desaf\u00edos ambientales del futuro.<\/p>\n<p style=\"text-align: justify;\"><span style=\"color: #008000;\">Si pudieras dar un consejo a las futuras generaciones de cient\u00edficas ambientales, \u00bfcu\u00e1l ser\u00eda? <\/span>Les dir\u00eda que la ciencia ambiental es, ante todo,<strong> un compromiso con el planeta y con la sociedad<\/strong>. Es un campo en el que el conocimiento debe ir acompa\u00f1ado de pasi\u00f3n, perseverancia y visi\u00f3n a largo plazo. Mi consejo es que nunca pierdan la curiosidad y la capacidad de hacerse preguntas. La investigaci\u00f3n no es un camino lineal ni exento de dificultades, pero cada hallazgo, por peque\u00f1o que parezca, es un paso adelante en la construcci\u00f3n de un futuro m\u00e1s sostenible. Adem\u00e1s, les animar\u00eda a buscar colaboraciones interdisciplinares, a conectar la ciencia con la gesti\u00f3n y la toma de decisiones y a comunicar sus resultados de manera accesible y efectiva. La ciencia solo transforma el mundo si logra salir de los laboratorios y llegar a quienes toman decisiones y a la sociedad en su conjunto. Tambi\u00e9n<strong> es fundamental que las cient\u00edficas ambientales se apoyen mutuamente y fomenten la igualdad de oportunidades en el \u00e1mbito acad\u00e9mico y profesional<\/strong>. La diversidad de perspectivas en la ciencia es clave para encontrar soluciones innovadoras a los grandes desaf\u00edos ambientales.<\/p>\n<p style=\"text-align: justify;\"><span style=\"color: #008000;\">\u00bfCu\u00e1l es el mayor reto y la mayor satisfacci\u00f3n de trabajar en ciencia? <\/span>Uno de los mayores retos es la incertidumbre inherente al proceso cient\u00edfico, ya que <strong>la investigaci\u00f3n no siempre sigue un camino claro ni lineal.<\/strong> A diferencia de otros campos donde las acciones pueden tener resultados predecibles, en la ciencia muchas veces no sabemos con certeza qu\u00e9 encontraremos, si nuestras hip\u00f3tesis ser\u00e1n correctas o si los experimentos dar\u00e1n los resultados esperados. La investigaci\u00f3n es un camino lleno de preguntas sin respuestas inmediatas. Adem\u00e1s, la ciencia exige paciencia y una mentalidad resiliente para enfrentar el escepticismo, la competencia y las dificultades que pueden surgir en la carrera investigadora. Sin embargo, la mayor satisfacci\u00f3n es la posibilidad de contribuir al conocimiento y generar un impacto real en la sociedad y el medioambiente. Para m\u00ed, ver c\u00f3mo nuestros estudios pueden influir en las pr\u00e1cticas de gesti\u00f3n del suelo, ayudar a mitigar el cambio clim\u00e1tico o mejorar la sostenibilidad de los ecosistemas forestales es una recompensa inmensa. Adem\u00e1s, la ciencia me ha permitido formar y motivar a nuevas generaciones de investigadores, lo que me llena de orgullo. Ver a estudiantes y doctorandos desarrollar su propio camino y aportar nuevos conocimientos es una de las mayores alegr\u00edas de mi carrera acad\u00e9mica. En definitiva, trabajar en ciencia es un desaf\u00edo constante, pero tambi\u00e9n una <strong>fuente inagotable de aprendizaje, innovaci\u00f3n y contribuci\u00f3n a un mundo m\u00e1s sostenible<\/strong>.<\/p>\n<p><strong><span style=\"font-size: 14pt;\"><div class=\"tx-heading\" style=\"margin-bottom:24px; text-align: left;\"><h2 class=\"tx-heading-tag\" style=\"font-size:24px;\">Olaya Mediavilla Santos - iuFOR<\/h2><\/div><\/span><\/strong><\/p>\n<p><strong>Profesora Ayudante Doctora en la ETSIIAA de Palencia, Universidad de Valladolid e investigadora y miembro del equipo directivo\u00a0 del Instituto Universitario de Investigaci\u00f3n en Gesti\u00f3n Forestal Sostenible (iuFOR).<\/strong><\/p>\n<p style=\"text-align: justify;\"><span style=\"color: #008000;\"><img loading=\"lazy\" decoding=\"async\" class=\"wp-image-5489 alignright\" src=\"https:\/\/www.fbycc.org\/wp-content\/uploads\/2025\/02\/Perfil-iufor2-scaled.jpg\" alt=\"\" width=\"422\" height=\"393\" srcset=\"https:\/\/www.fbycc.org\/wp-content\/uploads\/2025\/02\/Perfil-iufor2-scaled.jpg 2560w, https:\/\/www.fbycc.org\/wp-content\/uploads\/2025\/02\/Perfil-iufor2-300x279.jpg 300w, https:\/\/www.fbycc.org\/wp-content\/uploads\/2025\/02\/Perfil-iufor2-1024x953.jpg 1024w, https:\/\/www.fbycc.org\/wp-content\/uploads\/2025\/02\/Perfil-iufor2-768x715.jpg 768w, https:\/\/www.fbycc.org\/wp-content\/uploads\/2025\/02\/Perfil-iufor2-1536x1429.jpg 1536w, https:\/\/www.fbycc.org\/wp-content\/uploads\/2025\/02\/Perfil-iufor2-2048x1906.jpg 2048w\" sizes=\"auto, (max-width: 422px) 100vw, 422px\" \/>\u00bfQu\u00e9 te motiv\u00f3 a dedicarte a la ciencia forestal y c\u00f3mo crees que tu trabajo contribuye a la lucha contra el cambio clim\u00e1tico? <\/span>Siempre me ha gustado la naturaleza y he estado <strong>vinculada al mundo rural<\/strong>. Tambi\u00e9n, desde peque\u00f1a, he sido una persona curiosa, fascinada por entender c\u00f3mo funciona todo lo que me rodea. La ciencia forestal me permite conectar mi pasi\u00f3n por la naturaleza con la investigaci\u00f3n y la adquisici\u00f3n de nuevo conocimiento.\u00a0Gran parte de la investigaci\u00f3n que he llevado\u00a0a cabo est\u00e1 relacionada con la gesti\u00f3n del recurso micol\u00f3gico asociada a la prevenci\u00f3n de incendios forestales. La prevenci\u00f3n de incendios forestales reduce dr\u00e1sticamente las emisiones atmosf\u00e9ricas de di\u00f3xido de carbono (uno de los principales causantes del cambio clim\u00e1tico) y preserva la biodiversidad. En este sentido, la gesti\u00f3n del recurso micol\u00f3gico est\u00e1 directamente relacionada con la lucha contra el cambio clim\u00e1tico.<\/p>\n<p style=\"text-align: justify;\"><span style=\"color: #008000;\">Si pudieras dar un consejo a las futuras generaciones de cient\u00edficas ambientales, \u00bfcu\u00e1l ser\u00eda?<\/span>\u00a0Investigar es un trabajo <strong>ilusionante<\/strong>, aunque muchas veces el camino no es f\u00e1cil. Mi consejo es que sigan trabajando para perseguir sus objetivos.<\/p>\n<p style=\"text-align: justify;\"><span style=\"color: #008000;\">\u00bfCu\u00e1l es el mayor reto y la mayor satisfacci\u00f3n de trabajar en ciencia?<\/span>\u00a0El mayor reto y la mayor satisfacci\u00f3n radican en lograr avances significativos en la ciencia forestal, que <strong>contribuyan al bienestar de la sociedad, mientras se asegura una gesti\u00f3n sostenible del medio ambiente.<\/strong><\/p>\n<p>&nbsp;<\/p>\n<p><strong><span style=\"font-size: 14pt;\"><div class=\"tx-heading\" style=\"margin-bottom:24px; text-align: left;\"><h2 class=\"tx-heading-tag\" style=\"font-size:24px;\">Celia Herrero de Aza - iuFOR<\/h2><\/div><\/span><\/strong><\/p>\n<p style=\"text-align: justify;\"><strong>Secretaria acad\u00e9mica del Instituto Universitario de Investigaci\u00f3n en Gesti\u00f3n Forestal Sostenible (iuFOR) y PAYUD de Edafolog\u00eda y Qu\u00edmica Agr\u00edcola en la ETSIIAA de Palencia, Universidad de Valladolid.<\/strong><\/p>\n<div>\n<p><img loading=\"lazy\" decoding=\"async\" class=\" wp-image-5508 alignleft\" src=\"https:\/\/www.fbycc.org\/wp-content\/uploads\/2025\/02\/IMG_20210820_123125-scaled.jpg\" alt=\"\" width=\"434\" height=\"432\" srcset=\"https:\/\/www.fbycc.org\/wp-content\/uploads\/2025\/02\/IMG_20210820_123125-scaled.jpg 2560w, https:\/\/www.fbycc.org\/wp-content\/uploads\/2025\/02\/IMG_20210820_123125-300x300.jpg 300w, https:\/\/www.fbycc.org\/wp-content\/uploads\/2025\/02\/IMG_20210820_123125-1024x1019.jpg 1024w, https:\/\/www.fbycc.org\/wp-content\/uploads\/2025\/02\/IMG_20210820_123125-150x150.jpg 150w, https:\/\/www.fbycc.org\/wp-content\/uploads\/2025\/02\/IMG_20210820_123125-768x764.jpg 768w, https:\/\/www.fbycc.org\/wp-content\/uploads\/2025\/02\/IMG_20210820_123125-50x50.jpg 50w, https:\/\/www.fbycc.org\/wp-content\/uploads\/2025\/02\/IMG_20210820_123125-250x250.jpg 250w, https:\/\/www.fbycc.org\/wp-content\/uploads\/2025\/02\/IMG_20210820_123125-1536x1529.jpg 1536w, https:\/\/www.fbycc.org\/wp-content\/uploads\/2025\/02\/IMG_20210820_123125-2048x2038.jpg 2048w\" sizes=\"auto, (max-width: 434px) 100vw, 434px\" \/><\/p>\n<p style=\"text-align: justify;\"><span style=\"color: #008000;\">\u00bfQu\u00e9 te motiv\u00f3 a dedicarte a la ciencia forestal y c\u00f3mo crees que tu trabajo contribuye a la lucha contra el cambio clim\u00e1tico?\u00a0<\/span><strong>En la naturaleza he pasado gran parte de los mejores episodios de mi vida.<\/strong> Estudiar Ingenier\u00eda de montes me ense\u00f1\u00f3 a observar el bosque e intentar descifrar sus funcionamientos. Los trabajos t\u00e9cnicos propios de la disciplina me permitieron ver su potencial y desde los primeros trabajos en investigaci\u00f3n descubrir el maravilloso mundo pregunta-respuesta. Mi tesis doctoral se centr\u00f3 en el secuestro de carbono en todos los compartimentos del ecosistema. Ahora me dedico m\u00e1s en el suelo, donde todo empieza, ese gran desconocido que tenemos bajo nuestros pies, pero siempre mirando al conjunto del ecosistema de una forma integral. Esto me permite trabajar en distintos proyectos, con distintos equipos y es en ese ambiente de cooperaci\u00f3n donde siento que trabajamos por <strong>dar respuestas en un contexto de cambio global y clim\u00e1tico por un mundo mejor, m\u00e1s resiliente, justo y sostenible para las generaciones futuras.\u00a0\u00a0<\/strong><\/p>\n<p style=\"text-align: justify;\"><span style=\"color: #008000;\">Si pudieras dar un consejo a las futuras generaciones de cient\u00edficas ambientales, \u00bfcu\u00e1l ser\u00eda?\u00a0<\/span><strong>Que estudien mucho y se interesen por todo<\/strong>, porque la energia positiva de querer construir un mundo mejor necesita muy buenos profesionales, con gran pasi\u00f3n y perseverancia, con una mirada amplia y humilde al Planeta. Les animar\u00eda a <strong>conectar con el mundo rural, a reconectar con el mundo natural<\/strong>.<\/p>\n<p style=\"text-align: justify;\"><span style=\"color: #008000;\">\u00bfCu\u00e1l es el mayor reto y la mayor satisfacci\u00f3n de trabajar en ciencia?\u00a0<\/span>Como retos veo varios. Crear espacios de trabajo y discusi\u00f3n en un ambiente positivo, constructivo y divertido, en un momento de excesiva carga de trabajo. Tambi\u00e9n estar a la vanguardia para proponer una docencia interesante y motivadora, que permita hacer vibrar la mirada del alumnado. Por \u00faltimo, <strong>saber trasmitir los peque\u00f1os pasos que damos a la sociedad.<\/strong> La mayor satisfacci\u00f3n, poder continuar poniendo un granito de arena al mundo de la ciencia, con mucha ilusi\u00f3n y esperanza, <strong>acompa\u00f1ada de excelentes investigadores\/as y buenas personas que me hacen crecer todos los d\u00edas<\/strong>.<\/p>\n<\/div>\n<p>&nbsp;<\/p>\n<div>\n<p><strong><span style=\"font-size: 14pt;\"><div class=\"tx-heading\" style=\"margin-bottom:24px; text-align: left;\"><h2 class=\"tx-heading-tag\" style=\"font-size:24px;\">Cristina G\u00f3mez - iuFOR<\/h2><\/div><\/span><\/strong><strong>Vocal Junta Directiva del Instituto Universitario de Investigaci\u00f3n en Gesti\u00f3n Forestal Sostenible (iuFOR)<\/strong><\/p>\n<p style=\"text-align: justify;\"><span style=\"color: #008000;\"><img loading=\"lazy\" decoding=\"async\" class=\"wp-image-5491 alignright\" src=\"https:\/\/www.fbycc.org\/wp-content\/uploads\/2025\/02\/Cristina-Gomez.jpeg\" alt=\"\" width=\"443\" height=\"354\" srcset=\"https:\/\/www.fbycc.org\/wp-content\/uploads\/2025\/02\/Cristina-Gomez.jpeg 1135w, https:\/\/www.fbycc.org\/wp-content\/uploads\/2025\/02\/Cristina-Gomez-300x240.jpeg 300w, https:\/\/www.fbycc.org\/wp-content\/uploads\/2025\/02\/Cristina-Gomez-1024x818.jpeg 1024w, https:\/\/www.fbycc.org\/wp-content\/uploads\/2025\/02\/Cristina-Gomez-768x614.jpeg 768w\" sizes=\"auto, (max-width: 443px) 100vw, 443px\" \/>\u00bfQu\u00e9 te motiv\u00f3 a dedicarte a la ciencia forestal y c\u00f3mo crees que tu trabajo contribuye a la lucha contra el cambio clim\u00e1tico?\u00a0<\/span>Mi<strong> afici\u00f3n por la naturaleza y la tecnolog\u00eda<\/strong> me llev\u00f3 a especializarme en ciencia forestal, enfoc\u00e1ndome en la teledetecci\u00f3n como herramienta de observaci\u00f3n y vigilancia de los bosques. Siempre <strong>me ha fascinado c\u00f3mo los ecosistemas forestales responden a diversas presiones, tanto naturales como humanas<\/strong>, y c\u00f3mo las herramientas avanzadas nos permiten evaluarlos a gran escala.\u00a0Mi trabajo contribuye a la lucha contra el cambio global al generar informaci\u00f3n \u00fatil para la gesti\u00f3n sostenible de los bosques. Mediante datos de observaci\u00f3n remota, como im\u00e1genes satelitales y de drones, puedo analizar perturbaciones como la degradaci\u00f3n forestal, los brotes de plagas y enfermedades, as\u00ed como el impacto de incendios y eventos clim\u00e1ticos extremos. Esta informaci\u00f3n permite a los gestores mejorar las estrategias de conservaci\u00f3n, restauraci\u00f3n y selvicultura adaptativa, fortaleciendo el papel de los bosques como reguladores del clima y proveedores de servicios ecosist\u00e9micos.<\/p>\n<p style=\"text-align: justify;\"><span style=\"color: #008000;\">Si pudieras dar un consejo a las futuras generaciones de cient\u00edficas ambientales, \u00bfcu\u00e1l ser\u00eda?\u00a0<\/span>Mi consejo es que siempre <strong>respeten los recursos naturales y que trabajen con la certeza de que cada decisi\u00f3n que tomen tendr\u00e1 un impacto<\/strong>, ya sea en su entorno inmediato o a mayor escala.<\/p>\n<p style=\"text-align: justify;\"><span style=\"color: #008000;\">\u00bfCu\u00e1l es el mayor reto y la mayor satisfacci\u00f3n de trabajar en ciencia?\u00a0<\/span>En ciencia ambiental uno de los mayores retos se debe a la <strong>complejidad de los problemas<\/strong>. El cambio global y la p\u00e9rdida de biodiversidad son fen\u00f3menos multifactoriales, y encontrar formas de amortiguarlos requiere colaboraci\u00f3n interdisciplinaria, datos de calidad y la integraci\u00f3n de tecnolog\u00eda con conocimiento local.\u00a0La mayor satisfacci\u00f3n de trabajar en ciencia es saber que cada acci\u00f3n, por peque\u00f1a que parezca, aporta al objetivo de preservar y restaurar los recursos naturales, evitando su degradaci\u00f3n. Otra gran satisfacci\u00f3n es el aprendizaje continuo. <strong>La ciencia es un campo en el que siempre hay algo nuevo por descubrir, lo que mantiene viva la curiosidad y el compromiso con la b\u00fasqueda del conocimiento<\/strong>.<\/p>\n<\/div>\n<\/div>\n<p><img loading=\"lazy\" decoding=\"async\" class=\"wp-image-5502 aligncenter\" src=\"https:\/\/www.fbycc.org\/wp-content\/uploads\/2025\/02\/11f_largo-scaled.jpg\" alt=\"\" width=\"300\" height=\"134\" srcset=\"https:\/\/www.fbycc.org\/wp-content\/uploads\/2025\/02\/11f_largo-scaled.jpg 2560w, https:\/\/www.fbycc.org\/wp-content\/uploads\/2025\/02\/11f_largo-300x134.jpg 300w, https:\/\/www.fbycc.org\/wp-content\/uploads\/2025\/02\/11f_largo-1024x458.jpg 1024w, https:\/\/www.fbycc.org\/wp-content\/uploads\/2025\/02\/11f_largo-768x344.jpg 768w, https:\/\/www.fbycc.org\/wp-content\/uploads\/2025\/02\/11f_largo-1536x688.jpg 1536w, https:\/\/www.fbycc.org\/wp-content\/uploads\/2025\/02\/11f_largo-2048x917.jpg 2048w, https:\/\/www.fbycc.org\/wp-content\/uploads\/2025\/02\/11f_largo-604x270.jpg 604w\" sizes=\"auto, (max-width: 300px) 100vw, 300px\" \/><\/p>\n<div>\n<p style=\"text-align: center;\"><span style=\"font-size: 10pt;\">Desde el Foro de Bosques y Clim\u00e1tico queremos dar las gracias a las investigadoras que han colaborado en esta iniciativa y a todas las que cada d\u00eda trabajan por la protecci\u00f3n de nuestros bosques, nuestro medio ambiente y en definitiva, nuestra casa.<\/span><\/p>\n<\/div>\n","protected":false},"excerpt":{"rendered":"<p>Cada 11 de febrero celebramos el D\u00eda Internacional de la Mujer y la Ni\u00f1a en la ciencia, con un doble objetivo: Visibilizar el trabajo de las mujeres que se dedican a las<a class=\"moretag\" href=\"https:\/\/www.fbycc.org\/index.php\/2025\/02\/11\/mujeres-en-la-ciencia-forestal\/\">Leer m\u00e1s&#8230;<\/a><\/p>\n","protected":false},"author":5,"featured_media":0,"comment_status":"closed","ping_status":"open","sticky":false,"template":"","format":"standard","meta":{"_monsterinsights_skip_tracking":false,"_monsterinsights_sitenote_active":false,"_monsterinsights_sitenote_note":"","_monsterinsights_sitenote_category":0,"footnotes":""},"categories":[11],"tags":[16,263,97],"class_list":["post-5470","post","type-post","status-publish","format-standard","hentry","category-noticias","tag-bosques","tag-ciencia","tag-forestal"],"_links":{"self":[{"href":"https:\/\/www.fbycc.org\/index.php\/wp-json\/wp\/v2\/posts\/5470","targetHints":{"allow":["GET"]}}],"collection":[{"href":"https:\/\/www.fbycc.org\/index.php\/wp-json\/wp\/v2\/posts"}],"about":[{"href":"https:\/\/www.fbycc.org\/index.php\/wp-json\/wp\/v2\/types\/post"}],"author":[{"embeddable":true,"href":"https:\/\/www.fbycc.org\/index.php\/wp-json\/wp\/v2\/users\/5"}],"replies":[{"embeddable":true,"href":"https:\/\/www.fbycc.org\/index.php\/wp-json\/wp\/v2\/comments?post=5470"}],"version-history":[{"count":31,"href":"https:\/\/www.fbycc.org\/index.php\/wp-json\/wp\/v2\/posts\/5470\/revisions"}],"predecessor-version":[{"id":5512,"href":"https:\/\/www.fbycc.org\/index.php\/wp-json\/wp\/v2\/posts\/5470\/revisions\/5512"}],"wp:attachment":[{"href":"https:\/\/www.fbycc.org\/index.php\/wp-json\/wp\/v2\/media?parent=5470"}],"wp:term":[{"taxonomy":"category","embeddable":true,"href":"https:\/\/www.fbycc.org\/index.php\/wp-json\/wp\/v2\/categories?post=5470"},{"taxonomy":"post_tag","embeddable":true,"href":"https:\/\/www.fbycc.org\/index.php\/wp-json\/wp\/v2\/tags?post=5470"}],"curies":[{"name":"wp","href":"https:\/\/api.w.org\/{rel}","templated":true}]}}