{"id":5433,"date":"2024-12-23T16:27:24","date_gmt":"2024-12-23T16:27:24","guid":{"rendered":"https:\/\/www.fbycc.org\/?p=5433"},"modified":"2024-12-23T16:27:24","modified_gmt":"2024-12-23T16:27:24","slug":"el-eco2for-presenta-sus-avances-a-la-oecc","status":"publish","type":"post","link":"https:\/\/www.fbycc.org\/index.php\/2024\/12\/23\/el-eco2for-presenta-sus-avances-a-la-oecc\/","title":{"rendered":"El eco2for presenta sus avances a la OECC"},"content":{"rendered":"<div class=\"tx-spacer clearfix\" style=\"height: 20px\"><\/div>\n<p style=\"text-align: center;\"><span style=\"font-size: 24pt;\"><strong>El consorcio del proyecto eco2for presenta sus avances ante la Oficina Espa\u00f1ola de Cambio Clim\u00e1tico (OECC)<\/strong><\/span><\/p>\n<p><strong> <img loading=\"lazy\" decoding=\"async\" class=\"alignnone size-full wp-image-5434\" src=\"https:\/\/www.fbycc.org\/wp-content\/uploads\/2024\/12\/reunion_eco2for_OECC_16122024-scaled.jpeg\" alt=\"\" width=\"2560\" height=\"1150\" srcset=\"https:\/\/www.fbycc.org\/wp-content\/uploads\/2024\/12\/reunion_eco2for_OECC_16122024-scaled.jpeg 2560w, https:\/\/www.fbycc.org\/wp-content\/uploads\/2024\/12\/reunion_eco2for_OECC_16122024-300x135.jpeg 300w, https:\/\/www.fbycc.org\/wp-content\/uploads\/2024\/12\/reunion_eco2for_OECC_16122024-1024x460.jpeg 1024w, https:\/\/www.fbycc.org\/wp-content\/uploads\/2024\/12\/reunion_eco2for_OECC_16122024-768x345.jpeg 768w, https:\/\/www.fbycc.org\/wp-content\/uploads\/2024\/12\/reunion_eco2for_OECC_16122024-1536x690.jpeg 1536w, https:\/\/www.fbycc.org\/wp-content\/uploads\/2024\/12\/reunion_eco2for_OECC_16122024-2048x920.jpeg 2048w, https:\/\/www.fbycc.org\/wp-content\/uploads\/2024\/12\/reunion_eco2for_OECC_16122024-604x270.jpeg 604w\" sizes=\"auto, (max-width: 2560px) 100vw, 2560px\" \/><\/strong><\/p>\n<p><span style=\"font-size: 10pt;\">Representantes del consorcio de eco2for y de la Oficina Espa\u00f1ola de Cambio Clim\u00e1tico (OECC) durante el encuentro.<\/span><\/p>\n<div class=\"tx-spacer clearfix\" style=\"height: 20px\"><\/div>\n<ul>\n<li style=\"text-align: justify;\"><strong>En una reuni\u00f3n con representantes de la Oficina Espa\u00f1ola de Cambio Clim\u00e1tico (OECC), han compartido los detalles de la primera metodolog\u00eda de Gesti\u00f3n Forestal Mejorada y su herramienta de c\u00e1lculo para proyectos de absorci\u00f3n<\/strong><\/li>\n<li style=\"text-align: justify;\"><strong>eco2for trabaja en el desarrollo de herramientas que optimicen los proyectos de absorci\u00f3n de carbono<\/strong><\/li>\n<\/ul>\n<p style=\"text-align: justify;\"><div class=\"tx-spacer clearfix\" style=\"height: 20px\"><\/div>\n<p style=\"text-align: justify;\"><strong>Madrid, 18 de diciembre de 2024.- <\/strong>El consorcio del <a href=\"https:\/\/eco2for.com\/\">proyecto eco2for<\/a> ha compartido esta semana con representantes de la Oficina Espa\u00f1ola de Cambio Clim\u00e1tico (OECC) los avances del proyecto en un encuentro que ha tenido lugar en las instalaciones del Ministerio para la Transici\u00f3n Ecol\u00f3gica y el Reto Demogr\u00e1fico (MITECO).<\/p>\n<p style=\"text-align: justify;\">Esta reuni\u00f3n conjunta ha servido para dar a conocer la primera de las tres metodolog\u00edas que se van a desarrollar en el marco de proyecto eco2for, consistente en la cuantificaci\u00f3n y monitoreo de proyectos de carbono de Gesti\u00f3n Forestal Mejorada (GFM) por alargamiento de turno de corta y que ha sido desarrollada por CETEMAS con el apoyo de Preferred by Nature. El objetivo de estas metodolog\u00edas es generar beneficios clim\u00e1ticos reales y verificables, que cumplan con las normativas nacionales y europeas, y que adem\u00e1s contribuyan al desarrollo sostenible sin comprometer la credibilidad del mercado de carbono.<\/p>\n<p style=\"text-align: justify;\">Adem\u00e1s, el equipo del Instituto Nacional de Investigaci\u00f3n y Tecnolog\u00eda Agraria y Alimentaria\u00a0 del CSIC (INIA-ICIFOR) present\u00f3 la herramienta de c\u00e1lculo para proyectos de absorci\u00f3n, explicando los fundamentos t\u00e9cnicos y su funcionamiento. Se trata de una herramienta dise\u00f1ada para cuantificar de forma precisa la cantidad de CO\u2082 que puede absorber de la atm\u00f3sfera cada proyecto de gesti\u00f3n forestal que aplique esta metodolog\u00eda de Gesti\u00f3n Forestal Mejorada (GFM) mediante el alargamiento de turno. Por su parte, Cesefor pudo compartir con la OECC el enfoque de la nueva plataforma de gesti\u00f3n de proyectos de absorci\u00f3n, destacando la necesidad de automatizar y simplificar procesos, adem\u00e1s de crear un dise\u00f1o que simplifique el registro, la gesti\u00f3n y la emisi\u00f3n de cr\u00e9ditos, contribuyendo a la digitalizaci\u00f3n de todo el flujo de trabajo.<\/p>\n<p style=\"text-align: justify;\">Finalmente, en el marco de este encuentro se debatieron y consensuaron puntos clave para garantizar el desarrollo adecuado del proyecto, as\u00ed como la integraci\u00f3n de la metodolog\u00eda en el actual sistema de registro de la OECC-MITECO, poniendo en valor su alineaci\u00f3n con el marco de desarrollo impulsado desde Europa.<\/p>\n<div class=\"tx-spacer clearfix\" style=\"height: 30px\"><\/div>\n<p style=\"text-align: justify;\"><strong>Sobre eco2for<\/strong><\/p>\n<div class=\"tx-divider clearfix\" style=\"margin-top: 24px;margin-bottom: 24px\"><\/div>\n<p style=\"text-align: justify;\">El proyecto eco2for tiene como objetivo combatir el cambio clim\u00e1tico con el desarrollo de metodolog\u00edas y herramientas que optimicen los proyectos de absorci\u00f3n de carbono.<\/p>\n<p style=\"text-align: justify;\">El consorcio creado para poner en marcha el proyecto eco2for est\u00e1 formado por el Foro de Bosques y Cambio Clim\u00e1tico (en calidad de socio coordinador) la Fundaci\u00f3n Cesefor, la Fundaci\u00f3n CETEMAS, el Instituto Nacional de Investigaci\u00f3n y Tecnolog\u00eda Agraria y Alimentaria del CSIC (INIA-CIFOR), USAL-BISITE (Grupo de Investigaci\u00f3n Bisite de la Universidad de Salamanca) y UVA-CAMBIUM (Grupo de Investigaci\u00f3n Cambium de la Universidad de Valladolid).<\/p>\n<p style=\"text-align: justify;\">De este modo, la iniciativa se enfoca en la mejora de la gesti\u00f3n de sumideros de carbono forestales, optimizando las capacidades de absorci\u00f3n de ecosistemas clave para contribuir a la mitigaci\u00f3n del cambio clim\u00e1tico; la generaci\u00f3n de nuevas oportunidades de inversi\u00f3n privada, atrayendo capital a proyectos sostenibles y rentables; y el fomento del desarrollo econ\u00f3mico en \u00e1reas rurales, dinamizando la econom\u00eda local y generando oportunidades en zonas afectadas por la despoblaci\u00f3n.<\/p>\n<div class=\"tx-cta\" style=\"\"><div class=\"tx-cta-text\">\u00a1No te pierdas nada sobre el eco2for!<\/div><a href=\"https:\/\/eco2for.com\/\" class=\"cta-button\">Suscr\u00edbete a la newsletter <\/a><div class=\"clear\"><\/div><\/div>\n<div class=\"tx-spacer clearfix\" style=\"height: 30px\"><\/div>\n<p style=\"text-align: center;\">eco2for cuenta con el apoyo de la Fundaci\u00f3n Biodiversidad del Ministerio para la Transici\u00f3n Ecol\u00f3gica y el Reto Demogr\u00e1fico (MITECO) en el marco del Plan de Recuperaci\u00f3n, Transformaci\u00f3n y Resiliencia (PRTR), financiado por la Uni\u00f3n Europea \u2013 NextGenerationEU.<\/p>\n<p><img loading=\"lazy\" decoding=\"async\" class=\"alignnone size-full wp-image-4941\" src=\"https:\/\/www.fbycc.org\/wp-content\/uploads\/2024\/09\/VICE3MTERDFBPRTRNEXT_Bandera_Color-scaled.jpg\" alt=\"\" width=\"2560\" height=\"176\" srcset=\"https:\/\/www.fbycc.org\/wp-content\/uploads\/2024\/09\/VICE3MTERDFBPRTRNEXT_Bandera_Color-scaled.jpg 2560w, https:\/\/www.fbycc.org\/wp-content\/uploads\/2024\/09\/VICE3MTERDFBPRTRNEXT_Bandera_Color-300x21.jpg 300w, https:\/\/www.fbycc.org\/wp-content\/uploads\/2024\/09\/VICE3MTERDFBPRTRNEXT_Bandera_Color-1024x70.jpg 1024w, https:\/\/www.fbycc.org\/wp-content\/uploads\/2024\/09\/VICE3MTERDFBPRTRNEXT_Bandera_Color-768x53.jpg 768w, https:\/\/www.fbycc.org\/wp-content\/uploads\/2024\/09\/VICE3MTERDFBPRTRNEXT_Bandera_Color-1536x106.jpg 1536w, https:\/\/www.fbycc.org\/wp-content\/uploads\/2024\/09\/VICE3MTERDFBPRTRNEXT_Bandera_Color-2048x141.jpg 2048w\" sizes=\"auto, (max-width: 2560px) 100vw, 2560px\" \/><\/p>\n","protected":false},"excerpt":{"rendered":"<p>El consorcio del proyecto eco2for presenta sus avances ante la Oficina Espa\u00f1ola de Cambio Clim\u00e1tico (OECC) Representantes del consorcio de eco2for y de la Oficina Espa\u00f1ola de Cambio Clim\u00e1tico (OECC) durante el<a class=\"moretag\" href=\"https:\/\/www.fbycc.org\/index.php\/2024\/12\/23\/el-eco2for-presenta-sus-avances-a-la-oecc\/\">Leer m\u00e1s&#8230;<\/a><\/p>\n","protected":false},"author":5,"featured_media":0,"comment_status":"closed","ping_status":"open","sticky":false,"template":"","format":"standard","meta":{"_monsterinsights_skip_tracking":false,"_monsterinsights_sitenote_active":false,"_monsterinsights_sitenote_note":"","_monsterinsights_sitenote_category":0,"footnotes":""},"categories":[11],"tags":[214,16,222,18],"class_list":["post-5433","post","type-post","status-publish","format-standard","hentry","category-noticias","tag-absorcion-de-carbono","tag-bosques","tag-eco2for","tag-oecc"],"_links":{"self":[{"href":"https:\/\/www.fbycc.org\/index.php\/wp-json\/wp\/v2\/posts\/5433","targetHints":{"allow":["GET"]}}],"collection":[{"href":"https:\/\/www.fbycc.org\/index.php\/wp-json\/wp\/v2\/posts"}],"about":[{"href":"https:\/\/www.fbycc.org\/index.php\/wp-json\/wp\/v2\/types\/post"}],"author":[{"embeddable":true,"href":"https:\/\/www.fbycc.org\/index.php\/wp-json\/wp\/v2\/users\/5"}],"replies":[{"embeddable":true,"href":"https:\/\/www.fbycc.org\/index.php\/wp-json\/wp\/v2\/comments?post=5433"}],"version-history":[{"count":5,"href":"https:\/\/www.fbycc.org\/index.php\/wp-json\/wp\/v2\/posts\/5433\/revisions"}],"predecessor-version":[{"id":5439,"href":"https:\/\/www.fbycc.org\/index.php\/wp-json\/wp\/v2\/posts\/5433\/revisions\/5439"}],"wp:attachment":[{"href":"https:\/\/www.fbycc.org\/index.php\/wp-json\/wp\/v2\/media?parent=5433"}],"wp:term":[{"taxonomy":"category","embeddable":true,"href":"https:\/\/www.fbycc.org\/index.php\/wp-json\/wp\/v2\/categories?post=5433"},{"taxonomy":"post_tag","embeddable":true,"href":"https:\/\/www.fbycc.org\/index.php\/wp-json\/wp\/v2\/tags?post=5433"}],"curies":[{"name":"wp","href":"https:\/\/api.w.org\/{rel}","templated":true}]}}