{"id":5394,"date":"2024-12-19T10:46:59","date_gmt":"2024-12-19T10:46:59","guid":{"rendered":"https:\/\/www.fbycc.org\/?p=5394"},"modified":"2024-12-19T10:46:59","modified_gmt":"2024-12-19T10:46:59","slug":"avances-clave-de-la-cop29","status":"publish","type":"post","link":"https:\/\/www.fbycc.org\/index.php\/2024\/12\/19\/avances-clave-de-la-cop29\/","title":{"rendered":"Avances clave de la COP29"},"content":{"rendered":"<p>&nbsp;<\/p>\n<p><img loading=\"lazy\" decoding=\"async\" class=\"alignnone size-full wp-image-5418\" src=\"https:\/\/www.fbycc.org\/wp-content\/uploads\/2024\/12\/cop29_family_photo_-scaled.jpg\" alt=\"\" width=\"2560\" height=\"1444\" srcset=\"https:\/\/www.fbycc.org\/wp-content\/uploads\/2024\/12\/cop29_family_photo_-scaled.jpg 2560w, https:\/\/www.fbycc.org\/wp-content\/uploads\/2024\/12\/cop29_family_photo_-300x169.jpg 300w, https:\/\/www.fbycc.org\/wp-content\/uploads\/2024\/12\/cop29_family_photo_-1024x577.jpg 1024w, https:\/\/www.fbycc.org\/wp-content\/uploads\/2024\/12\/cop29_family_photo_-768x433.jpg 768w, https:\/\/www.fbycc.org\/wp-content\/uploads\/2024\/12\/cop29_family_photo_-1536x866.jpg 1536w, https:\/\/www.fbycc.org\/wp-content\/uploads\/2024\/12\/cop29_family_photo_-2048x1155.jpg 2048w\" sizes=\"auto, (max-width: 2560px) 100vw, 2560px\" \/>La ciudad de Bak\u00fa (Azerbaiy\u00e1n) ha acogido, desde el lunes 11 de noviembre al viernes 22 de noviembre de 2024, la 29\u00aa Conferencia de las Partes de la Convenci\u00f3n Marco de las Naciones Unidas sobre el Cambio Clim\u00e1tico (COP29), bajo el lema \u201cSolidaridad por un Mundo Verde\u201d. Este encuentro tiene como objetivo extender los acuerdos alcanzados en el hist\u00f3rico Acuerdo de Par\u00eds y promover la colaboraci\u00f3n entre pa\u00edses para alcanzar la transici\u00f3n energ\u00e9tica. La COP29 ha contado con m\u00e1s de 30.000 participantes, incluyendo jefes de Estado y de gobierno, funcionarios gubernamentales, representantes de organismos internacionales, l\u00edderes empresariales, acad\u00e9micos y representantes de la sociedad civil.<\/p>\n<p><span style=\"font-size: 14pt;\"><div class=\"tx-heading\" style=\"margin-bottom:24px; text-align: left;\"><h2 class=\"tx-heading-tag\" style=\"font-size:24px;\"><\/h2><\/div><\/span><\/p>\n<h2>Claves de la COP29<\/h2>\n<ul>\n<li><strong>Nuevo objetivo de financiaci\u00f3n clim\u00e1tica<\/strong> (NOCC, o NCQG, por sus siglas en ingl\u00e9s)<\/li>\n<\/ul>\n<p><img loading=\"lazy\" decoding=\"async\" class=\"size-full wp-image-5403 alignright\" src=\"https:\/\/www.fbycc.org\/wp-content\/uploads\/2024\/12\/Tabla.jpg\" alt=\"\" width=\"462\" height=\"445\" srcset=\"https:\/\/www.fbycc.org\/wp-content\/uploads\/2024\/12\/Tabla.jpg 462w, https:\/\/www.fbycc.org\/wp-content\/uploads\/2024\/12\/Tabla-300x289.jpg 300w\" sizes=\"auto, (max-width: 462px) 100vw, 462px\" \/><\/p>\n<p>Las finanzas han sido una de las cuestiones m\u00e1s pol\u00e9micas en la pol\u00edtica clim\u00e1tica internacional. Tras dos semanas de intensas negociaciones se alcanz\u00f3 un acuerdo de financiaci\u00f3n para ayudar a los pa\u00edses en desarrollo a proteger a su poblaci\u00f3n y sus econom\u00edas contra los desastres clim\u00e1ticos, y a compartir los enormes beneficios del auge de las energ\u00edas limpias. Este acuerdo fija los objetivos de:<\/p>\n<ul>\n<li style=\"list-style-type: none;\">\n<ul style=\"list-style-type: circle;\">\n<li>Triplicar la financiaci\u00f3n a los pa\u00edses en desarrollo a <strong>300.000 millones de d\u00f3lares<\/strong> anuales para 2035 (superando el objetivo anterior de 100.000 millones de d\u00f3lares anuales como se acord\u00f3 en la COP21 en Par\u00eds para 2025).<\/li>\n<li>Asegurar los esfuerzos de todos los actores para trabajar juntos con el fin de aumentar la financiaci\u00f3n a los pa\u00edses en desarrollo, procedente de <strong>fuentes p\u00fablicas y privadas, <\/strong>hasta la cantidad de<strong> 1,3 billones de d\u00f3lares al a\u00f1o<\/strong> para 2035.<\/li>\n<\/ul>\n<\/li>\n<\/ul>\n<p>De esta manera, los pa\u00edses en desarrollo recibir\u00e1n 1,3 billones de d\u00f3lares al a\u00f1o para 2035 para adaptarse a los estragos clim\u00e1ticos y reducir sus emisiones, de los cuales <strong>300.000 millones provendr\u00e1n de los pa\u00edses desarrollados<\/strong>. Esta negociaci\u00f3n ha estado rodeada de pol\u00e9mica. Los pa\u00edses en v\u00edas de desarrollo ped\u00edan la aportaci\u00f3n de 1,3 billones de d\u00f3lares al a\u00f1o, exclusivamente de los pa\u00edses desarrollados. Adem\u00e1s, ped\u00edan que el grueso proviniera de fondos p\u00fablicos, que dan m\u00e1s seguridad y no generan deuda. En cambio, el texto acordado pide a \u201ctodos los actores\u201d que aumenten los fondos de \u201ctodas las fuentes p\u00fablicas y privadas\u201d a \u201cal menos 1,3 billones de d\u00f3lares\u201d para 2035.<\/p>\n<a class=\"tx-button\" href=\"https:\/\/unfccc.int\/documents\/644460\" target=\"_blank\" style=\"color: #ffffff; background-color: #8aaa62\">Acuerdo NCOG<\/a>\n<div class=\"tx-spacer clearfix\" style=\"height: 20px\"><\/div>\n<ul>\n<li><strong>Art\u00edculo 6 del Acuerdo de Par\u00eds<\/strong><\/li>\n<\/ul>\n<p><em>\u201cEl cambio clim\u00e1tico es un desaf\u00edo transnacional y el Art\u00edculo 6 permitir\u00e1 soluciones transnacionales, porque a la atm\u00f3sfera no le importa d\u00f3nde se reducen las emisiones\u201d<\/em><\/p>\n<p>Un logro importante de esta COP han sido los acuerdos sobre el comercio de carbono, poniendo fin a casi una d\u00e9cada de trabajo iniciado en virtud del Art\u00edculo 6 del Acuerdo de Par\u00eds. Los pa\u00edses han acordado los elementos finales que establecen c\u00f3mo funcionar\u00e1n los mercados de carbono en el marco del Acuerdo de Par\u00eds: La operacionalizaci\u00f3n del mercado de carbono internacional gracias a la adopci\u00f3n de las metodolog\u00edas para el comercio de carbono, est\u00e1ndares para la remoci\u00f3n y una herramienta para el \u201cdesarrollo sostenible\u201d, todos bajo el art\u00edculo 6.4. Faltan algunos detalles t\u00e9cnicos, como el registro de los cr\u00e9ditos o una mejor definici\u00f3n de cuestiones como \u201cadicionalidad\u201d y \u201cfugas de carbono\u201d, pero el sistema debe estar operativo en 2025.<\/p>\n<p><img loading=\"lazy\" decoding=\"async\" class=\" wp-image-5406 alignright\" src=\"https:\/\/www.fbycc.org\/wp-content\/uploads\/2024\/12\/Nuevo-Presentacion-de-Microsoft-PowerPoint.png\" alt=\"\" width=\"510\" height=\"693\" srcset=\"https:\/\/www.fbycc.org\/wp-content\/uploads\/2024\/12\/Nuevo-Presentacion-de-Microsoft-PowerPoint.png 2102w, https:\/\/www.fbycc.org\/wp-content\/uploads\/2024\/12\/Nuevo-Presentacion-de-Microsoft-PowerPoint-221x300.png 221w, https:\/\/www.fbycc.org\/wp-content\/uploads\/2024\/12\/Nuevo-Presentacion-de-Microsoft-PowerPoint-753x1024.png 753w, https:\/\/www.fbycc.org\/wp-content\/uploads\/2024\/12\/Nuevo-Presentacion-de-Microsoft-PowerPoint-768x1044.png 768w, https:\/\/www.fbycc.org\/wp-content\/uploads\/2024\/12\/Nuevo-Presentacion-de-Microsoft-PowerPoint-1130x1536.png 1130w, https:\/\/www.fbycc.org\/wp-content\/uploads\/2024\/12\/Nuevo-Presentacion-de-Microsoft-PowerPoint-1506x2048.png 1506w\" sizes=\"auto, (max-width: 510px) 100vw, 510px\" \/><\/p>\n<ul>\n<li style=\"list-style-type: none;\">\n<ul style=\"list-style-type: circle;\">\n<li><strong>Art\u00edculo 6.2 (comercio descentralizado de emisiones por pa\u00edses):<\/strong> la decisi\u00f3n de la COP29 aclara c\u00f3mo autorizar\u00e1n los pa\u00edses el comercio de cr\u00e9ditos de carbono y c\u00f3mo funcionar\u00e1n los registros de seguimiento. Esto asegurar\u00e1 las garant\u00edas de que la integridad medioambiental se garantizar\u00e1 por adelantado mediante revisiones t\u00e9cnicas en un proceso transparente. La decisi\u00f3n \u201csolicita\u201d a los pa\u00edses que informen sobre sus actividades con mayor antelaci\u00f3n. Esta fue una petici\u00f3n clave de las partes y los observadores que temen que este mecanismo permita que el comercio pueda realizarse con una transparencia limitada. Adem\u00e1s, este acuerdo dice que no puede haber cambios en los cr\u00e9ditos de carbono que ya han sido \u201cprimeramente transferidos\u201d, a menos que esta posibilidad sea acordada de antemano entre ambas partes del comercio. La COP29 alcanz\u00f3 un compromiso confuso sobre los registros que rastrear\u00e1n el comercio de cr\u00e9ditos. Crea un sistema de doble nivel para atender a los pa\u00edses que carecen de su propio registro nacional. El acuerdo del art\u00edculo 6.2 establece consecuencias limitadas para las \u201cinconsistencias\u201d<\/li>\n<\/ul>\n<\/li>\n<\/ul>\n<p style=\"padding-left: 80px;\"><a class=\"tx-button\" href=\"\" target=\"_blank\" style=\"color: #ffffff; background-color: #8aaa62\">Decisi\u00f3n sobre el art\u00edculo 6.2<\/a>\n<ul>\n<li style=\"list-style-type: none;\">\n<ul style=\"list-style-type: circle;\">\n<li><strong>Art\u00edculo 6.4 (un mercado central de carbono ordenado por la ONU)<\/strong>: los pa\u00edses acordaron las normas para un mercado de carbono centralizado en el marco de la ONU. Esto permitir\u00e1 la acci\u00f3n clim\u00e1tica al aumentar la demanda de cr\u00e9ditos de carbono y garantizar que el mercado internacional del carbono funcione con integridad bajo la supervisi\u00f3n de las Naciones Unidas. Esto supone una herramienta de desarrollo sostenible obligatoria que ofrece salvaguardas ambientales y de derechos humanos, ajuste a la baja de las l\u00edneas de base contra las cuales se pueden emitir cr\u00e9ditos de carbono y controles de adicionalidad para evitar que los proyectos queden bloqueados en emisiones elevadas. Antes de que se puedan comprar y vender cr\u00e9ditos en el marco del Mecanismo de Acreditaci\u00f3n del Acuerdo de Par\u00eds (PACM), el organismo supervisor (SBM) debe aprobar metodolog\u00edas para tipos espec\u00edficos de actividades de reducci\u00f3n de carbono y recibir registros de proyectos que apunten a implementarlas. Las primeras metodolog\u00edas podr\u00edan aprobarse en la segunda mitad de 2025. Adem\u00e1s, la decisi\u00f3n tambi\u00e9n permite que los proyectos de forestaci\u00f3n y reforestaci\u00f3n del mecanismo de desarrollo limpio \u2013el predecesor del mecanismo de cr\u00e9dito de Par\u00eds \u2013 ingresen al PACM, siempre que cumplan con las reglas sobre remociones.<\/li>\n<\/ul>\n<\/li>\n<\/ul>\n<p style=\"padding-left: 80px;\"><a class=\"tx-button\" href=\"https:\/\/unfccc.int\/documents\/643666\" target=\"_blank\" style=\"color: #ffffff; background-color: #8aaa62\">Decisi\u00f3n sobre el art\u00edculo 6.4. <\/a>\n<ul>\n<li style=\"list-style-type: none;\">\n<ul style=\"list-style-type: circle;\">\n<li><strong>Art\u00edculo 6.8.: <\/strong>El programa de trabajo sobre enfoques no relacionados con el mercado (NMA), establecido en el art\u00edculo 6, p\u00e1rrafo 8, del Acuerdo de Par\u00eds, tiene como objetivo desarrollar alternativas a los mecanismos de mercado para abordar el cambio clim\u00e1tico. En su primera fase (2023-2024), se identificaron elementos clave y se desarrollaron herramientas como la Plataforma NMA, dise\u00f1ada para registrar y compartir ejemplos de enfoques no comerciales. Aunque a\u00fan no se han registrado iniciativas en la plataforma, se espera un aumento progresivo en las presentaciones. La pr\u00f3xima etapa (2025-2026) se centrar\u00e1 en una implementaci\u00f3n m\u00e1s pr\u00e1ctica, basada en los aprendizajes previos y con \u00e9nfasis en la integraci\u00f3n de mitigaci\u00f3n, adaptaci\u00f3n y desarrollo sostenible. Se adopt\u00f3 una decisi\u00f3n para avanzar en el programa de trabajo, enfocado en promover enfoques no comerciales como la transferencia de tecnolog\u00eda, cooperaci\u00f3n t\u00e9cnica y mecanismos de intercambio de conocimientos. Si bien se reconoce la importancia de estas medidas, no se ha definido c\u00f3mo implementarlas y financiarlas a gran escala, lo que representa un desaf\u00edo clave para su operacionalizaci\u00f3n.<\/li>\n<\/ul>\n<\/li>\n<\/ul>\n<p style=\"padding-left: 80px;\"><a class=\"tx-button\" href=\"https:\/\/unfccc.int\/documents\/644374\" target=\"_blank\" style=\"color: #ffffff; background-color: #8aaa62\">Decisi\u00f3n sobre el art\u00edculo 6.8. <\/a>\n<p>La consecuencia de estos acuerdos es que pa\u00edses y empresas podr\u00e1n contabilizar, en sus planes de mitigaci\u00f3n y de transici\u00f3n respectivamente, cr\u00e9ditos de carbono de otros pa\u00edses y empresas. La finalizaci\u00f3n de las negociaciones del Art\u00edculo 6 podr\u00eda reducir el costo de la implementaci\u00f3n de los planes clim\u00e1ticos nacionales (NDC) en 250 mil millones de d\u00f3lares por a\u00f1o al permitir la cooperaci\u00f3n transfronteriza.<\/p>\n<ul>\n<li><strong>Objetivo Global sobre Adaptaci\u00f3n (GGA)<\/strong><\/li>\n<\/ul>\n<p>Se han logrado avances para implementar el GGA, centrado en fortalecer la resiliencia, capacidad de adaptaci\u00f3n y reducci\u00f3n de vulnerabilidades al cambio clim\u00e1tico. Las decisiones refuerzan el compromiso de proporcionar herramientas pr\u00e1cticas para medir y avanzar en la adaptaci\u00f3n, respetando las capacidades y contextos de cada pa\u00eds. Entre las decisiones concretas destacan:<\/p>\n<ul>\n<li style=\"list-style-type: none;\">\n<ul style=\"list-style-type: circle;\">\n<li>Indicadores para medir el progreso: Se acord\u00f3 desarrollar un conjunto de un m\u00e1ximo de 100 indicadores globales de los m\u00e1s de 8.000 que hay sobre la mesa, que ser\u00e1n voluntarios y adaptados a las circunstancias nacionales, enfocados a resultados y a otros factores como financiaci\u00f3n y tecnolog\u00eda. Se acuerda cerrar la lista de indicadores en la siguiente COP.<\/li>\n<li>Hoja de ruta de Bak\u00fa: Se aprob\u00f3 un plan de trabajo para guiar las acciones de adaptaci\u00f3n hasta la COP31 (2026), incluyendo un di\u00e1logo de alto nivel anual sobre adaptaci\u00f3n.<\/li>\n<li>Inclusi\u00f3n y colaboraci\u00f3n: se acuerda la integraci\u00f3n de conocimientos tradicionales y de pueblos ind\u00edgenas, y se decidi\u00f3 trabajar con el IPCC para garantizar que las m\u00e9tricas reflejen la mejor ciencia disponible.<\/li>\n<li>Equilibrio entre medidas: Se reconoce la importancia de equilibrar medidas de adaptaci\u00f3n para abordar no solo necesidades inmediatas sino tambi\u00e9n cambios estructurales a largo plazo.<\/li>\n<\/ul>\n<\/li>\n<\/ul>\n<a class=\"tx-button\" href=\"https:\/\/unfccc.int\/documents\/644457\" target=\"_blank\" style=\"color: #ffffff; background-color: #8aaa62\">Acuerdo GGA<\/a>\n<div class=\"tx-spacer clearfix\" style=\"height: 20px\"><\/div>\n<ul>\n<li><strong>Programa de Trabajo de Mitigaci\u00f3n (MWP)<\/strong><\/li>\n<\/ul>\n<p>Se reconoci\u00f3 la utilidad de los di\u00e1logos globales y eventos centrados en inversiones llevados a cabo en 2024 destacando las oportunidades para reducir emisiones en ciudades, edificios y sistemas urbanos. Se decidi\u00f3 que los temas para los di\u00e1logos de 2025 ser\u00e1n definidos en funci\u00f3n de propuestas de las partes, priorizando la inclusi\u00f3n de expertos de todas las regiones y del sector privado y garantizando la representaci\u00f3n de las perspectivas de los pa\u00edses en desarrollo. Se propuso crear una plataforma digital para facilitar la colaboraci\u00f3n entre gobiernos, inversores y partes interesadas en el desarrollo de proyectos clim\u00e1ticos viables, asegurando un enfoque centrado en las prioridades nacionales. Se reconoce la necesidad de integrar la acci\u00f3n clim\u00e1tica en la planificaci\u00f3n urbana y fomentar la colaboraci\u00f3n entre gobiernos nacionales, locales y comunidades para implementar soluciones sostenibles y adaptadas a cada contexto.<\/p>\n<a class=\"tx-button\" href=\"https:\/\/unfccc.int\/documents\/644428\" target=\"_blank\" style=\"color: #ffffff; background-color: #8aaa62\">Acuerdo MWP<\/a>\n<div class=\"tx-spacer clearfix\" style=\"height: 20px\"><\/div>\n<p><span style=\"font-size: 14pt;\"><div class=\"tx-heading\" style=\"margin-bottom:24px; text-align: left;\"><h2 class=\"tx-heading-tag\" style=\"font-size:24px;\"><\/h2><\/div><\/span><\/p>\n<p><strong>Enlaces de inter\u00e9s<\/strong><\/p>\n<ul>\n<li><strong>Resultados de la COP29<\/strong> &#8211; Versiones preliminares sin editar de las decisiones adoptadas en la Conferencia sobre el Cambio Clim\u00e1tico de Bak\u00fa, ordenadas por \u00f3rgano rector. Los informes completos se publicar\u00e1n m\u00e1s adelante. <a href=\"https:\/\/unfccc.int\/cop29\/auvs\">Resultados COP29 <\/a><\/li>\n<li><strong>Pabell\u00f3n de Espa\u00f1a en la COP29<\/strong>: Espa\u00f1a ha contado con un pabell\u00f3n para la celebraci\u00f3n de eventos y jornadas en las ha existido representaci\u00f3n de todos los sectores (empresarial, cient\u00edfico, universitario, administraci\u00f3n, ONG, etc\u2026) que han acudido a esta cita durante las pasadas dos semanas.\n<ul>\n<li><a href=\"https:\/\/cop29.spainpavilion.es\/\">Programaci\u00f3n Pabell\u00f3n de Espa\u00f1a<\/a><\/li>\n<li><a href=\"https:\/\/youtube.com\/playlist?list=PLubSqcUI6ZqWlBzXcg-lfq7qUBJzKFzRK&amp;si=5ILOY_YEpTPEvqoj\">Lista de reproducci\u00f3n COP29 Espa\u00f1a<\/a><\/li>\n<\/ul>\n<\/li>\n<\/ul>\n<p><span style=\"font-size: 14pt;\"><div class=\"tx-heading\" style=\"margin-bottom:24px; text-align: left;\"><h2 class=\"tx-heading-tag\" style=\"font-size:24px;\"><\/h2><\/div><\/span><\/p>\n<p><span style=\"font-size: 10pt;\">Fuentes<\/span><\/p>\n<ul>\n<li><span style=\"font-size: 10pt;\"><a href=\"https:\/\/cop29.az\/en\/home\">https:\/\/cop29.az\/en\/home<\/a><\/span><\/li>\n<li><span style=\"font-size: 10pt;\"><a href=\"https:\/\/unfccc.int\/es\/node\/630975\">https:\/\/unfccc.int\/es\/node\/630975<\/a><\/span><\/li>\n<li><span style=\"font-size: 10pt;\"><a href=\"https:\/\/www.ceoe.es\/es\/publicaciones\/sostenibilidad\/cop29-informe-final-resultados-y-conclusiones\">https:\/\/www.ceoe.es\/es\/publicaciones\/sostenibilidad\/cop29-informe-final-resultados-y-conclusiones<\/a><\/span><\/li>\n<\/ul>\n","protected":false},"excerpt":{"rendered":"<p>&nbsp; La ciudad de Bak\u00fa (Azerbaiy\u00e1n) ha acogido, desde el lunes 11 de noviembre al viernes 22 de noviembre de 2024, la 29\u00aa Conferencia de las Partes de la Convenci\u00f3n Marco de<a class=\"moretag\" href=\"https:\/\/www.fbycc.org\/index.php\/2024\/12\/19\/avances-clave-de-la-cop29\/\">Leer m\u00e1s&#8230;<\/a><\/p>\n","protected":false},"author":5,"featured_media":0,"comment_status":"closed","ping_status":"open","sticky":false,"template":"","format":"standard","meta":{"_monsterinsights_skip_tracking":false,"_monsterinsights_sitenote_active":false,"_monsterinsights_sitenote_note":"","_monsterinsights_sitenote_category":0,"footnotes":""},"categories":[11],"tags":[19,262,16,17,261],"class_list":["post-5394","post","type-post","status-publish","format-standard","hentry","category-noticias","tag-acuerdo-de-paris","tag-articulo-6","tag-bosques","tag-cambio-climatico","tag-cop29"],"_links":{"self":[{"href":"https:\/\/www.fbycc.org\/index.php\/wp-json\/wp\/v2\/posts\/5394","targetHints":{"allow":["GET"]}}],"collection":[{"href":"https:\/\/www.fbycc.org\/index.php\/wp-json\/wp\/v2\/posts"}],"about":[{"href":"https:\/\/www.fbycc.org\/index.php\/wp-json\/wp\/v2\/types\/post"}],"author":[{"embeddable":true,"href":"https:\/\/www.fbycc.org\/index.php\/wp-json\/wp\/v2\/users\/5"}],"replies":[{"embeddable":true,"href":"https:\/\/www.fbycc.org\/index.php\/wp-json\/wp\/v2\/comments?post=5394"}],"version-history":[{"count":24,"href":"https:\/\/www.fbycc.org\/index.php\/wp-json\/wp\/v2\/posts\/5394\/revisions"}],"predecessor-version":[{"id":5426,"href":"https:\/\/www.fbycc.org\/index.php\/wp-json\/wp\/v2\/posts\/5394\/revisions\/5426"}],"wp:attachment":[{"href":"https:\/\/www.fbycc.org\/index.php\/wp-json\/wp\/v2\/media?parent=5394"}],"wp:term":[{"taxonomy":"category","embeddable":true,"href":"https:\/\/www.fbycc.org\/index.php\/wp-json\/wp\/v2\/categories?post=5394"},{"taxonomy":"post_tag","embeddable":true,"href":"https:\/\/www.fbycc.org\/index.php\/wp-json\/wp\/v2\/tags?post=5394"}],"curies":[{"name":"wp","href":"https:\/\/api.w.org\/{rel}","templated":true}]}}