{"id":5339,"date":"2024-12-03T18:47:12","date_gmt":"2024-12-03T18:47:12","guid":{"rendered":"https:\/\/www.fbycc.org\/?p=5339"},"modified":"2025-01-16T11:01:42","modified_gmt":"2025-01-16T11:01:42","slug":"siete-experiencias-sobre-sumideros-naturales-de-carbono-en-conama-2024","status":"publish","type":"post","link":"https:\/\/www.fbycc.org\/index.php\/2024\/12\/03\/siete-experiencias-sobre-sumideros-naturales-de-carbono-en-conama-2024\/","title":{"rendered":"Siete experiencias sobre sumideros naturales de carbono en CONAMA 2024"},"content":{"rendered":"<h1 style=\"text-align: center;\">Siete experiencias sobre sumideros naturales de carbono en CONAMA 2024<\/h1>\n<p><img loading=\"lazy\" decoding=\"async\" class=\"alignnone size-full wp-image-5340\" src=\"https:\/\/www.fbycc.org\/wp-content\/uploads\/2024\/12\/IMG_20241202_182019-1-scaled.jpg\" alt=\"\" width=\"2560\" height=\"1503\" srcset=\"https:\/\/www.fbycc.org\/wp-content\/uploads\/2024\/12\/IMG_20241202_182019-1-scaled.jpg 2560w, https:\/\/www.fbycc.org\/wp-content\/uploads\/2024\/12\/IMG_20241202_182019-1-300x176.jpg 300w, https:\/\/www.fbycc.org\/wp-content\/uploads\/2024\/12\/IMG_20241202_182019-1-1024x601.jpg 1024w, https:\/\/www.fbycc.org\/wp-content\/uploads\/2024\/12\/IMG_20241202_182019-1-768x451.jpg 768w, https:\/\/www.fbycc.org\/wp-content\/uploads\/2024\/12\/IMG_20241202_182019-1-1536x902.jpg 1536w, https:\/\/www.fbycc.org\/wp-content\/uploads\/2024\/12\/IMG_20241202_182019-1-2048x1203.jpg 2048w\" sizes=\"auto, (max-width: 2560px) 100vw, 2560px\" \/><\/p>\n<p style=\"text-align: justify;\"><span style=\"font-size: 12pt;\"><strong>Durante el primer d\u00eda del Congreso Nacional de Medio Ambiente CONAMA 2024 se celebr\u00f3 la sesi\u00f3n t\u00e9cnica sobre Sumideros y captura y almacenamiento de CO<sub>2<\/sub>, en la que el Foro de Bosques y Cambio Clim\u00e1tico moder\u00f3 un panel de experiencias sobre sumideros naturales de carbono.\u00a0<\/strong><\/span><\/p>\n<p>&nbsp;<\/p>\n<p style=\"text-align: justify;\">La 17\u00aa edici\u00f3n de CONAMA 2024 se inaugur\u00f3 ayer, d\u00eda 2 de diciembre de 2024, en el\u00a0Centro de Convenciones Norte de IFEMA (Madrid), contando con la presencia de la <b>nueva Vicepresidenta Tercera y Ministra de\u00a0 Transici\u00f3n Ecol\u00f3gica y Reto Demogr\u00e1fico, Sara Aegesen,\u00a0<\/b>en su primer acto oficial desde su nombramiento el pasado 25 de noviembre. Sara Aegesen llamaba a la acci\u00f3n se\u00f1alando que\u00a0 \u201c<strong><i>No actuar es un lujo que no nos podemos permitir<\/i><\/strong>\u201d y \u201c<em>no hay tiempo para la desinformaci\u00f3n y el negacionismo clim\u00e1tico<\/em>\u201d ya que la ciencia lo est\u00e1 indicando y la sociedad est\u00e1 demandando que se act\u00fae frente al cambio clim\u00e1tico.<\/p>\n<p><img loading=\"lazy\" decoding=\"async\" class=\"alignnone wp-image-5345 size-full\" src=\"https:\/\/www.fbycc.org\/wp-content\/uploads\/2024\/12\/IMG_20241202_094123-1-scaled-e1733232780648.jpg\" alt=\"\" width=\"2560\" height=\"1476\" srcset=\"https:\/\/www.fbycc.org\/wp-content\/uploads\/2024\/12\/IMG_20241202_094123-1-scaled-e1733232780648.jpg 2560w, https:\/\/www.fbycc.org\/wp-content\/uploads\/2024\/12\/IMG_20241202_094123-1-scaled-e1733232780648-300x173.jpg 300w, https:\/\/www.fbycc.org\/wp-content\/uploads\/2024\/12\/IMG_20241202_094123-1-scaled-e1733232780648-1024x590.jpg 1024w, https:\/\/www.fbycc.org\/wp-content\/uploads\/2024\/12\/IMG_20241202_094123-1-scaled-e1733232780648-768x443.jpg 768w, https:\/\/www.fbycc.org\/wp-content\/uploads\/2024\/12\/IMG_20241202_094123-1-scaled-e1733232780648-1536x886.jpg 1536w, https:\/\/www.fbycc.org\/wp-content\/uploads\/2024\/12\/IMG_20241202_094123-1-scaled-e1733232780648-2048x1181.jpg 2048w\" sizes=\"auto, (max-width: 2560px) 100vw, 2560px\" \/><\/p>\n<p style=\"text-align: justify;\">Durante la primera jornada de CONAMA 2024 se han realizado un total de 31 actividades en torno a los ejes tem\u00e1ticos de: <label class=\"custom-control-label taxonomia-116\" for=\"af_taxonomia116\">Energ\u00eda, eficiencia y cambio clim\u00e1tico; <\/label><label class=\"custom-control-label taxonomia-114\" for=\"af_taxonomia114\">Desarrollo rural y territorio; B<\/label><label class=\"custom-control-label taxonomia-117\" for=\"af_taxonomia117\">iodiversidad; <\/label><label class=\"custom-control-label taxonomia-108\" for=\"af_taxonomia108\">Agua; C<\/label><label class=\"custom-control-label taxonomia-110\" for=\"af_taxonomia110\">alidad ambiental y salud; <\/label><label class=\"custom-control-label taxonomia-115\" for=\"af_taxonomia115\">Residuos; y <\/label><label class=\"custom-control-label taxonomia-113\" for=\"af_taxonomia113\">Econom\u00eda y Sociedad.\u00a0<\/label><\/p>\n<p style=\"text-align: justify;\"><span style=\"font-size: 14pt;\"><span style=\"font-size: 12pt;\">A primera hora de la tarde comenzaba la <strong>Sesi\u00f3n T\u00e9cnica de Sumideros y captura y almacenamiento de CO<sub>2<\/sub><\/strong>, dividida en tres bloques que permitieron a los asistentes ahondar en el marco regulatorio para la retirada de carbono, los retos existentes en la captura y almacenamiento de CO<sub>2<\/sub> en Espa\u00f1a y dio a conocer siete experiencias de \u00e1mbito nacional de sumideros naturales de carbono en un panel de experiencias moderado por el <strong>Foro de Bosques y Cambio Clim\u00e1tico<\/strong>.<\/span>\u00a0<\/span><\/p>\n<p style=\"text-align: justify;\">En esta sesi\u00f3n,<strong> Iv\u00e1n Mart\u00ednez Castro, de la Direcci\u00f3n General de Acci\u00f3n Clim\u00e1tica de la Comisi\u00f3n Europea<\/strong>, compart\u00eda novedades y desarrollo del <a href=\"https:\/\/www.fbycc.org\/index.php\/2024\/11\/28\/la-ue-da-su-visto-bueno-al-marco-de-certificacion-para-la-absorcion-de-carbono\/\">marco europeo de certificaci\u00f3n de absorciones de carbono<\/a>. Las actividades que cubre este reglamento europeo son las conocidas como <strong><em>permanent carbon removals<\/em>, <em>carbon farming <\/em><\/strong>y <strong><em>carbon storage in products<\/em><\/strong>;<em>\u00a0<\/em>y deben cumplir criterios de cuantificaci\u00f3n, adicionalidad, responsabilidad y sostenibilidad. La Comisi\u00f3n Europea ser\u00e1 qui\u00e9n desarrolle las metodolog\u00edas de certificaci\u00f3n junto con un grupo de expertos y aprobar\u00e1 los esquemas de certificaci\u00f3n que controlen que los anteriores criterios se cumplan. El reglamento no contempla que ocurrir\u00e1 con las unidades certificadas pero la Comisi\u00f3n Europea est\u00e1 trabajando en ello, contemplando mercados voluntarios, compras p\u00fablicas y posibles mercados de cumplimiento, para lo cual se est\u00e1 desarrollando un estudio sobre enfoques del mercado para <em>carbon farming.\u00a0<\/em>El reglamento se encuentra a la espera de la firma del acta y el calendario tentativo para 2025 incluye: el desarrollo del proceso de reconocimiento de esquemas y Registro europeo y el inicio del estudio de financiaci\u00f3n a principios de a\u00f1o; dos reuniones del grupo de expertos, la presentaci\u00f3n de borradores avanzados de las metodolog\u00edas y consulta p\u00fablica; y la publicaci\u00f3n en DOUE de los primeros actos delegados de metodolog\u00edas y acto de implementaci\u00f3n de esquemas de certificaci\u00f3n a finales de a\u00f1o.<\/p>\n<p style=\"text-align: justify;\">En el contexto nacional, <strong>Marta Hern\u00e1ndez de la Cruz,\u00a0Consejera T\u00e9cnica de la Oficina Espa\u00f1ola de Cambio Clim\u00e1tico (OECC)<\/strong>, respondi\u00f3 algunas preguntas sobre el marco nacional de certificaci\u00f3n de absorciones de carbono. El<strong> Registro de huella de Carbono del MITECO<\/strong> es novedoso en cuanto a que a\u00fana la certificaci\u00f3n de absorciones, el registro de huella de carbono y las compensaciones, y a trav\u00e9s de \u00e9l se han movido en compensaciones 150000 toneladas de CO<sub>2<\/sub>. En el marco nacional, solo pueden inscribirse las actividades de <em>carbon farming<\/em> mediante metodolog\u00edas de repoblaci\u00f3n forestal para restauraci\u00f3n post-incendios o para cambio de uso del suelo, aunque Marta Hern\u00e1ndez aseguraba que se est\u00e1 trabajando en la inclusi\u00f3n de nuevas metodolog\u00edas. Los retos y mejoras que se plantea la certificaci\u00f3n de absorciones de carbono en el \u00e1mbito nacional son: la coexistencia con el marco europeo; la coordinaci\u00f3n con las numerosas iniciativas que est\u00e1n surgiendo en las comunidades aut\u00f3nomas; asegurar la calidad y confiabilidad de los cr\u00e9ditos; y cubrir las demandas existentes a la contemplaci\u00f3n de la gesti\u00f3n forestal, da\u00f1os abi\u00f3ticos y carbono azul, entre otros, en los proyectos de absorci\u00f3n.<\/p>\n<p style=\"text-align: justify;\">La sesi\u00f3n terminaba un un interesante <strong>panel de experiencias de sumideros naturales de carbono<\/strong>, que fue moderado por <strong>Sergio de la Cruz, director t\u00e9cnico del Foro de Bosques y Cambio Clim\u00e1tico<\/strong>. En este panel, los asistentes tuvieron la oportunidad de conocer las siguientes experiencias de \u00e1mbito nacional:<\/p>\n<ul>\n<li style=\"text-align: justify;\"><strong><a href=\"https:\/\/fundacionglobalnature.org\/wetlands4climate\/?gad_source=1&amp;gclid=CjwKCAiA9bq6BhAKEiwAH6bqoIOxfzyvLHFAOqN7d5AQriIZxI2bpf_6QeE81ZYufIQpV5L3-mZ0_RoCHtUQAvD_BwE\">LIFE Wetlands4Climate<\/a><\/strong>, presentado por Vanessa S\u00e1nchez Ortega, de la <a href=\"https:\/\/fundacionglobalnature.org\/\">Fundaci\u00f3n Global Nature.<\/a> Un proyecto para compensar la huella de carbono mediante la gesti\u00f3n y restauraci\u00f3n de humedales Mediterr\u00e1neos, de la que pudimos conocer la metodolog\u00eda que este proyecto ha desarrollado para la restauraci\u00f3n de humedales y para el monitoreo y verificaci\u00f3n de reducci\u00f3n de emisiones. El reto que este proyecto LIFE se plantea ahora es la venta de las toneladas de CO<sub>2<\/sub> almacenadas y su aprobaci\u00f3n por est\u00e1ndares que faciliten su comercializaci\u00f3n.<\/li>\n<li style=\"text-align: justify;\"><strong><a href=\"https:\/\/life-bluenatura.eu\/es\/inicio\/\">LIFE Blue Natura<\/a><\/strong>, presentado por Susana \u00c1lvarez Pel\u00e1ez, Jefa de Departamento de Cambio Clim\u00e1tico de la Oficina Andaluza Cambio Clim\u00e1tico (Agencia Medio Ambiente y Agua). Este proyecto ha logrado la elaboraci\u00f3n del Est\u00e1ndar andaluz de carbono para la certificaci\u00f3n de cr\u00e9ditos de carbono azul, como procedimiento para la inclusi\u00f3n de proyectos de conservaci\u00f3n\/restauraci\u00f3n de marismas de marea y praderas de faner\u00f3gamas marinas como proyectos de compensaci\u00f3n de emisiones en el \u00e1mbito voluntario.<\/li>\n<li style=\"text-align: justify;\"><strong><a href=\"https:\/\/euroregio.eu\/en\/european-projects\/carbon-farming-med-2\">Carbon Farming MED<\/a>,\u00a0<\/strong>presentado online por Carlos Alberto Torres Guerrero\n<div class=\"cargo\">Investigador del Centro Tecnol\u00f3gico Beta. En este proyecto se han establecido modelos de monitoreo, reporte y verificaci\u00f3n (MRV), probados en parcelas piloto en Espa\u00f1a e Italia con el objetivo de promover\u00a0la agricultura del Carbono como un modelo de negocios innovador en el que los agricultores son compensados por reducir emisiones o capturar carbono mediante pr\u00e1cticas sostenibles como la agroforester\u00eda y la agricultura regenerativa.<\/div>\n<\/li>\n<li style=\"text-align: justify;\"><a href=\"https:\/\/landlifecompany.com\/es-es\"><strong>Land Life Iberia <\/strong><\/a>&#8211; Experiencia y retos en ejecuci\u00f3n y registro de proyectos de naturaleza como sumideros de carbono, presentado por Francisco Purroy Balda, director de Land Life en Espa\u00f1a y Portugal. Esta entidad ha comenzado la restauraci\u00f3n ambiental y recuperaci\u00f3n del bosque mixto aut\u00f3ctono en m\u00e1s de 4.200 ha en la pen\u00ednsula ib\u00e9rica, fomentando la absorci\u00f3n y almacenamiento de carbono en estos terrenos, y priorizando la preservaci\u00f3n de la biodiversidad y los servicios a las comunidades rurales. Esta entidad es el principal actor atrayendo inversi\u00f3n privada proveniente de los mercados voluntarios de carbono y adem\u00e1s trabaja con el registro y certificaci\u00f3n internacional para proyectos de absorci\u00f3n, dentro del programa de Verra Verified Carbon Standard (VCS).<\/li>\n<li style=\"text-align: justify;\"><strong>El Monte Mondigo<\/strong>, presentado por \u00c1lvaro Garc\u00eda Mateos, Director de Espa\u00f1a y Portugal de <a href=\"https:\/\/carbon2nature.earth\/\">Carbon2Nature<\/a>. El monte Mondigo es una finca forestal de 175 ha localizada en Lugo en la que Carbon2Nature ha iniciado un nuevo proyecto de ordenaci\u00f3n y gesti\u00f3n forestal, con una reforestaci\u00f3n de <em>P. pinaster<\/em>, <em>C. sativa, Betula, Q. robur, Q. pyrenaica<\/em> entre otras, tras un incendio en 2023. Carbon2Nature prioriza que la gesti\u00f3n en este monte sea sostenible, y para ello eleva el turno al m\u00e1ximo t\u00e9cnicamente viable, promueve actuaciones culturales de baja intensidad, pero frecuentes, y calculando una l\u00ednea base cuantitativa de biodiversidad, que evaluar\u00e1 cada 5 a\u00f1os. Todas estas actuaciones les permiten generar cr\u00e9ditos de carbono de alta calidad, revelando su gran valor como impulsor de la gesti\u00f3n forestal.<\/li>\n<li style=\"text-align: justify;\"><a href=\"https:\/\/basokosistema.org\/\"><strong>BASOKO SISTEMA <\/strong><\/a>&#8211; Mercado para el carbono fijado con la Gesti\u00f3n Forestal Sostenible, presentado por Amelia Uria Pe\u00f1a, Coordinadora de la Confederaci\u00f3n de Forestalistas del Pa\u00eds Vasco. BASOKO SISTEMA es un proyecto para la implantaci\u00f3n de un mercado voluntario en Euskadi para el carbono fijado con la gesti\u00f3n forestal sostenible donde las partes se transfieren derechos sobre le carbono y consecuentes dotaciones econ\u00f3micas. En un contexto en el que el cambio del uso del suelo no es posible ya que el 55% del terreno ya es forestal y los incendios son un fen\u00f3meno infrecuente, un cambio en la gesti\u00f3n de los montes que mejore el almacenamiento de carbono en los mismos surge como forma de \u00a0contribuir a mitigar el cambio clim\u00e1tico y de adaptarse a sus efectos perjudiciales. Este proyecto supone un puente entre las entidades y personas que realizan actividades de emisi\u00f3n de CO<sub>2<\/sub> a la atm\u00f3sfera y las entidades y personas que realizan actividades de absorci\u00f3n de CO<sub>2<\/sub> desde la atm\u00f3sfera a los bosques y a la madera de la que proveen.<\/li>\n<li style=\"text-align: justify;\"><a href=\"https:\/\/carbon2mine.es\/\"><strong>Carbon2Mine<\/strong> <\/a>&#8211; Restauraci\u00f3n y captura de carbono en las cuencas mineras de Asturias, presentado por Jos\u00e9 Luis Tom\u00e9 Mor\u00e1n, Director Gerente de AGRESTA S. Coop. Carbon2Mine es un proyecto LIFE que propone una innovadora \u00abMiner\u00eda Inversa\u00bb para extraer carbono de la atm\u00f3sfera y devolverlo al planeta a trav\u00e9s de la restauraci\u00f3n ambiental en las cuencas Mineras Asturianas. El objetivo de este proyecto es involucrar a peque\u00f1os propietarios forestales, promoviendo modelos de gesti\u00f3n sostenibles y transformando las cuencas en un modelo de <em>carbon farming<\/em> a trav\u00e9s de la restauraci\u00f3n de ecosistemas y la mejora de pastizales que act\u00faan como sumideros de CO<sub>2<\/sub>.<\/li>\n<\/ul>\n<p>&nbsp;<\/p>\n<div id='gallery-1' class='gallery galleryid-5339 gallery-columns-4 gallery-size-thumbnail'><dl class='gallery-item'>\n\t\t\t<dt class='gallery-icon portrait'>\n\t\t\t\t<a href='https:\/\/www.fbycc.org\/index.php\/2024\/12\/03\/siete-experiencias-sobre-sumideros-naturales-de-carbono-en-conama-2024\/img_20241202_1820282\/'><img loading=\"lazy\" decoding=\"async\" width=\"150\" height=\"150\" src=\"https:\/\/www.fbycc.org\/wp-content\/uploads\/2024\/12\/IMG_20241202_1820282-150x150.jpg\" class=\"attachment-thumbnail size-thumbnail\" alt=\"\" srcset=\"https:\/\/www.fbycc.org\/wp-content\/uploads\/2024\/12\/IMG_20241202_1820282-150x150.jpg 150w, https:\/\/www.fbycc.org\/wp-content\/uploads\/2024\/12\/IMG_20241202_1820282-50x50.jpg 50w, https:\/\/www.fbycc.org\/wp-content\/uploads\/2024\/12\/IMG_20241202_1820282-250x250.jpg 250w, https:\/\/www.fbycc.org\/wp-content\/uploads\/2024\/12\/IMG_20241202_1820282-500x500.jpg 500w\" sizes=\"auto, (max-width: 150px) 100vw, 150px\" \/><\/a>\n\t\t\t<\/dt><\/dl><dl class='gallery-item'>\n\t\t\t<dt class='gallery-icon portrait'>\n\t\t\t\t<a href='https:\/\/www.fbycc.org\/index.php\/2024\/12\/03\/siete-experiencias-sobre-sumideros-naturales-de-carbono-en-conama-2024\/img_20241202_182308\/'><img loading=\"lazy\" decoding=\"async\" width=\"150\" height=\"150\" src=\"https:\/\/www.fbycc.org\/wp-content\/uploads\/2024\/12\/IMG_20241202_182308-150x150.jpg\" class=\"attachment-thumbnail size-thumbnail\" alt=\"\" srcset=\"https:\/\/www.fbycc.org\/wp-content\/uploads\/2024\/12\/IMG_20241202_182308-150x150.jpg 150w, https:\/\/www.fbycc.org\/wp-content\/uploads\/2024\/12\/IMG_20241202_182308-50x50.jpg 50w, https:\/\/www.fbycc.org\/wp-content\/uploads\/2024\/12\/IMG_20241202_182308-250x250.jpg 250w, https:\/\/www.fbycc.org\/wp-content\/uploads\/2024\/12\/IMG_20241202_182308-500x500.jpg 500w\" sizes=\"auto, (max-width: 150px) 100vw, 150px\" \/><\/a>\n\t\t\t<\/dt><\/dl><dl class='gallery-item'>\n\t\t\t<dt class='gallery-icon landscape'>\n\t\t\t\t<a href='https:\/\/www.fbycc.org\/index.php\/2024\/12\/03\/siete-experiencias-sobre-sumideros-naturales-de-carbono-en-conama-2024\/img_20241202_190238\/'><img loading=\"lazy\" decoding=\"async\" width=\"150\" height=\"150\" src=\"https:\/\/www.fbycc.org\/wp-content\/uploads\/2024\/12\/IMG_20241202_190238-150x150.jpg\" class=\"attachment-thumbnail size-thumbnail\" alt=\"\" srcset=\"https:\/\/www.fbycc.org\/wp-content\/uploads\/2024\/12\/IMG_20241202_190238-150x150.jpg 150w, https:\/\/www.fbycc.org\/wp-content\/uploads\/2024\/12\/IMG_20241202_190238-50x50.jpg 50w, https:\/\/www.fbycc.org\/wp-content\/uploads\/2024\/12\/IMG_20241202_190238-250x250.jpg 250w, https:\/\/www.fbycc.org\/wp-content\/uploads\/2024\/12\/IMG_20241202_190238-500x500.jpg 500w\" sizes=\"auto, (max-width: 150px) 100vw, 150px\" \/><\/a>\n\t\t\t<\/dt><\/dl><dl class='gallery-item'>\n\t\t\t<dt class='gallery-icon portrait'>\n\t\t\t\t<a href='https:\/\/www.fbycc.org\/index.php\/2024\/12\/03\/siete-experiencias-sobre-sumideros-naturales-de-carbono-en-conama-2024\/img_20241202_190859\/'><img loading=\"lazy\" decoding=\"async\" width=\"150\" height=\"150\" src=\"https:\/\/www.fbycc.org\/wp-content\/uploads\/2024\/12\/IMG_20241202_190859-150x150.jpg\" class=\"attachment-thumbnail size-thumbnail\" alt=\"\" srcset=\"https:\/\/www.fbycc.org\/wp-content\/uploads\/2024\/12\/IMG_20241202_190859-150x150.jpg 150w, https:\/\/www.fbycc.org\/wp-content\/uploads\/2024\/12\/IMG_20241202_190859-50x50.jpg 50w, https:\/\/www.fbycc.org\/wp-content\/uploads\/2024\/12\/IMG_20241202_190859-250x250.jpg 250w, https:\/\/www.fbycc.org\/wp-content\/uploads\/2024\/12\/IMG_20241202_190859-500x500.jpg 500w\" sizes=\"auto, (max-width: 150px) 100vw, 150px\" \/><\/a>\n\t\t\t<\/dt><\/dl><br style=\"clear: both\" \/><dl class='gallery-item'>\n\t\t\t<dt class='gallery-icon landscape'>\n\t\t\t\t<a href='https:\/\/www.fbycc.org\/index.php\/2024\/12\/03\/siete-experiencias-sobre-sumideros-naturales-de-carbono-en-conama-2024\/img-20241203-wa0016\/'><img loading=\"lazy\" decoding=\"async\" width=\"150\" height=\"150\" src=\"https:\/\/www.fbycc.org\/wp-content\/uploads\/2024\/12\/IMG-20241203-WA0016-150x150.jpg\" class=\"attachment-thumbnail size-thumbnail\" alt=\"\" srcset=\"https:\/\/www.fbycc.org\/wp-content\/uploads\/2024\/12\/IMG-20241203-WA0016-150x150.jpg 150w, https:\/\/www.fbycc.org\/wp-content\/uploads\/2024\/12\/IMG-20241203-WA0016-50x50.jpg 50w, https:\/\/www.fbycc.org\/wp-content\/uploads\/2024\/12\/IMG-20241203-WA0016-250x250.jpg 250w, https:\/\/www.fbycc.org\/wp-content\/uploads\/2024\/12\/IMG-20241203-WA0016-500x500.jpg 500w\" sizes=\"auto, (max-width: 150px) 100vw, 150px\" \/><\/a>\n\t\t\t<\/dt><\/dl><dl class='gallery-item'>\n\t\t\t<dt class='gallery-icon landscape'>\n\t\t\t\t<a href='https:\/\/www.fbycc.org\/index.php\/2024\/12\/03\/siete-experiencias-sobre-sumideros-naturales-de-carbono-en-conama-2024\/img-20241203-wa0018\/'><img loading=\"lazy\" decoding=\"async\" width=\"150\" height=\"150\" src=\"https:\/\/www.fbycc.org\/wp-content\/uploads\/2024\/12\/IMG-20241203-WA0018-150x150.jpg\" class=\"attachment-thumbnail size-thumbnail\" alt=\"\" srcset=\"https:\/\/www.fbycc.org\/wp-content\/uploads\/2024\/12\/IMG-20241203-WA0018-150x150.jpg 150w, https:\/\/www.fbycc.org\/wp-content\/uploads\/2024\/12\/IMG-20241203-WA0018-50x50.jpg 50w, https:\/\/www.fbycc.org\/wp-content\/uploads\/2024\/12\/IMG-20241203-WA0018-250x250.jpg 250w, https:\/\/www.fbycc.org\/wp-content\/uploads\/2024\/12\/IMG-20241203-WA0018-500x500.jpg 500w\" sizes=\"auto, (max-width: 150px) 100vw, 150px\" \/><\/a>\n\t\t\t<\/dt><\/dl><dl class='gallery-item'>\n\t\t\t<dt class='gallery-icon portrait'>\n\t\t\t\t<a href='https:\/\/www.fbycc.org\/index.php\/2024\/12\/03\/siete-experiencias-sobre-sumideros-naturales-de-carbono-en-conama-2024\/img_20241202_1931232\/'><img loading=\"lazy\" decoding=\"async\" width=\"150\" height=\"150\" src=\"https:\/\/www.fbycc.org\/wp-content\/uploads\/2024\/12\/IMG_20241202_1931232-150x150.jpg\" class=\"attachment-thumbnail size-thumbnail\" alt=\"\" srcset=\"https:\/\/www.fbycc.org\/wp-content\/uploads\/2024\/12\/IMG_20241202_1931232-150x150.jpg 150w, https:\/\/www.fbycc.org\/wp-content\/uploads\/2024\/12\/IMG_20241202_1931232-50x50.jpg 50w, https:\/\/www.fbycc.org\/wp-content\/uploads\/2024\/12\/IMG_20241202_1931232-250x250.jpg 250w, https:\/\/www.fbycc.org\/wp-content\/uploads\/2024\/12\/IMG_20241202_1931232-500x500.jpg 500w\" sizes=\"auto, (max-width: 150px) 100vw, 150px\" \/><\/a>\n\t\t\t<\/dt><\/dl><dl class='gallery-item'>\n\t\t\t<dt class='gallery-icon landscape'>\n\t\t\t\t<a href='https:\/\/www.fbycc.org\/index.php\/2024\/12\/03\/siete-experiencias-sobre-sumideros-naturales-de-carbono-en-conama-2024\/img_20241202_192249\/'><img loading=\"lazy\" decoding=\"async\" width=\"150\" height=\"150\" src=\"https:\/\/www.fbycc.org\/wp-content\/uploads\/2024\/12\/IMG_20241202_192249-150x150.jpg\" class=\"attachment-thumbnail size-thumbnail\" alt=\"\" srcset=\"https:\/\/www.fbycc.org\/wp-content\/uploads\/2024\/12\/IMG_20241202_192249-150x150.jpg 150w, https:\/\/www.fbycc.org\/wp-content\/uploads\/2024\/12\/IMG_20241202_192249-50x50.jpg 50w, https:\/\/www.fbycc.org\/wp-content\/uploads\/2024\/12\/IMG_20241202_192249-250x250.jpg 250w, https:\/\/www.fbycc.org\/wp-content\/uploads\/2024\/12\/IMG_20241202_192249-500x500.jpg 500w\" sizes=\"auto, (max-width: 150px) 100vw, 150px\" \/><\/a>\n\t\t\t<\/dt><\/dl><br style=\"clear: both\" \/>\n\t\t<\/div>\n\n<p><span style=\"font-size: 8pt;\">Galer\u00eda de fotos del panel de experiencias en la ST.02 (2 diciembre 2024)<\/span><\/p>\n<p>&nbsp;<\/p>\n<p style=\"text-align: center;\">CONAMA 2024 cont\u00f3 en su primera jornada con 1826 visitantes. Durante los pr\u00f3ximos d\u00edas m\u00e1s de 6000 congresistas podr\u00e1n disfrutar de las 114 actividades organizadas hasta el 5 de diciembre, en IFEMA (Madrid).<\/p>\n","protected":false},"excerpt":{"rendered":"<p>Siete experiencias sobre sumideros naturales de carbono en CONAMA 2024 Durante el primer d\u00eda del Congreso Nacional de Medio Ambiente CONAMA 2024 se celebr\u00f3 la sesi\u00f3n t\u00e9cnica sobre Sumideros y captura y<a class=\"moretag\" href=\"https:\/\/www.fbycc.org\/index.php\/2024\/12\/03\/siete-experiencias-sobre-sumideros-naturales-de-carbono-en-conama-2024\/\">Leer m\u00e1s&#8230;<\/a><\/p>\n","protected":false},"author":5,"featured_media":0,"comment_status":"closed","ping_status":"open","sticky":false,"template":"","format":"standard","meta":{"_monsterinsights_skip_tracking":false,"_monsterinsights_sitenote_active":false,"_monsterinsights_sitenote_note":"","_monsterinsights_sitenote_category":0,"footnotes":""},"categories":[11],"tags":[30,260,22,233],"class_list":["post-5339","post","type-post","status-publish","format-standard","hentry","category-noticias","tag-co2","tag-conama2024","tag-medio-ambiente","tag-sumideros"],"_links":{"self":[{"href":"https:\/\/www.fbycc.org\/index.php\/wp-json\/wp\/v2\/posts\/5339","targetHints":{"allow":["GET"]}}],"collection":[{"href":"https:\/\/www.fbycc.org\/index.php\/wp-json\/wp\/v2\/posts"}],"about":[{"href":"https:\/\/www.fbycc.org\/index.php\/wp-json\/wp\/v2\/types\/post"}],"author":[{"embeddable":true,"href":"https:\/\/www.fbycc.org\/index.php\/wp-json\/wp\/v2\/users\/5"}],"replies":[{"embeddable":true,"href":"https:\/\/www.fbycc.org\/index.php\/wp-json\/wp\/v2\/comments?post=5339"}],"version-history":[{"count":16,"href":"https:\/\/www.fbycc.org\/index.php\/wp-json\/wp\/v2\/posts\/5339\/revisions"}],"predecessor-version":[{"id":5375,"href":"https:\/\/www.fbycc.org\/index.php\/wp-json\/wp\/v2\/posts\/5339\/revisions\/5375"}],"wp:attachment":[{"href":"https:\/\/www.fbycc.org\/index.php\/wp-json\/wp\/v2\/media?parent=5339"}],"wp:term":[{"taxonomy":"category","embeddable":true,"href":"https:\/\/www.fbycc.org\/index.php\/wp-json\/wp\/v2\/categories?post=5339"},{"taxonomy":"post_tag","embeddable":true,"href":"https:\/\/www.fbycc.org\/index.php\/wp-json\/wp\/v2\/tags?post=5339"}],"curies":[{"name":"wp","href":"https:\/\/api.w.org\/{rel}","templated":true}]}}