{"id":5315,"date":"2024-11-29T16:13:31","date_gmt":"2024-11-29T16:13:31","guid":{"rendered":"https:\/\/www.fbycc.org\/?p=5315"},"modified":"2024-12-01T01:47:11","modified_gmt":"2024-12-01T01:47:11","slug":"el-foro-de-bosques-y-cambio-climatico-estara-en-conama-2024","status":"publish","type":"post","link":"https:\/\/www.fbycc.org\/index.php\/2024\/11\/29\/el-foro-de-bosques-y-cambio-climatico-estara-en-conama-2024\/","title":{"rendered":"El Foro de Bosques y Cambio clim\u00e1tico estar\u00e1 en CONAMA 2024"},"content":{"rendered":"<h1 style=\"text-align: center;\">El Foro de Bosques y Cambio clim\u00e1tico estar\u00e1 en CONAMA 2024, el Congreso Nacional de Medio Ambiente donde \u00abcompartiremos para avanzar\u00bb<\/h1>\n<p style=\"text-align: justify;\"><span style=\"font-size: 14pt;\">El Congreso Nacional del Medio Ambiente, tambi\u00e9n conocido como CONAMA, es el <strong>mayor encuentro del sector ambiental y de la sostenibilidad en Espa\u00f1a<\/strong> y su 17\u00aa edici\u00f3n tiene cita en Madrid del 2 al 5 de diciembre.<\/span><\/p>\n<p><a href=\"https:\/\/www.conama.org\/2024\/?gad_source=1&amp;gclid=CjwKCAiA6aW6BhBqEiwA6KzDc4s--_COfrmx9_q6f5k5WGN1BoHJOGw1GxhnYYpH9EZosWzBHGRN3xoCpxwQAvD_BwE\"><img loading=\"lazy\" decoding=\"async\" class=\"alignright wp-image-5327\" src=\"https:\/\/www.fbycc.org\/wp-content\/uploads\/2024\/11\/banner-horizontal-04.png\" alt=\"\" width=\"612\" height=\"230\" \/><\/a><\/p>\n<p style=\"text-align: justify;\">Del 2 al 5 de diciembre de 2024 tendr\u00e1 lugar en IFEMA (Madrid) el principal encuentro celebrado en Espa\u00f1a para discutir y abordar temas relacionados con la <strong>sostenibilidad<\/strong> y el <strong>medio ambiente<\/strong>. CONAMA re\u00fane a diversos actores para promover el di\u00e1logo y la acci\u00f3n ambiental: administraciones, empresas, universidades y centros de investigaci\u00f3n, organizaciones ecologistas, sociales y sindicatos. CONAMA 2024, bajo el lema \u00abcompartir para avanzar\u00bb, tiene como objetivo poner a disposici\u00f3n de la sociedad un <strong>espacio com\u00fan de di\u00e1logo y conocimiento para hacer frente a los diversos problemas medioambientales<\/strong> a los que nos enfrentamos.<\/p>\n<h2>El Foro de Bosques y cambio clim\u00e1tico participa en una sesi\u00f3n t\u00e9cnica sobre sumideros y captura y almacenamiento de CO<sub>2<\/sub><\/h2>\n<p style=\"text-align: justify;\"><span style=\"font-size: 14pt;\"><strong>Durante la sesi\u00f3n t\u00e9cnica de CONAMA 2024, se presentar\u00e1n casos de \u00e9xito y proyectos en curso que est\u00e1n implementando soluciones innovadoras para la captura de carbono en distintos sectores<\/strong><\/span>.<\/p>\n<p><a href=\"https:\/\/www.conama.org\/2024\/actividades\/sumideros-y-captura-y-almacenamiento-de-co2\/\"><img loading=\"lazy\" decoding=\"async\" class=\"alignnone size-full wp-image-5331 aligncenter\" src=\"https:\/\/www.fbycc.org\/wp-content\/uploads\/2024\/11\/Diseno-sin-titulo-2.png\" alt=\"\" width=\"6912\" height=\"3456\" srcset=\"https:\/\/www.fbycc.org\/wp-content\/uploads\/2024\/11\/Diseno-sin-titulo-2.png 6912w, https:\/\/www.fbycc.org\/wp-content\/uploads\/2024\/11\/Diseno-sin-titulo-2-300x150.png 300w, https:\/\/www.fbycc.org\/wp-content\/uploads\/2024\/11\/Diseno-sin-titulo-2-1024x512.png 1024w, https:\/\/www.fbycc.org\/wp-content\/uploads\/2024\/11\/Diseno-sin-titulo-2-768x384.png 768w, https:\/\/www.fbycc.org\/wp-content\/uploads\/2024\/11\/Diseno-sin-titulo-2-1536x768.png 1536w, https:\/\/www.fbycc.org\/wp-content\/uploads\/2024\/11\/Diseno-sin-titulo-2-2048x1024.png 2048w, https:\/\/www.fbycc.org\/wp-content\/uploads\/2024\/11\/Diseno-sin-titulo-2-1600x800.png 1600w\" sizes=\"auto, (max-width: 6912px) 100vw, 6912px\" \/><\/a><\/p>\n<p>El <strong>Foro de Bosques y Cambio Clim\u00e1tico<\/strong> colabora en CONAMA siendo parte del <strong>Comit\u00e9 T\u00e9cnico CT.02. Sumideros y captura y almacenamiento de CO<sub>2<\/sub><\/strong>, que organiza la tarde del 2 de diciembre, de 16:00 a 19:00 horas, una sesi\u00f3n t\u00e9cnica sobre esta tem\u00e1tica. Esta sesi\u00f3n constar\u00e1 de tres bloques:<\/p>\n<ul>\n<li>una <strong>presentaci\u00f3n inicial<\/strong> que abordar\u00e1 el contexto actual de la captura y almacenamiento de CO<sub>2<\/sub> y los sumideros naturales en el marco de las pol\u00edticas europeas y nacionales, con la participaci\u00f3n de la Direcci\u00f3n General de Acci\u00f3n Clim\u00e1tica de la Comisi\u00f3n Europea y la Oficina Espa\u00f1ola de Cambio Clim\u00e1tico (OECC)<\/li>\n<li>un <strong>debate<\/strong> sobre los retos en la captura y almacenamiento de CO<sub>2<\/sub>: barreras normativas y tecnol\u00f3gicas actuales, as\u00ed como posibles incentivos y modelos de colaboraci\u00f3n para impulsar el desarrollo de esta tecnolog\u00eda.<\/li>\n<li>un <strong>panel de experiencias<\/strong> sobre sumideros naturales de carbono en el que <span data-olk-copy-source=\"MessageBody\">siete entidades que est\u00e1n trabajando sobre el terreno en proyectos de sumideros naturales contar\u00e1n sus distintas experiencias<\/span><\/li>\n<\/ul>\n<p style=\"text-align: justify;\"><strong>El panel de experiencias que dar\u00e1 comienzo a las 18:00 horas del 2 de diciembre estar\u00e1 moderado por Sergio de la Cruz, Director t\u00e9cnico del Foro de Bosques y Cambio Clim\u00e1tico, y en \u00e9l participar\u00e1n algunas entidades socias del Foro, como <a href=\"https:\/\/landlifecompany.com\/es-es\">Land Life<\/a> y <a href=\"https:\/\/carbon2nature.earth\/\">Carbon2Nature<\/a>.<\/strong><\/p>\n<p>&nbsp;<\/p>\n<p>Conoce todos los detalles de esta sesi\u00f3n:<\/p>\n<div class=\"tx-cta\" style=\"\"><div class=\"tx-cta-text\">ST.02. Sumideros y captura y almacenamiento de CO2\u00a0<\/div><a href=\"https:\/\/www.conama.org\/2024\/actividades\/sumideros-y-captura-y-almacenamiento-de-co2\/\" class=\"cta-button\">Programa<\/a><div class=\"clear\"><\/div><\/div>\n<p style=\"text-align: center;\"><span style=\"font-size: 18pt;\"><strong>\u00a1Ven a vernos a CONAMA 2024!<\/strong><\/span><\/p>\n<p><a href=\"https:\/\/www.conama.org\/2024\/?gad_source=1&amp;gclid=CjwKCAiA6aW6BhBqEiwA6KzDc4s--_COfrmx9_q6f5k5WGN1BoHJOGw1GxhnYYpH9EZosWzBHGRN3xoCpxwQAvD_BwE\"><img loading=\"lazy\" decoding=\"async\" class=\"alignnone size-full wp-image-5330\" src=\"https:\/\/www.fbycc.org\/wp-content\/uploads\/2024\/11\/banner-1180x180-02-1.png\" alt=\"\" width=\"4917\" height=\"750\" srcset=\"https:\/\/www.fbycc.org\/wp-content\/uploads\/2024\/11\/banner-1180x180-02-1.png 4917w, https:\/\/www.fbycc.org\/wp-content\/uploads\/2024\/11\/banner-1180x180-02-1-300x46.png 300w, https:\/\/www.fbycc.org\/wp-content\/uploads\/2024\/11\/banner-1180x180-02-1-1024x156.png 1024w, https:\/\/www.fbycc.org\/wp-content\/uploads\/2024\/11\/banner-1180x180-02-1-768x117.png 768w, https:\/\/www.fbycc.org\/wp-content\/uploads\/2024\/11\/banner-1180x180-02-1-1536x234.png 1536w, https:\/\/www.fbycc.org\/wp-content\/uploads\/2024\/11\/banner-1180x180-02-1-2048x312.png 2048w\" sizes=\"auto, (max-width: 4917px) 100vw, 4917px\" \/><\/a><\/p>\n","protected":false},"excerpt":{"rendered":"<p>El Foro de Bosques y Cambio clim\u00e1tico estar\u00e1 en CONAMA 2024, el Congreso Nacional de Medio Ambiente donde \u00abcompartiremos para avanzar\u00bb El Congreso Nacional del Medio Ambiente, tambi\u00e9n conocido como CONAMA, es<a class=\"moretag\" href=\"https:\/\/www.fbycc.org\/index.php\/2024\/11\/29\/el-foro-de-bosques-y-cambio-climatico-estara-en-conama-2024\/\">Leer m\u00e1s&#8230;<\/a><\/p>\n","protected":false},"author":5,"featured_media":0,"comment_status":"closed","ping_status":"open","sticky":false,"template":"","format":"standard","meta":{"_monsterinsights_skip_tracking":false,"_monsterinsights_sitenote_active":false,"_monsterinsights_sitenote_note":"","_monsterinsights_sitenote_category":0,"footnotes":""},"categories":[11],"tags":[16,17,40,22,197,233],"class_list":["post-5315","post","type-post","status-publish","format-standard","hentry","category-noticias","tag-bosques","tag-cambio-climatico","tag-conama","tag-medio-ambiente","tag-sostenibilidad","tag-sumideros"],"_links":{"self":[{"href":"https:\/\/www.fbycc.org\/index.php\/wp-json\/wp\/v2\/posts\/5315","targetHints":{"allow":["GET"]}}],"collection":[{"href":"https:\/\/www.fbycc.org\/index.php\/wp-json\/wp\/v2\/posts"}],"about":[{"href":"https:\/\/www.fbycc.org\/index.php\/wp-json\/wp\/v2\/types\/post"}],"author":[{"embeddable":true,"href":"https:\/\/www.fbycc.org\/index.php\/wp-json\/wp\/v2\/users\/5"}],"replies":[{"embeddable":true,"href":"https:\/\/www.fbycc.org\/index.php\/wp-json\/wp\/v2\/comments?post=5315"}],"version-history":[{"count":16,"href":"https:\/\/www.fbycc.org\/index.php\/wp-json\/wp\/v2\/posts\/5315\/revisions"}],"predecessor-version":[{"id":5337,"href":"https:\/\/www.fbycc.org\/index.php\/wp-json\/wp\/v2\/posts\/5315\/revisions\/5337"}],"wp:attachment":[{"href":"https:\/\/www.fbycc.org\/index.php\/wp-json\/wp\/v2\/media?parent=5315"}],"wp:term":[{"taxonomy":"category","embeddable":true,"href":"https:\/\/www.fbycc.org\/index.php\/wp-json\/wp\/v2\/categories?post=5315"},{"taxonomy":"post_tag","embeddable":true,"href":"https:\/\/www.fbycc.org\/index.php\/wp-json\/wp\/v2\/tags?post=5315"}],"curies":[{"name":"wp","href":"https:\/\/api.w.org\/{rel}","templated":true}]}}