{"id":5300,"date":"2024-11-28T12:34:08","date_gmt":"2024-11-28T12:34:08","guid":{"rendered":"https:\/\/www.fbycc.org\/?p=5300"},"modified":"2024-11-28T12:34:08","modified_gmt":"2024-11-28T12:34:08","slug":"la-ue-da-su-visto-bueno-al-marco-de-certificacion-para-la-absorcion-de-carbono","status":"publish","type":"post","link":"https:\/\/www.fbycc.org\/index.php\/2024\/11\/28\/la-ue-da-su-visto-bueno-al-marco-de-certificacion-para-la-absorcion-de-carbono\/","title":{"rendered":"La UE da su visto bueno al marco de certificaci\u00f3n para la absorci\u00f3n de carbono"},"content":{"rendered":"<h1 style=\"text-align: center;\">El Consejo da su visto bueno al marco de certificaci\u00f3n de la UE para las absorciones permanentes de carbono, la carbonocultura y el almacenamiento de carbono en productos<\/h1>\n<p><img loading=\"lazy\" decoding=\"async\" class=\"alignnone size-full wp-image-5309\" src=\"https:\/\/www.fbycc.org\/wp-content\/uploads\/2024\/11\/BOLETIN-Otras-noticias-4-min.png\" alt=\"\" width=\"1280\" height=\"509\" srcset=\"https:\/\/www.fbycc.org\/wp-content\/uploads\/2024\/11\/BOLETIN-Otras-noticias-4-min.png 1280w, https:\/\/www.fbycc.org\/wp-content\/uploads\/2024\/11\/BOLETIN-Otras-noticias-4-min-300x119.png 300w, https:\/\/www.fbycc.org\/wp-content\/uploads\/2024\/11\/BOLETIN-Otras-noticias-4-min-1024x407.png 1024w, https:\/\/www.fbycc.org\/wp-content\/uploads\/2024\/11\/BOLETIN-Otras-noticias-4-min-768x305.png 768w\" sizes=\"auto, (max-width: 1280px) 100vw, 1280px\" \/><\/p>\n<p style=\"text-align: justify;\">El Consejo ha dado hoy su visto bueno definitivo al Reglamento por el que se establece el\u00a0<strong>primer<\/strong>\u00a0marco de certificaci\u00f3n\u00a0<strong>a escala de la UE<\/strong>\u00a0para las absorciones permanentes de carbono, la carbonocultura y el almacenamiento de carbono en productos. Este marco,\u00a0<strong>de car\u00e1cter voluntario<\/strong>,\u00a0<strong>facilitar\u00e1 y fomentar\u00e1<\/strong>\u00a0las actividades de absorci\u00f3n de carbono y de reducci\u00f3n de emisiones del suelo de alta calidad en la UE, como complemento de las reducciones sostenidas de las emisiones.<\/p>\n<p><span style=\"font-size: 14pt;\"><div class=\"tx-heading\" style=\"margin-bottom:24px; text-align: left;\"><h2 class=\"tx-heading-tag\" style=\"font-size:24px;\"><\/h2><\/div><\/span><\/p>\n<h2 style=\"text-align: justify;\">Absorciones de carbono y reducciones de emisiones del suelo<\/h2>\n<p style=\"text-align: justify;\">El Reglamento ser\u00e1 el primer paso para introducir en la legislaci\u00f3n de la UE un\u00a0<strong>marco de certificaci\u00f3n<\/strong>\u00a0integral para las absorciones de carbono y la reducci\u00f3n de emisiones del suelo. Ayudar\u00e1 a la UE a alcanzar su objetivo de neutralidad clim\u00e1tica de aqu\u00ed a 2050.<\/p>\n<p style=\"text-align: justify;\">El Reglamento abarca las siguientes actividades en toda la UE:<\/p>\n<ul style=\"text-align: justify;\">\n<li><strong>absorciones permanentes de carbono<\/strong>\u00a0que capturan y almacenan carbono atmosf\u00e9rico o biog\u00e9nico durante varios siglos (por ejemplo, bioenerg\u00eda con captura y almacenamiento de carbono y con captura directa del aire con almacenamiento);<\/li>\n<li><strong>actividades de almacenamiento de carbono que capturan y almacenan carbono en productos duraderos durante al menos 35 a\u00f1os<\/strong>\u00a0(como los productos de construcci\u00f3n derivados de la madera);<\/li>\n<li>actividades de\u00a0<strong>carbonocultura<\/strong>\u00a0que mejoran el secuestro y el almacenamiento de carbono en bosques y suelos, o que reducen las emisiones de gases de efecto invernadero de los suelos durante un per\u00edodo de al menos cinco a\u00f1os (por ejemplo, la reforestaci\u00f3n, la restauraci\u00f3n de turberas o humedales y la mejora del uso de fertilizantes).<\/li>\n<\/ul>\n<h2 style=\"text-align: justify;\">Criterios de certificaci\u00f3n<\/h2>\n<p style=\"text-align: justify;\">Las actividades de absorci\u00f3n de carbono tendr\u00e1n que cumplir\u00a0<strong>cuatro criterios generales<\/strong>\u00a0para ser certificadas:<\/p>\n<ul style=\"text-align: justify;\">\n<li>deben generar un beneficio neto de la absorci\u00f3n de carbono o un beneficio neto de la reducci\u00f3n de las emisiones del suelo\u00a0<strong>cuantificado<\/strong>;<\/li>\n<li>deben ser\u00a0<strong>adicionales<\/strong>, lo que significa que van m\u00e1s all\u00e1 de los requisitos legales en lo que respecta al operador individual y necesitan el efecto incentivador de la certificaci\u00f3n para que sea viable desde el punto de vista financiero;<\/li>\n<li>deben tener como objetivo garantizar el\u00a0<strong>almacenamiento a largo plazo<\/strong>\u00a0de carbono y minimizar el riesgo de liberaci\u00f3n de carbono;<\/li>\n<li>no deben causar un perjuicio significativo al medio ambiente y deben poder producir beneficios secundarios para uno o varios de los objetivos de\u00a0<strong>sostenibilidad<\/strong>.<\/li>\n<\/ul>\n<p style=\"text-align: justify;\">Adem\u00e1s, las actividades que puedan optar a la certificaci\u00f3n deber\u00e1n\u00a0<strong>ser verificadas de forma independiente<\/strong>\u00a0por organismos de certificaci\u00f3n terceros.<\/p>\n<h2 style=\"text-align: justify;\">Sistemas de certificaci\u00f3n<\/h2>\n<p style=\"text-align: justify;\">Se establecer\u00e1n sistemas de certificaci\u00f3n para que los operadores demuestren el cumplimiento del Reglamento. Estar\u00e1n sujetos a unas normas de seguimiento, verificaci\u00f3n y notificaci\u00f3n\u00a0<strong>s\u00f3lidas y transparentes<\/strong>\u00a0para promover la confianza en el sistema y garantizar la integridad medioambiental. Tambi\u00e9n se establecer\u00e1n\u00a0<strong>mecanismos de responsabilidad<\/strong>\u00a0para los operadores a fin de solventar cualquier liberaci\u00f3n de vuelta a la atm\u00f3sfera de carbono capturado.<\/p>\n<h2 style=\"text-align: justify;\">Registro de la UE<\/h2>\n<p style=\"text-align: justify;\"><strong>Cuatro<\/strong>\u00a0a\u00f1os despu\u00e9s de la entrada en vigor del Reglamento, la Comisi\u00f3n establecer\u00e1 un\u00a0<strong>registro electr\u00f3nico a escala de la UE<\/strong>\u00a0para garantizar la transparencia y la plena trazabilidad de las denominadas\u00a0<strong>unidades certificadas<\/strong>, que se expedir\u00e1 para reflejar el beneficio neto de carbono generado a trav\u00e9s de actividades certificadas de absorci\u00f3n de carbono y de reducci\u00f3n de emisiones del suelo.<\/p>\n<h2 style=\"text-align: justify;\">Pr\u00f3ximas etapas<\/h2>\n<p style=\"text-align: justify;\">El Reglamento se publicar\u00e1 ahora en el\u00a0<em>Diario Oficial de la UE<\/em>\u00a0y entrar\u00e1 en vigor a los veinte d\u00edas de su publicaci\u00f3n. Entonces ser\u00e1 directamente aplicable en todos los Estados miembros de la UE.<\/p>\n<p>&nbsp;<\/p>\n<p><span style=\"font-size: 14pt;\"><div class=\"tx-heading\" style=\"margin-bottom:24px; text-align: left;\"><h2 class=\"tx-heading-tag\" style=\"font-size:24px;\"><\/h2><\/div><\/span><\/p>\n<a class=\"tx-button\" href=\"https:\/\/www.consilium.europa.eu\/es\/press\/press-releases\/2024\/11\/19\/council-greenlights-eu-certification-framework-for-permanent-carbon-removals-carbon-farming-and-carbon-storage-in-products\/\" target=\"_blank\" style=\"color: #ffffff; background-color: #8aaa62\">Enlace a la noticia<\/a>\n<p>&nbsp;<\/p>\n","protected":false},"excerpt":{"rendered":"<p>El Consejo da su visto bueno al marco de certificaci\u00f3n de la UE para las absorciones permanentes de carbono, la carbonocultura y el almacenamiento de carbono en productos El Consejo ha dado<a class=\"moretag\" href=\"https:\/\/www.fbycc.org\/index.php\/2024\/11\/28\/la-ue-da-su-visto-bueno-al-marco-de-certificacion-para-la-absorcion-de-carbono\/\">Leer m\u00e1s&#8230;<\/a><\/p>\n","protected":false},"author":5,"featured_media":0,"comment_status":"closed","ping_status":"open","sticky":false,"template":"","format":"standard","meta":{"_monsterinsights_skip_tracking":false,"_monsterinsights_sitenote_active":false,"_monsterinsights_sitenote_note":"","_monsterinsights_sitenote_category":0,"footnotes":""},"categories":[11],"tags":[214,30,29],"class_list":["post-5300","post","type-post","status-publish","format-standard","hentry","category-noticias","tag-absorcion-de-carbono","tag-co2","tag-reduccion-de-emisiones"],"_links":{"self":[{"href":"https:\/\/www.fbycc.org\/index.php\/wp-json\/wp\/v2\/posts\/5300","targetHints":{"allow":["GET"]}}],"collection":[{"href":"https:\/\/www.fbycc.org\/index.php\/wp-json\/wp\/v2\/posts"}],"about":[{"href":"https:\/\/www.fbycc.org\/index.php\/wp-json\/wp\/v2\/types\/post"}],"author":[{"embeddable":true,"href":"https:\/\/www.fbycc.org\/index.php\/wp-json\/wp\/v2\/users\/5"}],"replies":[{"embeddable":true,"href":"https:\/\/www.fbycc.org\/index.php\/wp-json\/wp\/v2\/comments?post=5300"}],"version-history":[{"count":11,"href":"https:\/\/www.fbycc.org\/index.php\/wp-json\/wp\/v2\/posts\/5300\/revisions"}],"predecessor-version":[{"id":5764,"href":"https:\/\/www.fbycc.org\/index.php\/wp-json\/wp\/v2\/posts\/5300\/revisions\/5764"}],"wp:attachment":[{"href":"https:\/\/www.fbycc.org\/index.php\/wp-json\/wp\/v2\/media?parent=5300"}],"wp:term":[{"taxonomy":"category","embeddable":true,"href":"https:\/\/www.fbycc.org\/index.php\/wp-json\/wp\/v2\/categories?post=5300"},{"taxonomy":"post_tag","embeddable":true,"href":"https:\/\/www.fbycc.org\/index.php\/wp-json\/wp\/v2\/tags?post=5300"}],"curies":[{"name":"wp","href":"https:\/\/api.w.org\/{rel}","templated":true}]}}