{"id":5204,"date":"2024-11-08T08:55:12","date_gmt":"2024-11-08T08:55:12","guid":{"rendered":"https:\/\/www.fbycc.org\/?p=5204"},"modified":"2024-11-08T08:55:12","modified_gmt":"2024-11-08T08:55:12","slug":"compromisos-e-iniciativas-en-la-9a-conferencia-ministerial-de-forest-europe","status":"publish","type":"post","link":"https:\/\/www.fbycc.org\/index.php\/2024\/11\/08\/compromisos-e-iniciativas-en-la-9a-conferencia-ministerial-de-forest-europe\/","title":{"rendered":"Compromisos e iniciativas en la 9\u00aa Conferencia Ministerial de FOREST EUROPE"},"content":{"rendered":"<p style=\"text-align: center;\"><span style=\"font-size: 24pt;\"><strong>Compromisos clave y nuevas iniciativas en la 9\u00aa Conferencia Ministerial de FOREST EUROPE<\/strong><\/span><\/p>\n<p style=\"text-align: center;\"><span style=\"font-size: 18pt; color: #008000;\"><strong>Dando forma a nuestro futuro con bosques resilientes<\/strong><\/span><\/p>\n<div id=\"attachment_5212\" style=\"width: 990px\" class=\"wp-caption aligncenter\"><img loading=\"lazy\" decoding=\"async\" aria-describedby=\"caption-attachment-5212\" class=\"wp-image-5212 size-full\" src=\"https:\/\/www.fbycc.org\/wp-content\/uploads\/2024\/11\/FOREST_EUROPE_2024_1-e1729620197776-980x551-1.jpg\" alt=\"\" width=\"980\" height=\"551\" srcset=\"https:\/\/www.fbycc.org\/wp-content\/uploads\/2024\/11\/FOREST_EUROPE_2024_1-e1729620197776-980x551-1.jpg 980w, https:\/\/www.fbycc.org\/wp-content\/uploads\/2024\/11\/FOREST_EUROPE_2024_1-e1729620197776-980x551-1-300x169.jpg 300w, https:\/\/www.fbycc.org\/wp-content\/uploads\/2024\/11\/FOREST_EUROPE_2024_1-e1729620197776-980x551-1-768x432.jpg 768w\" sizes=\"auto, (max-width: 980px) 100vw, 980px\" \/><p id=\"caption-attachment-5212\" class=\"wp-caption-text\">\u00a9 BMEL<\/p><\/div>\n<p style=\"text-align: justify;\"><strong>La<a href=\"https:\/\/conference-foresteurope-org.translate.goog\/?_x_tr_sl=en&amp;_x_tr_tl=es&amp;_x_tr_hl=es&amp;_x_tr_pto=sc\">\u00a0<\/a><a href=\"https:\/\/conference-foresteurope-org.translate.goog\/?_x_tr_sl=en&amp;_x_tr_tl=es&amp;_x_tr_hl=es&amp;_x_tr_pto=sc\">9\u00aa Conferencia Ministerial<\/a> de <a href=\"https:\/\/foresteurope.org\/\">FOREST EUROPE<\/a> se celebr\u00f3 el 1 y 2 de octubre en Bonn (Alemania) con el objetivo de compartir experiencias nacionales, abordar los desaf\u00edos y dar forma a la visi\u00f3n futura de <em>Forest Europe<\/em>. Entre los principales resultados cabe destacar la\u00a0<a href=\"https:\/\/conference.foresteurope.org\/ministerial-documents\/\">firma de los Documentos Ministeriales de Bonn<\/a>,\u00a0la\u00a0creaci\u00f3n del mecanismo <a href=\"https:\/\/foresteurope.org\/workstreams\/risk-prevention\/\">FoRISK\u00a0<\/a>para mejorar la capacidad de recuperaci\u00f3n de los bosques, y la atenci\u00f3n prestada a la participaci\u00f3n de los j\u00f3venes en las futuras iniciativas forestales.\u00a0<\/strong><\/p>\n<p style=\"text-align: justify;\"><span data-contrast=\"auto\">Durante la conferencia se reunieron m\u00e1s de 160 delegados de 34 pa\u00edses europeos, la Comisi\u00f3n Europea, Australia y 24 organizaciones observadoras (organizaciones ambientales, asociaciones de propietarios forestales, representantes de la industria forestal y de la comunidad cient\u00edfica, entre otros). Este grupo diverso se uni\u00f3 con una misi\u00f3n compartida: <strong>dar forma al futuro de la Gesti\u00f3n Forestal Sostenible<\/strong>. Ante los crecientes desaf\u00edos ambientales, la conferencia marc\u00f3 un momento crucial para fortalecer el compromiso de Europa con la protecci\u00f3n y la gesti\u00f3n de sus bosques para las generaciones futuras.<\/span><span data-contrast=\"auto\">\u00a0<\/span><span data-ccp-props=\"{&quot;201341983&quot;:0,&quot;335559739&quot;:160,&quot;335559740&quot;:259}\">\u00a0<\/span><\/p>\n<p style=\"text-align: justify;\">En esta 9\u00aa y \u00faltima Conferencia Ministerial, el debate se ha desarrollado en torno a tres \u00e1reas de trabajo que han estado en desarrollo durante los \u00faltimos a\u00f1os:<\/p>\n<ul style=\"text-align: justify;\">\n<li><strong>Gesti\u00f3n Forestal Sostenible<\/strong> (GFS), es el foco principal de FOREST EUROPE<em>, <\/em>que pretende consolidar a\u00fan m\u00e1s este concepto en las pol\u00edticas y pr\u00e1cticas forestales, as\u00ed como alcanzar a un p\u00fablico m\u00e1s amplio. FOREST EUROPE trabaja en la elaboraci\u00f3n del informe <em>El estado de los bosques de Europa<\/em>, cuya visi\u00f3n preliminar\u00a0 est\u00e1 disponible en <em>Historias breves de los bosques europeos.<\/em><\/li>\n<\/ul>\n<p style=\"text-align: justify; padding-left: 40px;\"><a class=\"tx-button\" href=\"https:\/\/foresteurope.org\/state-of-europes-forests\/\" target=\"_blank\" style=\"color: #ffffff; background-color: #8aaa62\">State of Europe&#039;s Forests<\/a> <a class=\"tx-button\" href=\"https:\/\/foresteurope.org\/wp-content\/uploads\/2024\/10\/Short-story-about-European-Forests.pdf\" target=\"_blank\" style=\"color: #ffffff; background-color: #8aaa62\">A short story about European forests<\/a>\n<ul style=\"text-align: justify;\">\n<li>Cooperaci\u00f3n transfronteriza en la <strong>gesti\u00f3n de riesgos de perturbaci\u00f3n forestal<\/strong> para adaptar los bosques panaeuropeos y mejorar su resiliencia<\/li>\n<\/ul>\n<ul style=\"text-align: justify;\">\n<li><strong>Empleos verdes<\/strong> dentro del \u00e1mbito forestal, mediante el impulso del programa <em>Empleos verdes y educaci\u00f3n forestal,<\/em> que promueve una cooperaci\u00f3n eficaz y una adaptaci\u00f3n de la educaci\u00f3n y formaci\u00f3n forestal para que se ajusten mejor a las necesidades del sector<\/li>\n<\/ul>\n<p style=\"text-align: justify; padding-left: 40px;\"><a class=\"tx-button\" href=\"https:\/\/foresteurope.org\/workstreams\/green-jobs\/\" target=\"_blank\" style=\"color: #ffffff; background-color: #8aaa62\">Green Jobs and Forest Education<\/a>\n<p>&nbsp;<\/p>\n<p style=\"text-align: center;\"><span style=\"color: #008000; font-size: 14pt;\"><strong>Las ideas clave, compromisos e iniciativas que nos deja esta conferencia<\/strong><\/span><span style=\"color: #008000; font-size: 14pt;\"><strong>:<\/strong><\/span><\/p>\n<p>&nbsp;<\/p>\n<p style=\"text-align: justify;\"><span style=\"font-size: 14pt;\"><b>Creaci\u00f3n de la plataforma FoRISK.<\/b><\/span><\/p>\n<p style=\"text-align: justify;\">La creaci\u00f3n del <strong>mecanismo paneuropeo de gesti\u00f3n de riesgos forestales<\/strong> FoRISK es uno de los mayores logros de la conferencia. Esta nueva plataforma de colaboraci\u00f3n con sede en el Instituto Forestal Europeo de Bonn tiene como objetivo apoyar la adaptaci\u00f3n de los bosques a las condiciones clim\u00e1ticas y de los lugares cambiantes, as\u00ed como mejorar la resiliencia y el potencial de mitigaci\u00f3n de los bosques a nivel paneuropeo, promoviendo pr\u00e1cticas de gesti\u00f3n forestal sostenible en toda Europa. FoRISK servir\u00e1 como <strong>centro de asesoramiento<\/strong>, proporcionando informaci\u00f3n relevante basada en evidencia sobre los riesgos forestales y la adaptaci\u00f3n a los responsables de la toma de decisiones pol\u00edticas, bas\u00e1ndose en una cooperaci\u00f3n de confianza con cient\u00edficos, profesionales y la sociedad. De esta manera ayudar\u00e1 a prevenir y gestionar los da\u00f1os forestales relacionados con el clima, un paso esencial para salvaguardar los bosques europeos en una era de crecientes riesgos ambientales.<\/p>\n<p style=\"text-align: justify;\"><a class=\"tx-button\" href=\"https:\/\/foresteurope.org\/workstreams\/risk-prevention\/\" target=\"_blank\" style=\"color: #ffffff; background-color: #8aaa62\">FoRISK<\/a>\n<p style=\"text-align: justify;\"><span style=\"font-size: 14pt;\"><b>Un compromiso conjunto con la resiliencia forestal<\/b>\u00a0<\/span><\/p>\n<p style=\"text-align: justify;\"><img loading=\"lazy\" decoding=\"async\" class=\" wp-image-5255 alignright\" src=\"https:\/\/www.fbycc.org\/wp-content\/uploads\/2024\/11\/Screenshot-2024-10-03-165924-1080x669-1.jpg\" alt=\"\" width=\"501\" height=\"310\" srcset=\"https:\/\/www.fbycc.org\/wp-content\/uploads\/2024\/11\/Screenshot-2024-10-03-165924-1080x669-1.jpg 1080w, https:\/\/www.fbycc.org\/wp-content\/uploads\/2024\/11\/Screenshot-2024-10-03-165924-1080x669-1-300x186.jpg 300w, https:\/\/www.fbycc.org\/wp-content\/uploads\/2024\/11\/Screenshot-2024-10-03-165924-1080x669-1-1024x634.jpg 1024w, https:\/\/www.fbycc.org\/wp-content\/uploads\/2024\/11\/Screenshot-2024-10-03-165924-1080x669-1-768x476.jpg 768w\" sizes=\"auto, (max-width: 501px) 100vw, 501px\" \/>A lo largo de los debates, los ministros destacaron la necesidad fundamental de colaboraci\u00f3n para garantizar la resiliencia y la adaptabilidad de los bosques de Europa. Dado que el cambio clim\u00e1tico supone una amenaza importante para estos ecosistemas, los delegados compartieron una visi\u00f3n com\u00fan: <strong>los bosques deben gestionarse de forma sostenible para prosperar en un mundo cambiante<\/strong>. Un momento destacado del evento fue la firma de los<a href=\"https:\/\/conference.foresteurope.org\/ministerial-documents\/\"> Documentos Ministeriales de Bonn <\/a>que ayudar\u00e1n a dar forma al futuro de la pol\u00edtica forestal en toda Europa. <span class=\"TextRun SCXW51498466 BCX0\" lang=\"EN-US\" xml:lang=\"EN-US\" data-contrast=\"auto\"><span class=\"NormalTextRun ContextualSpellingAndGrammarErrorV2Themed SCXW51498466 BCX0\">El sector forestal europeo y de industrias forestales <\/span><\/span><span class=\"TextRun SCXW51498466 BCX0\" lang=\"EN-US\" xml:lang=\"EN-US\" data-contrast=\"auto\"><span class=\"NormalTextRun SCXW51498466 BCX0\">promueven una gesti\u00f3n sostenible y multifuncional de los bosques de Europa, tanto en la formulaci\u00f3n de pol\u00edticas como en su implementaci\u00f3n, y por ello expresaron <\/span><\/span><span class=\"TextRun SCXW51498466 BCX0\" lang=\"EN-US\" xml:lang=\"EN-US\" data-contrast=\"auto\"><span class=\"NormalTextRun SCXW51498466 BCX0\">su firme apoyo\u00a0<\/span><\/span><span class=\"TextRun SCXW51498466 BCX0\" lang=\"EN-US\" xml:lang=\"EN-US\" data-contrast=\"auto\"><span class=\"NormalTextRun SCXW51498466 BCX0\">a FOREST EUROPE como un proceso pol\u00edtico liderado por gobiernos en la 9.\u00aa Conferencia Ministerial de FOREST EUROPE.<\/span><\/span><\/p>\n<p style=\"text-align: justify;\"><a class=\"tx-button\" href=\"https:\/\/foresteurope.org\/wp-content\/uploads\/2024\/10\/240930_Joint-Statement-in-Support-of-the-Forest-Europe-Process_FINAL.pdf\" target=\"_blank\" style=\"color: #ffffff; background-color: #8aaa62\">European forest and forest-based sector joint statement <\/a>\n<p style=\"text-align: justify;\"><span style=\"font-size: 14pt;\"><b>La Declaraci\u00f3n Ministerial de Bonn: Una visi\u00f3n para el futuro<\/b>\u00a0<\/span><\/p>\n<p style=\"text-align: justify;\">La\u00a0Declaraci\u00f3n Ministerial de Bonn, titulada\u00a0<strong><i>FOREST EUROPE \u2013 Mantener la gesti\u00f3n forestal sostenible apta para el futuro<\/i><\/strong>, reforz\u00f3 el papel de FOREST EUROPE como actor clave en la definici\u00f3n y promoci\u00f3n de la gesti\u00f3n forestal sostenible. La declaraci\u00f3n estableci\u00f3 varios objetivos ambiciosos, incluido el desarrollo de criterios cient\u00edficos e indicadores para pr\u00e1cticas de gesti\u00f3n sostenible, con un enfoque particular en la protecci\u00f3n de la biodiversidad forestal. Adem\u00e1s, solicit\u00f3 una mejor coordinaci\u00f3n entre las partes interesadas, con el objetivo de reducir la fragmentaci\u00f3n en la pol\u00edtica forestal europea y garantizar que se escuchen todas las voces, especialmente las de las naciones m\u00e1s peque\u00f1as y de Europa del Este.<\/p>\n<p style=\"text-align: justify;\"><a class=\"tx-button\" href=\"https:\/\/foresteurope.org\/wp-content\/uploads\/2024\/10\/Bonn-Ministerial-Declaration.pdf\" target=\"_blank\" style=\"color: #ffffff; background-color: #8aaa62\">Bonn Ministerial Declaration<\/a>\n<p style=\"text-align: justify;\"><span style=\"font-size: 14pt;\"><strong>Medidas urgentes para la vitalidad de los bosques<\/strong><\/span><\/p>\n<p style=\"text-align: justify;\">La <strong>Decisi\u00f3n Ministerial de Bonn<\/strong>, se centr\u00f3 en la Gesti\u00f3n Forestal Sostenible como herramienta fundamental para mejorar la capacidad de recuperaci\u00f3n de los bosques. Se subray\u00f3 la necesidad de actuar urgentemente a trav\u00e9s de estrategias nacionales para i<strong>mpulsar la vitalidad de los bosques<\/strong>, con el establecimiento de la plataforma FoRISK como resultado clave. Esta decisi\u00f3n tambi\u00e9n destac\u00f3 la importancia de promover la educaci\u00f3n verde y las oportunidades de empleo en el sector forestal, garantizando que la pr\u00f3xima generaci\u00f3n est\u00e9 preparada para asumir el reto de gestionar los bosques de forma sostenible.<\/p>\n<p style=\"text-align: justify;\"><a class=\"tx-button\" href=\"https:\/\/foresteurope.org\/wp-content\/uploads\/2024\/10\/Bonn-Ministerial-Decision.pdf\" target=\"_blank\" style=\"color: #ffffff; background-color: #8aaa62\">Bonn Ministerial Decision<\/a>\n<p style=\"text-align: justify;\"><span style=\"font-size: 14pt;\"><strong>Teniendo en cuenta a las pr\u00f3ximas generaciones<\/strong><\/span><\/p>\n<p style=\"text-align: justify;\">Durante la conferencia se hizo especial hincapi\u00e9 en el <strong>di\u00e1logo intergeneracional<\/strong>. Se present\u00f3 y debati\u00f3 con los delegados un documento de posici\u00f3n redactado por representantes de la juventud en el marco de los talleres de consulta a los j\u00f3venes. Esto condujo a un firme compromiso por parte de Forest Europe para integrar m\u00e1s profundamente a la generaci\u00f3n m\u00e1s joven en su trabajo de cara al futuro. Su participaci\u00f3n se considera crucial para garantizar el futuro de los bosques europeos.<\/p>\n<p style=\"text-align: justify;\"><span style=\"font-size: 14pt;\"><strong>Apoyo a los bosques de Ucrania<\/strong><\/span><\/p>\n<p style=\"text-align: justify;\">Durante la presidencia alemana, Forest Europe ampli\u00f3 su apoyo a Ucrania, centr\u00e1ndose en la restauraci\u00f3n y gesti\u00f3n sostenible de los bosques del pa\u00eds, tanto durante como despu\u00e9s de la guerra. En la conferencia, muchas delegaciones reiteraron su compromiso de apoyar al sector forestal ucraniano en los pr\u00f3ximos a\u00f1os.<\/p>\n<p style=\"text-align: justify;\"><span style=\"font-size: 14pt;\"><b>Suecia asume la presidencia<\/b>\u00a0<\/span><\/p>\n<p style=\"text-align: justify;\">Alemania lleva cuatro a\u00f1os al frente de Forest Europe y a finales de este a\u00f1o 2024 ceder\u00e1 la presidencia a Suecia, dejando tras s\u00ed un legado de importantes avances y colaboraci\u00f3n. Al finalizar la conferencia, los participantes dirigieron su mirada hacia el futuro y acordaron seguir trabajando juntos e implementando los planes de acci\u00f3n establecidos durante el evento.\u00a0<span data-ccp-props=\"{&quot;201341983&quot;:0,&quot;335559739&quot;:160,&quot;335559740&quot;:259}\"><br \/>\n<\/span><\/p>\n<p style=\"text-align: justify;\"><span style=\"font-size: 14pt;\"><b>Perspectivas futuras de Forest Europe<\/b>\u00a0<\/span><\/p>\n<p style=\"text-align: justify;\">Al final de la conferencia se reafirm\u00f3 que FOREST EUROPE desempe\u00f1a un papel crucial en la definici\u00f3n de la gesti\u00f3n forestal sostenible en toda Europa. Los participantes destacaron la continua relevancia de esta iniciativa y reconocieron la responsabilidad compartida de mantenerla activa.\u00a0<span data-ccp-props=\"{&quot;201341983&quot;:0,&quot;335559739&quot;:160,&quot;335559740&quot;:259}\"><br \/>\n<\/span><span data-ccp-props=\"{&quot;201341983&quot;:0,&quot;335559739&quot;:160,&quot;335559740&quot;:259}\">\u00a0<\/span><\/p>\n<p><img loading=\"lazy\" decoding=\"async\" class=\"alignnone size-full wp-image-5259\" src=\"https:\/\/www.fbycc.org\/wp-content\/uploads\/2024\/11\/Background-for-ppt-1.jpg\" alt=\"\" width=\"2024\" height=\"1012\" srcset=\"https:\/\/www.fbycc.org\/wp-content\/uploads\/2024\/11\/Background-for-ppt-1.jpg 2024w, https:\/\/www.fbycc.org\/wp-content\/uploads\/2024\/11\/Background-for-ppt-1-300x150.jpg 300w, https:\/\/www.fbycc.org\/wp-content\/uploads\/2024\/11\/Background-for-ppt-1-1024x512.jpg 1024w, https:\/\/www.fbycc.org\/wp-content\/uploads\/2024\/11\/Background-for-ppt-1-768x384.jpg 768w, https:\/\/www.fbycc.org\/wp-content\/uploads\/2024\/11\/Background-for-ppt-1-1536x768.jpg 1536w, https:\/\/www.fbycc.org\/wp-content\/uploads\/2024\/11\/Background-for-ppt-1-1600x800.jpg 1600w\" sizes=\"auto, (max-width: 2024px) 100vw, 2024px\" \/><\/p>\n<p style=\"text-align: justify;\">Este ha sido el resultado de <span data-contrast=\"auto\">la 9\u00aa Conferencia Ministerial de FOREST EUROPE, que ha marcado un momento crucial para fortalecer el compromiso de Europa con la protecci\u00f3n y la gesti\u00f3n de sus bosques para las generaciones futuras.<\/span> Con la adopci\u00f3n de la de los Documentos Ministeriales de Bonn, los ministros europeos responsables de los bosques env\u00edan mensajes contundentes para <strong>seguir apoyando el concepto europeo de gesti\u00f3n forestal sostenible<\/strong> y <strong>promover unos bosques y un sector forestal m\u00e1s resilientes y viables<\/strong>. En un contexto de creciente presi\u00f3n y urgencia clim\u00e1tica, el proceso de Forest Europe se presenta como una valiosa oportunidad para que gobiernos y entidades del sector forestal refuercen sus compromisos, fortalezcan la cooperaci\u00f3n y tomen medidas concretas para proteger los bosques europeos.<\/p>\n<p style=\"text-align: justify;\">La <strong>salud de los bosques de Europa<\/strong> no es s\u00f3lo una cuesti\u00f3n de los responsables pol\u00edticos, es una <strong>responsabilidad compartida por todas las generaciones<\/strong>, y los compromisos asumidos en la 9\u00aa Conferencia Ministerial son un paso vital para garantizar que estos bosques sigan siendo resilientes durante los pr\u00f3ximos a\u00f1os.<\/p>\n<p>&nbsp;<\/p>\n","protected":false},"excerpt":{"rendered":"<p>Compromisos clave y nuevas iniciativas en la 9\u00aa Conferencia Ministerial de FOREST EUROPE Dando forma a nuestro futuro con bosques resilientes La\u00a09\u00aa Conferencia Ministerial de FOREST EUROPE se celebr\u00f3 el 1 y<a class=\"moretag\" href=\"https:\/\/www.fbycc.org\/index.php\/2024\/11\/08\/compromisos-e-iniciativas-en-la-9a-conferencia-ministerial-de-forest-europe\/\">Leer m\u00e1s&#8230;<\/a><\/p>\n","protected":false},"author":5,"featured_media":0,"comment_status":"closed","ping_status":"open","sticky":false,"template":"","format":"standard","meta":{"_monsterinsights_skip_tracking":false,"_monsterinsights_sitenote_active":false,"_monsterinsights_sitenote_note":"","_monsterinsights_sitenote_category":0,"footnotes":""},"categories":[11],"tags":[16,210,55],"class_list":["post-5204","post","type-post","status-publish","format-standard","hentry","category-noticias","tag-bosques","tag-bosques-europeos","tag-europa"],"_links":{"self":[{"href":"https:\/\/www.fbycc.org\/index.php\/wp-json\/wp\/v2\/posts\/5204","targetHints":{"allow":["GET"]}}],"collection":[{"href":"https:\/\/www.fbycc.org\/index.php\/wp-json\/wp\/v2\/posts"}],"about":[{"href":"https:\/\/www.fbycc.org\/index.php\/wp-json\/wp\/v2\/types\/post"}],"author":[{"embeddable":true,"href":"https:\/\/www.fbycc.org\/index.php\/wp-json\/wp\/v2\/users\/5"}],"replies":[{"embeddable":true,"href":"https:\/\/www.fbycc.org\/index.php\/wp-json\/wp\/v2\/comments?post=5204"}],"version-history":[{"count":32,"href":"https:\/\/www.fbycc.org\/index.php\/wp-json\/wp\/v2\/posts\/5204\/revisions"}],"predecessor-version":[{"id":5267,"href":"https:\/\/www.fbycc.org\/index.php\/wp-json\/wp\/v2\/posts\/5204\/revisions\/5267"}],"wp:attachment":[{"href":"https:\/\/www.fbycc.org\/index.php\/wp-json\/wp\/v2\/media?parent=5204"}],"wp:term":[{"taxonomy":"category","embeddable":true,"href":"https:\/\/www.fbycc.org\/index.php\/wp-json\/wp\/v2\/categories?post=5204"},{"taxonomy":"post_tag","embeddable":true,"href":"https:\/\/www.fbycc.org\/index.php\/wp-json\/wp\/v2\/tags?post=5204"}],"curies":[{"name":"wp","href":"https:\/\/api.w.org\/{rel}","templated":true}]}}