{"id":5144,"date":"2024-11-04T17:59:39","date_gmt":"2024-11-04T17:59:39","guid":{"rendered":"https:\/\/www.fbycc.org\/?p=5144"},"modified":"2024-11-15T09:54:19","modified_gmt":"2024-11-15T09:54:19","slug":"asi-fue-el-foro-internacional-bosques-frente-al-cc-celebrado-en-soria","status":"publish","type":"post","link":"https:\/\/www.fbycc.org\/index.php\/2024\/11\/04\/asi-fue-el-foro-internacional-bosques-frente-al-cc-celebrado-en-soria\/","title":{"rendered":"As\u00ed fue el Foro Internacional \u00abBosques frente al CC\u00bb celebrado en Soria"},"content":{"rendered":"<p style=\"text-align: center;\"><span style=\"text-decoration: underline; font-size: 14pt;\"><strong>23 y 24 de octubre, 2024<\/strong><\/span><\/p>\n<p style=\"text-align: center;\"><span style=\"font-size: 24pt;\"><strong>Un evento \u00fanico sobre el futuro de los bosques celebrado en Soria: Foro Internacional \u00abBosques frente al Cambio Clim\u00e1tico\u00bb<\/strong><\/span><\/p>\n<p><img loading=\"lazy\" decoding=\"async\" class=\"alignnone size-full wp-image-5146\" src=\"https:\/\/www.fbycc.org\/wp-content\/uploads\/2024\/11\/2024102510032770620.jpg\" alt=\"\" width=\"1200\" height=\"675\" srcset=\"https:\/\/www.fbycc.org\/wp-content\/uploads\/2024\/11\/2024102510032770620.jpg 1200w, https:\/\/www.fbycc.org\/wp-content\/uploads\/2024\/11\/2024102510032770620-300x169.jpg 300w, https:\/\/www.fbycc.org\/wp-content\/uploads\/2024\/11\/2024102510032770620-1024x576.jpg 1024w, https:\/\/www.fbycc.org\/wp-content\/uploads\/2024\/11\/2024102510032770620-768x432.jpg 768w\" sizes=\"auto, (max-width: 1200px) 100vw, 1200px\" \/><\/p>\n<p style=\"text-align: justify;\"><span style=\"font-size: 14pt;\"><strong>El seminario Foro Internacional \u00abBosques frente al Cambio Clim\u00e1tico\u00bb se celebr\u00f3 como culmen del proyecto LIFE Soria ForestAdapt los d\u00edas 23 y 24 de octubre de 2024. Este evento brind\u00f3 a gestores y propietarios forestales, cient\u00edficos, y representantes de administraciones forestales un espacio para poner ideas en com\u00fan, debatir y conocer los \u00faltimos avances en materia de adaptaci\u00f3n al cambio clim\u00e1tico en los bosques<\/strong>.<\/span><\/p>\n<p style=\"text-align: justify;\">Este evento celebrado en la sede territorial de la Junta de Castilla y Le\u00f3n en Soria, ten\u00eda como objetivo promover el debate sobre selvicultura adaptativa, identificar los avances logrados en la \u00faltima d\u00e9cada en esta materia y conocer los aportes y resultados del proyecto LIFE Soria ForestAdapt. Este proyecto finaliza cuatro a\u00f1os de trabajo con el objetivo de fortalecer la resiliencia de los ecosistemas forestales y su integraci\u00f3n en pol\u00edticas regionales y europeas.<\/p>\n<p><img loading=\"lazy\" decoding=\"async\" class=\"alignright wp-image-5018\" src=\"https:\/\/www.fbycc.org\/wp-content\/uploads\/2024\/09\/ORGANIZA.png\" alt=\"\" width=\"448\" height=\"98\" srcset=\"https:\/\/www.fbycc.org\/wp-content\/uploads\/2024\/09\/ORGANIZA.png 3179w, https:\/\/www.fbycc.org\/wp-content\/uploads\/2024\/09\/ORGANIZA-300x65.png 300w, https:\/\/www.fbycc.org\/wp-content\/uploads\/2024\/09\/ORGANIZA-1024x224.png 1024w, https:\/\/www.fbycc.org\/wp-content\/uploads\/2024\/09\/ORGANIZA-768x168.png 768w, https:\/\/www.fbycc.org\/wp-content\/uploads\/2024\/09\/ORGANIZA-1536x335.png 1536w, https:\/\/www.fbycc.org\/wp-content\/uploads\/2024\/09\/ORGANIZA-2048x447.png 2048w\" sizes=\"auto, (max-width: 448px) 100vw, 448px\" \/>El Foro Internacional \u00abbosques frente al cambio clim\u00e1tico\u00bb ha sido organizado conjuntamente por el proyecto <a href=\"https:\/\/www.soriaforestadapt.es\/\"><strong>LIFE Soria ForestAdapt<\/strong><\/a>\u00a0y el <a href=\"https:\/\/www.fbycc.org\/\"><strong>Foro Bosques y Cambio Clim\u00e1tico<\/strong><\/a>.<\/p>\n<p>&nbsp;<\/p>\n<p><strong><span style=\"font-size: 14pt; color: #333333;\"><span style=\"font-size: 14pt;\">Te dejamos aqu\u00ed las claves del desarrollo de este singular evento:\u00a0<\/span><\/span><\/strong><\/p>\n<p><span style=\"font-size: 14pt;\"><div class=\"tx-heading\" style=\"margin-bottom:24px; text-align: left;\"><h2 class=\"tx-heading-tag\" style=\"font-size:24px;\">Inauguraci\u00f3n<\/h2><\/div><\/span><\/p>\n<p style=\"text-align: justify;\"><div class=\"tx-row \">\n<div class=\"tx-column tx-column-size-1-2\"><div class=\"tx-youtube-outerwarp\" style=\"width: 550px\"><div class=\"tx-youtube-warp\" style=\"\"><iframe src=\"https:\/\/www.youtube.com\/embed\/uEmlksstMmw?controls=1&amp;showinfo=0&amp;rel=0&amp;autoplay=0\" frameborder=\"0\" allow=\"autoplay\" allowfullscreen><\/iframe><\/div><\/div><\/div>\n<div class=\"tx-column tx-column-size-1-2\">El Foro \u00abbosques frente al cambio clim\u00e1tico\u00bb fue inaugurado por <strong>Amanda del R\u00edo Murillo, directora t\u00e9cnica de la Fundaci\u00f3n Global Nature, Jose Antonio Gallego Sancho, Decano territorial en Castilla y Le\u00f3n del COITF y representante del Foro de Bosques y Cambio Clim\u00e1tico, y M\u00aa Jes\u00fas Rodr\u00edguez Sancho, Directora de Biodiversidad, Bosques y Desertificaci\u00f3n del Ministerio para la Transici\u00f3n Ecol\u00f3gica y el Reto Demogr\u00e1fico (MITECO). <\/strong>La directora general ha se\u00f1alado que este seminario ayuda a visibilizar el reto que supone gestionar nuestra extensa superficie forestal en un contexto de cambio clim\u00e1tico, abandono rural y falta de mano de obra especializada, factores y alteraciones que ya se est\u00e1n notando.<\/div>\n<\/div>\n<p><span style=\"font-size: 14pt;\"><div class=\"tx-heading\" style=\"margin-bottom:24px; text-align: left;\"><h2 class=\"tx-heading-tag\" style=\"font-size:24px;\">Sesi\u00f3n 1: Estrategias de adaptaci\u00f3n desde la perspectiva de la administraci\u00f3n<\/h2><\/div><\/span><\/p>\n<div class=\"tx-row \">\n<div class=\"tx-column tx-column-size-1-2\">Esta sesi\u00f3n estuvo moderada por el Decano del Colegio Oficial de Ingenieros de Montes en Castilla y Le\u00f3n, Asier Saiz Rojo, y en ella se pudo conocer las acciones que se est\u00e1n llevando a cabo desde las administraciones a nivel europeo, nacional y regional. Se destac\u00f3 la importancia de desarrollar estrategias multisectoriales para la adaptaci\u00f3n al cambio clim\u00e1tico del sector forestal, as\u00ed como de la financiaci\u00f3n p\u00fablico-privada, que supondr\u00eda una oportunidad para impulsar los pagos por servicios ecosist\u00e9micos. Desde una perspectiva regional, <strong>Javier Ezquerra Boticario, Coord. De Servicios de Espacios de la JCyL<\/strong>, present\u00f3 las <span style=\"color: #000000\"><strong>acciones de la Junta de Castila y Le\u00f3n en la adaptaci\u00f3n de los bosques al cambio clim\u00e1tico<\/strong><\/span>, se\u00f1alando que la Junta de Castilla y Le\u00f3n est\u00e1 interiorizando las cuestiones como el cambio clim\u00e1tico que ir\u00e1n cambiando los mecanismos de la gesti\u00f3n.<\/div>\n<div class=\"tx-column tx-column-size-1-2\"><div class=\"tx-youtube-outerwarp\" style=\"width: 550px\"><div class=\"tx-youtube-warp\" style=\"\"><iframe src=\"https:\/\/www.youtube.com\/embed\/GMrWcpM_UXY?controls=1&amp;showinfo=0&amp;rel=0&amp;autoplay=0\" frameborder=\"0\" allow=\"autoplay\" allowfullscreen><\/iframe><\/div><\/div><\/div>\n<\/div>\n<p style=\"text-align: justify;\">Poniendo el foco en el \u00e1mbito nacional, <strong>Guillermo Fern\u00e1ndez Centeno,<\/strong> de la<strong> Subdirecci\u00f3n General de Pol\u00edtica Forestal y Lucha contra la Desertificaci\u00f3n<\/strong>, explicaba las <span style=\"color: #000000;\"><strong>estrategias nacionales para la adaptaci\u00f3n de los bosques al cambio clim\u00e1tico<\/strong><\/span>, comentando entre ellas: el PNACC; la Estrategia de lucha contra desertificaci\u00f3n; Estrategia Forestal espa\u00f1ola, horizonte 2050; el Plan Forestal Espa\u00f1ol 2022-2032; el Plan Nacional de Restauraci\u00f3n de la Naturaleza; y los recursos financieros.<\/p>\n<p style=\"text-align: justify;\">Por \u00faltimo, <strong>Beatriz Mayor Rodr\u00edguez (MIP4Adapt, Ricarco Plc.)<\/strong> transmiti\u00f3 la visi\u00f3n europea, la iniciativa europea de adaptaci\u00f3n al CC, y c\u00f3mo apoya a Espa\u00f1a en los objetivos previos, en su exposici\u00f3n sobre <strong>MIP4Adapt (CE): Apoyo en el desarrollo de estrategias de adaptaci\u00f3n multisectoriales que incluyen el sector forestal<\/strong>.\u00a0La Misi\u00f3n de Adaptaci\u00f3n al Cambio Clim\u00e1tico, para alcanzar los objetivos del Pacto Verde, da apoyo a 150 regiones y comunidades europeas hacia la resiliencia clim\u00e1tica para 2030 y en la plataforma de la Misi\u00f3n se apoya a las regiones y autoridades locales para preparar Planes de Adaptaci\u00f3n a nivel regional y a nivel local.<\/p>\n<p><span style=\"font-size: 14pt;\"><div class=\"tx-heading\" style=\"margin-bottom:24px; text-align: left;\"><h2 class=\"tx-heading-tag\" style=\"font-size:24px;\">Sesi\u00f3n 2: Bosques, adaptando nuestros escudos naturales. LIFE Soria ForestAdapt.<\/h2><\/div><\/span><\/p>\n<p style=\"text-align: justify;\"><div class=\"tx-row \">\n<div class=\"tx-column tx-column-size-1-2\"><div class=\"tx-youtube-outerwarp\" style=\"width: 550px\"><div class=\"tx-youtube-warp\" style=\"\"><iframe src=\"https:\/\/www.youtube.com\/embed\/OC6I6zDQMoU?controls=1&amp;showinfo=0&amp;rel=0&amp;autoplay=0\" frameborder=\"0\" allow=\"autoplay\" allowfullscreen><\/iframe><\/div><\/div><\/div>\n<div class=\"tx-column tx-column-size-1-2\"> Los resultados del proyecto LIFE Soria ForestAdapt durante los tres a\u00f1os de proyecto, m\u00e1s uno de pr\u00f3rroga, son muy numerosos. Toda la informaci\u00f3n generada en este proyecto est\u00e1 disponible en <strong><a href=\"https:\/\/www.soriaforestadapt.es\/\">soriaforestadapt.es<\/a><\/strong> y todo este conocimiento cient\u00edfico se ha conseguido aplicar en bosques o masas forestales p\u00fablicas y privadas, poniendo a disposici\u00f3n de los gestores forestales las herramientas desarrolladas en el proyecto. Entre estos extensos resultados, destacan <a href=\"https:\/\/soriaforestadapt.es\/fitoclim\/#\"><strong>FITOCLIM<\/strong>, <\/a>una herramienta de evaluaci\u00f3n de los efectos del cambio clim\u00e1tico en las formaciones vegetales de Castilla y Le\u00f3n, basada en los modelos matem\u00e1ticos de an\u00e1lisis fitoclim\u00e1tico multivariable; y la herramienta web <strong><a href=\"https:\/\/soriaforestadapt.es\/herramienta\/\/\">ForestAdapt Tool<\/a><\/strong>, que ayuda a predecir a largo plazo los posibles impactos del cambio clim\u00e1tico en la distribuci\u00f3n de las principales especies forestales de los bosques de la provincia de Soria.<\/div>\n<\/div>\n<p style=\"text-align: justify;\">Esta sesi\u00f3n, moderada por <strong>Beatriz Oliver Pozo<\/strong> de la <strong>Fundaci\u00f3n Global Nature (coordinadora del LIFE Soria ForestAdapt)<\/strong>, consisti\u00f3 en una charla de las experienxias, dificultades y retos afrontados en el desarrollo del proyecto entre las entidades colaboradoras del mismo. Participaron: <strong>Miguel Olano, catedr\u00e1tico de CC. Agroforestales de la UVa; Adela Trassierra, responsable de proyectos de Cesefor; Marta Salvador, directora t\u00e9cnica de PEFC; Silvia Mart\u00ednez, responsable de est\u00e1ndares y proyectos de FSC;<\/strong> y <strong>Teresa Cuesta, t\u00e9cnica de la Fundaci\u00f3n Empresa y Clima.\u00a0\u00a0<\/strong><\/p>\n<p><span style=\"font-size: 14pt;\"><div class=\"tx-heading\" style=\"margin-bottom:24px; text-align: left;\"><h2 class=\"tx-heading-tag\" style=\"font-size:24px;\">Sesi\u00f3n 3.1: Experiencias pr\u00e1cticas de selvicultura y adaptaci\u00f3n <\/h2><\/div><\/span><\/p>\n<div class=\"tx-row \">\n<div class=\"tx-column tx-column-size-1-2\">Durante esta sesi\u00f3n, moderada por el secretario del Foro de Bosques y Cambio Clim\u00e1tico \u00c1lvaro Picardo, se conocieron diferentes experiencias pr\u00e1cticas de selvicultura y adaptaci\u00f3n. <strong>Carmen Allu\u00e9 Camacho<\/strong>, de la <strong>Junta de Castilla y Le\u00f3n<\/strong>, present\u00f3 la herramienta <strong>FITOCLIM<\/strong> derivada del proyecto LIFE Soria ForestAdapt desde una visi\u00f3n t\u00e9cnica y pr\u00e1ctica. Esta herramienta aporta una visi\u00f3n din\u00e1mica del cambio clim\u00e1tico en un lenguaje vegetal. Tiene unos modelos, que permiten evaluar la magnitud e intensidad de los efectos del cambio clim\u00e1tico y permite realizar pron\u00f3sticos que nos permitir\u00e1n tomar medidas activas en cuanto a gesti\u00f3n. <strong>Adela Trassierra<\/strong>, de <strong>Cesefor<\/strong>, explica el <strong>Manual t\u00e9cnico para la adaptaci\u00f3n<\/strong> del proyecto Life Soria ForestAdapt, que integra la perspectiva de cambio clim\u00e1tico en la gesti\u00f3n forestal.\u00a0 <\/div>\n<div class=\"tx-column tx-column-size-1-2\"><div class=\"tx-youtube-outerwarp\" style=\"width: 550px\"><div class=\"tx-youtube-warp\" style=\"\"><iframe src=\"https:\/\/www.youtube.com\/embed\/e8uOu9nRQHY?controls=1&amp;showinfo=0&amp;rel=0&amp;autoplay=0\" frameborder=\"0\" allow=\"autoplay\" allowfullscreen><\/iframe><\/div><\/div><\/div>\n<\/div>\n<p style=\"text-align: justify;\"><strong>Alejandro Crespo Rodrigo, t\u00e9cnico gestor del Servicio Territorial de Medio Ambiente de Soria (Junta de Castilla y Le\u00f3n)<\/strong>, expuso un caso pr\u00e1ctico\u00a0 de adaptaci\u00f3n desde la perspectiva de un gestor forestal desarrollado\u00a0en el <strong>Monte de Utilidad P\u00fablica 195 en Soria<\/strong>, conociendo como se trasladan los resultados a la gesti\u00f3n concreta del territorio. Por \u00faltimo, conocimos la visi\u00f3n de un pa\u00eds vecino de la mano de <strong>Sven Augier,<\/strong> <strong>experto forestal miembro del Conseil National de l&#8217;Expertise Fonci\u00e8re Agricole et Foresti\u00e8re (CNEFAF) <\/strong>y<strong> asesor forestal<\/strong> independiente, que expuso lo que se est\u00e1 haciendo en el sur de Francia sobre adaptaci\u00f3n al cambio clim\u00e1tico.<\/p>\n<p><span style=\"font-size: 14pt;\"><div class=\"tx-heading\" style=\"margin-bottom:24px; text-align: left;\"><h2 class=\"tx-heading-tag\" style=\"font-size:24px;\">Sesi\u00f3n 3.2: Mesa Redonda Proyectos locales (resultados y acciones concretas).<\/h2><\/div><\/span><\/p>\n<p style=\"text-align: justify;\"><div class=\"tx-row \">\n<div class=\"tx-column tx-column-size-1-2\"><div class=\"tx-youtube-outerwarp\" style=\"width: 550px\"><div class=\"tx-youtube-warp\" style=\"\"><iframe src=\"https:\/\/www.youtube.com\/embed\/W2mJ1X6Iyd4?controls=1&amp;showinfo=0&amp;rel=0&amp;autoplay=0\" frameborder=\"0\" allow=\"autoplay\" allowfullscreen><\/iframe><\/div><\/div><\/div>\n<div class=\"tx-column tx-column-size-1-2\"> Esta sesi\u00f3n, moderada por <strong>Patricia Rustarazo (Fundaci\u00f3n Global Nature)<\/strong>,\u00a0consisti\u00f3 en una entrevista conjunta a diferentes proyectos con objetivos distintos a la adaptaci\u00f3n al cambio clim\u00e1tico de los bosques, pero que en sus resultados han derivado en estas actuaciones. Los proyectos expuestos durante esta mesa redonda fueron el <strong>LIFE Rebollo<\/strong>, con <strong>Tom\u00e1s S\u00e1nchez<\/strong> de <strong>Cesefor<\/strong>; el <strong>LIFE AgroForadapt<\/strong>, con <strong>Beatriz de Torre, responsable de proyectos en Agresta S. Coop.<\/strong>; el proyecto <strong>Reconecta<\/strong>, con <strong>Pedro Medrano, gerente de la Asociaci\u00f3n Forestal de Soria (ASFOSO)<\/strong>; y <strong>Naturaleza Pastoreada<\/strong>, con <strong>Hugo Majadas<\/strong> <strong>Ayuso<\/strong> de la<strong>\u00a0Fundaci\u00f3n Entretantos.<\/strong><\/div>\n<\/div>\n<div class=\"segment style-scope ytd-transcript-segment-renderer\" tabindex=\"0\" role=\"button\" aria-label=\"9 minutos y 51 segundos sesiones se ha destacado que es preciso\">Durante la mesa redonda se ha destacado que es preciso\u00a0incorporar la percepci\u00f3n social de la realidad, incluir en los proyectos m\u00e1s t\u00e9cnicos de otras disciplinas como<\/div>\n<div class=\"segment style-scope ytd-transcript-segment-renderer\" style=\"text-align: justify;\" tabindex=\"0\" role=\"button\" aria-label=\"10 minutos y 9 segundos investigaci\u00f3n social o la\">investigaci\u00f3n social. Es necesaria un mayor comunicaci\u00f3n y divulgaci\u00f3n que permitan llegar a m\u00e1s audiencia y\u00a0conseguir un mensaje que realmente llegue a qui\u00e9n est\u00e9 dirigido. El\u00a0futuro y el \u00e9xito de estos proyectos\u00a0pasa por la uni\u00f3n de diferentes\u00a0disciplinas para hacer sector y trabajar cada\u00a0vez m\u00e1s\u00a0 unidos por objetivos comunes.<\/div>\n<div tabindex=\"0\" role=\"button\" aria-label=\"10 minutos y 9 segundos investigaci\u00f3n social o la\"><\/div>\n<div tabindex=\"0\" role=\"button\" aria-label=\"10 minutos y 9 segundos investigaci\u00f3n social o la\">\n<p><span style=\"font-size: 14pt;\"><div class=\"tx-heading\" style=\"margin-bottom:24px; text-align: left;\"><h2 class=\"tx-heading-tag\" style=\"font-size:24px;\">Sesi\u00f3n 4: Investigaci\u00f3n en Adaptaci\u00f3n<\/h2><\/div><\/span><\/p>\n<div class=\"tx-row \">\n<div class=\"tx-column tx-column-size-1-2\"> El conocimiento cient\u00edfico es la base de todas las actuaciones, herramientas y decisiones tomadas en la gesti\u00f3n y adaptaci\u00f3n de los bosques al cambio clim\u00e1tico, y por ello esta sesi\u00f3n moderada por <strong>Irene T. Bocos Asenjo<\/strong> del <strong>Foro de Bosques y Cambio Clim\u00e1tico<\/strong>, nos dio a conocer diferentes investigaciones que se est\u00e1n llevando a cabo en materia de adaptaci\u00f3n en los bosques y otras masas forestales en Espa\u00f1a. <strong>Jose M\u00aa Climent, Investigador del Departamento de Ecolog\u00eda y Gen\u00e9tica Forestal<\/strong>, expuso el trabajo qu\u00e9 se est\u00e1 haciendo para la <strong>adaptaci\u00f3n de las especies forestales desde la perspectiva de la gen\u00e9tica de poblaciones.<\/strong> Se estudia la migraci\u00f3n asistida como m\u00e9todo de ensayo y es preciso tener en consideraci\u00f3n que en cualquier mejora gen\u00e9tica podemos estar empeorando cuestiones importantes para la selecci\u00f3n. <\/div>\n<div class=\"tx-column tx-column-size-1-2\"><div class=\"tx-youtube-outerwarp\" style=\"width: 550px\"><div class=\"tx-youtube-warp\" style=\"\"><iframe src=\"https:\/\/www.youtube.com\/embed\/moksGszL-WY?controls=1&amp;showinfo=0&amp;rel=0&amp;autoplay=0\" frameborder=\"0\" allow=\"autoplay\" allowfullscreen><\/iframe><\/div><\/div><\/div>\n<\/div>\n<p style=\"text-align: justify;\"><strong>Gabriel Sang\u00fcesa Barreda, <\/strong>del <strong>Departamento de Ciencias Agroforestales (UVa) y representante del Red Ib\u00e9rica de Decaimiento Forestal Inducido por el Clima (ReDeC),\u00a0<\/strong>present\u00f3 esta red que trabaja en diferentes lugares de la pen\u00ednsula Ib\u00e9rica para vigilar el decaimiento forestal, generando informaci\u00f3n y permitiendo su intercambio a nivel global para abordar esta problem\u00e1tica inducida por el cambio clim\u00e1tico. <strong>Jaime Coello<\/strong> <strong>G\u00f3mez,<\/strong> del <strong>Centro de Ciencia y Tecnolog\u00eda Forestal de Catalu\u00f1a,\u00a0<\/strong>presentaba la investigaci\u00f3n que se est\u00e1 llevando a cabo sobre <strong>gesti\u00f3n forestal en Catalu\u00f1a,\u00a0<\/strong>destacando que se debe buscar un selvicultura m\u00e1s viable que permita la adaptaci\u00f3n al cambio clim\u00e1tico, el mantenimiento y diversificaci\u00f3n de las especies, madera de calidad, y otras demandas de la sociedad como la prevenci\u00f3n de incendios. Para finalizar la sesi\u00f3n, <strong>Jaime Ribalaygua Batalla, Presidente y Director T\u00e9cnico Fundaci\u00f3n para la Investigaci\u00f3n del Clima (FIC)<\/strong>, nos daba una visi\u00f3n de las <strong>n<\/strong><strong>ecesidades y retos para integrar los resultados de la investigaci\u00f3n forestal clim\u00e1ticamente inteligente.\u00a0<\/strong>Destac\u00f3 la necesidad de codefinir los objetivos de conservaci\u00f3n para saber como adaptarnos, de incluir el secuestro de carbono de las diferentes especies en los estudios y la necesidad de ofrecer informaci\u00f3n adaptada al usuario.<\/p>\n<p><span style=\"font-size: 14pt;\"><div class=\"tx-heading\" style=\"margin-bottom:24px; text-align: left;\"><h2 class=\"tx-heading-tag\" style=\"font-size:24px;\">Sesi\u00f3n 5. Territorios enfocados a la intervenci\u00f3n de las empresas<\/h2><\/div><\/span><\/p>\n<p style=\"text-align: justify;\"><div class=\"tx-row \">\n<div class=\"tx-column tx-column-size-1-2\"><div class=\"tx-youtube-outerwarp\" style=\"width: 550px\"><div class=\"tx-youtube-warp\" style=\"\"><iframe src=\"https:\/\/www.youtube.com\/embed\/2YG2SZq0iBs?controls=1&amp;showinfo=0&amp;rel=0&amp;autoplay=0\" frameborder=\"0\" allow=\"autoplay\" allowfullscreen><\/iframe><\/div><\/div><\/div>\n<div class=\"tx-column tx-column-size-1-2\"> La \u00faltima sesi\u00f3n de este foro internacional consisti\u00f3 en una serie de entrevistas a representantes de diferentes empresas que realizan acciones en sostenibilidad y la modera <strong>Teresa Cuesta<\/strong> de la <strong>Fundaci\u00f3n Empresa y Clima<\/strong>. Han participado <strong>Juan Luis Pozo,<\/strong> de <strong>Global Omnium; Carla Fos,<\/strong> de<strong> Cementos Molins y Enrique Enciso,<\/strong> de <strong>Grupo Sylvestris. <\/strong>Desde el sector privado se ha hablado de la necesidad de poner en com\u00fan los criterios de transmisi\u00f3n de resultados para que sirvan como retorno a la empresa, la importancia de la adaptaci\u00f3n de las ciudades y resto de n\u00facleos urbanos. La despoblaci\u00f3n rural se ha destacado como un factor esencial en la conservaci\u00f3n de los espacios naturales enfatizando que por mucho que se trabaje en adaptaci\u00f3n si no hay gente en las zonas rurales que haga ese trabajo f\u00edsico, no ser\u00e1 posible. Adem\u00e1s se denuncia que a\u00fan no puedan tener un sistema de compensaci\u00f3n de CO<sub>2<\/sub> a la gesti\u00f3n forestal.<\/div>\n<\/div>\n<p><span style=\"font-size: 14pt;\"><div class=\"tx-heading\" style=\"margin-bottom:24px; text-align: left;\"><h2 class=\"tx-heading-tag\" style=\"font-size:24px;\">Clausura<\/h2><\/div><\/span><\/p>\n<div class=\"tx-row \">\n<div class=\"tx-column tx-column-size-1-2\"> Clausuran el Foro Internacional \u00abbosques frente al al cambio clim\u00e1tico\u00bb\u00a0<strong>Pablo Sab\u00edn, gerente de CESEFOR, Beatriz Oliver, coordinadora LSFA <\/strong>y<strong> Yolanda de Grerorio Pach\u00f3n, Delegada Territorial de Soria (JCyL).\u00a0<\/strong>Tras dos d\u00edas intensos, hay mucha informaci\u00f3n y se comparten algunas conclusiones extraidas de todas estas sesiones que se han sucedido durante el 23 y 24 de octubre en la delegaci\u00f3n territorial de Soria. Este evento ha contado con\u00a0141 inscritos de los que 100 han retirado su acreditaci\u00f3n y se ha retransmitido por streaming para 22 personas\u00a0<\/div>\n<div class=\"tx-column tx-column-size-1-2\"><div class=\"tx-youtube-outerwarp\" style=\"width: 550px\"><div class=\"tx-youtube-warp\" style=\"\"><iframe src=\"https:\/\/www.youtube.com\/embed\/jZDM2grEivU?controls=1&amp;showinfo=0&amp;rel=0&amp;autoplay=0\" frameborder=\"0\" allow=\"autoplay\" allowfullscreen><\/iframe><\/div><\/div><\/div>\n<\/div>\n<\/div>\n<p><span style=\"font-size: 14pt;\"><div class=\"tx-heading\" style=\"margin-bottom:24px; text-align: left;\"><h2 class=\"tx-heading-tag\" style=\"font-size:24px;\">Salida de campo<\/h2><\/div><\/span><\/p>\n<p style=\"text-align: justify;\">Para finalizar este seminario los asistentes pudieron disfrutar de una visita de campo al\u00a0<strong><a href=\"https:\/\/patrimonionatural.org\/casas-del-parque\/centros-tematicos\/aula-del-bosque-del-amogable\">Aula del Bosque El Amogable<\/a> y el monte Pinar Grande<\/strong>, en la provincia de Soria. En esta visita se abordaron trabajos relacionados con la investigaci\u00f3n llevada a cabo en el LIFE Soria ForesAdapt, como el estudio dendrocronol\u00f3gico y sobre los briofitos como bioindicadores. Se visit\u00f3 el interior del Aula El Amogable, dedicada a la gesti\u00f3n forestal y con contenido did\u00e1ctico y educativo que recibe la visita de j\u00f3venes y mayores, acerc\u00e1ndoles un poco al trabajo que los profesionales realizan en los montes de la provincia. Tambi\u00e9n se pudo visitar la reserva Micol\u00f3gica que se encuentra en el Amogable. Finalmente se realiz\u00f3 un recorrido un recorrido por Pinar Grande, d\u00f3nde se estaba realizando una clara por parte de personal t\u00e9cnico y d\u00f3nde tuvo lugar una discusi\u00f3n t\u00e9cnica en el monte sobre gesti\u00f3n forestal adaptativa. Esta salida fue acompa\u00f1ada por <strong>Jose Antonio Lucas Santaolaya, Jefe de Servicio de Medio Ambiente de Soria, Jes\u00fas Mu\u00f1oz (RJB-CSIC) y t\u00e9cnicos de Cesefor.\u00a0<\/strong><\/p>\n<p>\u00a0 \u00a0 \u00a0 \u00a0 \u00a0 \u00a0 \u00a0 \u00a0 \u00a0 \u00a0<img loading=\"lazy\" decoding=\"async\" class=\"alignnone wp-image-5184\" src=\"https:\/\/www.fbycc.org\/wp-content\/uploads\/2024\/11\/IMG_20241024_160059-scaled.jpg\" alt=\"\" width=\"480\" height=\"360\" srcset=\"https:\/\/www.fbycc.org\/wp-content\/uploads\/2024\/11\/IMG_20241024_160059-scaled.jpg 2560w, https:\/\/www.fbycc.org\/wp-content\/uploads\/2024\/11\/IMG_20241024_160059-300x225.jpg 300w, https:\/\/www.fbycc.org\/wp-content\/uploads\/2024\/11\/IMG_20241024_160059-1024x769.jpg 1024w, https:\/\/www.fbycc.org\/wp-content\/uploads\/2024\/11\/IMG_20241024_160059-768x577.jpg 768w, https:\/\/www.fbycc.org\/wp-content\/uploads\/2024\/11\/IMG_20241024_160059-800x600.jpg 800w, https:\/\/www.fbycc.org\/wp-content\/uploads\/2024\/11\/IMG_20241024_160059-1536x1154.jpg 1536w, https:\/\/www.fbycc.org\/wp-content\/uploads\/2024\/11\/IMG_20241024_160059-2048x1538.jpg 2048w\" sizes=\"auto, (max-width: 480px) 100vw, 480px\" \/>\u00a0 \u00a0 \u00a0 \u00a0 \u00a0<img loading=\"lazy\" decoding=\"async\" class=\"alignnone wp-image-5185\" src=\"https:\/\/www.fbycc.org\/wp-content\/uploads\/2024\/11\/IMG-20241024-WA0061.jpg\" alt=\"\" width=\"481\" height=\"361\" srcset=\"https:\/\/www.fbycc.org\/wp-content\/uploads\/2024\/11\/IMG-20241024-WA0061.jpg 2000w, https:\/\/www.fbycc.org\/wp-content\/uploads\/2024\/11\/IMG-20241024-WA0061-300x225.jpg 300w, https:\/\/www.fbycc.org\/wp-content\/uploads\/2024\/11\/IMG-20241024-WA0061-1024x768.jpg 1024w, https:\/\/www.fbycc.org\/wp-content\/uploads\/2024\/11\/IMG-20241024-WA0061-768x576.jpg 768w, https:\/\/www.fbycc.org\/wp-content\/uploads\/2024\/11\/IMG-20241024-WA0061-800x600.jpg 800w, https:\/\/www.fbycc.org\/wp-content\/uploads\/2024\/11\/IMG-20241024-WA0061-1536x1152.jpg 1536w\" sizes=\"auto, (max-width: 481px) 100vw, 481px\" \/><\/p>\n<p style=\"text-align: justify;\"><span style=\"font-size: 8pt;\">\u00a0 \u00a0 \u00a0 \u00a0 \u00a0 \u00a0 \u00a0 \u00a0 \u00a0 \u00a0 \u00a0 \u00a0 \u00a0 \u00a0 Explicaci\u00f3n de Jes\u00fas Mu\u00f1oz sobre la investigaci\u00f3n sobre Briofitos en el Aula El Amogable\u00a0 \u00a0 \u00a0 \u00a0 \u00a0 \u00a0 \u00a0 \u00a0 \u00a0 \u00a0 \u00a0 \u00a0 \u00a0 \u00a0 \u00a0 \u00a0Discusi\u00f3n t\u00e9cnica en el monte Pinar Grande<\/span><\/p>\n<p>&nbsp;<\/p>\n<p><span style=\"font-size: 14pt;\"><div class=\"tx-heading\" style=\"margin-bottom:24px; text-align: left;\"><h2 class=\"tx-heading-tag\" style=\"font-size:24px;\">El proyecto: LIFE Soria ForestAdapt<\/h2><\/div><\/span><\/p>\n<p style=\"text-align: justify;\"><img loading=\"lazy\" decoding=\"async\" class=\"size-full wp-image-5216 alignright\" src=\"https:\/\/www.fbycc.org\/wp-content\/uploads\/2024\/11\/LIFE_Soria_ForestAdapt_imagen_corporativa_RGB.jpg\" alt=\"\" width=\"330\" height=\"330\" srcset=\"https:\/\/www.fbycc.org\/wp-content\/uploads\/2024\/11\/LIFE_Soria_ForestAdapt_imagen_corporativa_RGB.jpg 330w, https:\/\/www.fbycc.org\/wp-content\/uploads\/2024\/11\/LIFE_Soria_ForestAdapt_imagen_corporativa_RGB-300x300.jpg 300w, https:\/\/www.fbycc.org\/wp-content\/uploads\/2024\/11\/LIFE_Soria_ForestAdapt_imagen_corporativa_RGB-150x150.jpg 150w, https:\/\/www.fbycc.org\/wp-content\/uploads\/2024\/11\/LIFE_Soria_ForestAdapt_imagen_corporativa_RGB-50x50.jpg 50w, https:\/\/www.fbycc.org\/wp-content\/uploads\/2024\/11\/LIFE_Soria_ForestAdapt_imagen_corporativa_RGB-250x250.jpg 250w\" sizes=\"auto, (max-width: 330px) 100vw, 330px\" \/>El proyecto LIFE Soria ForestAdapt tiene por finalidad aumentar la resistencia de los bosques del sur de Europa al cambio clim\u00e1tico, incluyendo medidas de adaptaci\u00f3n en los planes de gesti\u00f3n forestal p\u00fablicos y privados.<\/p>\n<p style=\"text-align: justify;\">La base para una modificaci\u00f3n gradual de los planes de gesti\u00f3n forestal en toda la provincia de Soria ser\u00e1 una referencia t\u00e9cnica para la gesti\u00f3n forestal con medidas de adaptaci\u00f3n al cambio clim\u00e1tico, y es que esta provincia es un ejemplo de gesti\u00f3n forestal desde la Edad Media. El proyecto abarca 200.000 hect\u00e1reas de bosque p\u00fablico e incidir\u00e1 tambi\u00e9n en los programas de forestaci\u00f3n en tierras privadas, especialmente las agr\u00edcolas. El objetivo es extender el modelo al resto de la Comunidad Aut\u00f3noma de Castilla y Le\u00f3n, y al resto de Espa\u00f1a y del sur de Europa.<\/p>\n<p><strong>Conoce el proyecto y sus resultados<\/strong>:<\/p>\n<p style=\"text-align: left;\">\u00a0 \u00a0 <a class=\"tx-button\" href=\"https:\/\/www.soriaforestadapt.es\/\" target=\"_blank\" style=\"color: #ffffff; background-color: #7fd0a6\">WEB PROYECTO<\/a>\n<a class=\"tx-button\" href=\"https:\/\/soriaforestadapt.es\/fitoclim\/#\" target=\"_blank\" style=\"color: #ffffff; background-color: #25aa6b\">FITOCLIM<\/a>\n<a class=\"tx-button\" href=\"https:\/\/soriaforestadapt.es\/herramienta\/\/\" target=\"_blank\" style=\"color: #ffffff; background-color: #28744d\">FORESTADAPT TOOL<\/a>\n<p><strong>Socios: <\/strong><\/p>\n<p style=\"text-align: justify;\">Para alcanzar los objetivos que promueve LIFE Soria ForestAdapt se ha reunido un consorcio de entidades socias que, lideradas por la Fundaci\u00f3n Global Nature, representan el amplio espectro que abarca desde la universidad a la empresa, pasando por centros de perfil tecnol\u00f3gico y entidades certificadoras de procesos de sostenibilidad.<\/p>\n<p><img loading=\"lazy\" decoding=\"async\" class=\"wp-image-5229 size-full aligncenter\" src=\"https:\/\/www.fbycc.org\/wp-content\/uploads\/2024\/11\/logo_fgn_rgb_web-1.jpg\" alt=\"\" width=\"220\" height=\"220\" srcset=\"https:\/\/www.fbycc.org\/wp-content\/uploads\/2024\/11\/logo_fgn_rgb_web-1.jpg 220w, https:\/\/www.fbycc.org\/wp-content\/uploads\/2024\/11\/logo_fgn_rgb_web-1-150x150.jpg 150w, https:\/\/www.fbycc.org\/wp-content\/uploads\/2024\/11\/logo_fgn_rgb_web-1-50x50.jpg 50w\" sizes=\"auto, (max-width: 220px) 100vw, 220px\" \/>\u00a0 \u00a0 \u00a0 \u00a0 \u00a0 \u00a0 \u00a0 \u00a0 \u00a0 \u00a0 \u00a0 \u00a0 \u00a0 \u00a0 \u00a0 \u00a0 \u00a0 \u00a0 \u00a0 \u00a0 \u00a0 \u00a0 \u00a0 \u00a0 \u00a0 \u00a0 \u00a0<a href=\"https:\/\/cesefor.com\/es\"><img loading=\"lazy\" decoding=\"async\" class=\"alignnone size-full wp-image-5218\" src=\"https:\/\/www.fbycc.org\/wp-content\/uploads\/2024\/11\/logo_cesefor_web-e1730893775134.jpg\" alt=\"\" width=\"220\" height=\"116\" \/><\/a>\u00a0 \u00a0 \u00a0 \u00a0 \u00a0 \u00a0 \u00a0 \u00a0 \u00a0 \u00a0<a href=\"https:\/\/www.uva.es\/export\/sites\/uva\/\"><img loading=\"lazy\" decoding=\"async\" class=\"alignnone wp-image-5219\" src=\"https:\/\/www.fbycc.org\/wp-content\/uploads\/2024\/11\/uva_web.jpg\" alt=\"\" width=\"143\" height=\"143\" srcset=\"https:\/\/www.fbycc.org\/wp-content\/uploads\/2024\/11\/uva_web.jpg 220w, https:\/\/www.fbycc.org\/wp-content\/uploads\/2024\/11\/uva_web-150x150.jpg 150w, https:\/\/www.fbycc.org\/wp-content\/uploads\/2024\/11\/uva_web-50x50.jpg 50w\" sizes=\"auto, (max-width: 143px) 100vw, 143px\" \/><\/a>\u00a0 \u00a0 \u00a0 \u00a0 \u00a0 \u00a0 \u00a0 \u00a0 \u00a0 \u00a0<a href=\"https:\/\/es.fsc.org\/es-es\"><img loading=\"lazy\" decoding=\"async\" class=\"alignnone size-full wp-image-5220\" src=\"https:\/\/www.fbycc.org\/wp-content\/uploads\/2024\/11\/logo_fsc_web.jpg\" alt=\"\" width=\"220\" height=\"220\" srcset=\"https:\/\/www.fbycc.org\/wp-content\/uploads\/2024\/11\/logo_fsc_web.jpg 220w, https:\/\/www.fbycc.org\/wp-content\/uploads\/2024\/11\/logo_fsc_web-150x150.jpg 150w, https:\/\/www.fbycc.org\/wp-content\/uploads\/2024\/11\/logo_fsc_web-50x50.jpg 50w\" sizes=\"auto, (max-width: 220px) 100vw, 220px\" \/><\/a><\/p>\n<p style=\"padding-left: 40px;\">\u00a0 \u00a0 \u00a0 \u00a0 \u00a0 \u00a0 \u00a0 \u00a0 \u00a0 \u00a0 \u00a0 \u00a0 \u00a0 \u00a0 \u00a0 \u00a0 \u00a0 \u00a0 \u00a0 \u00a0 \u00a0 <a href=\"https:\/\/www.pefc.es\/\"><img loading=\"lazy\" decoding=\"async\" class=\"alignnone wp-image-5221 size-full\" src=\"https:\/\/www.fbycc.org\/wp-content\/uploads\/2024\/11\/logo_pefc_web.jpg\" alt=\"\" width=\"220\" height=\"220\" srcset=\"https:\/\/www.fbycc.org\/wp-content\/uploads\/2024\/11\/logo_pefc_web.jpg 220w, https:\/\/www.fbycc.org\/wp-content\/uploads\/2024\/11\/logo_pefc_web-150x150.jpg 150w, https:\/\/www.fbycc.org\/wp-content\/uploads\/2024\/11\/logo_pefc_web-50x50.jpg 50w\" sizes=\"auto, (max-width: 220px) 100vw, 220px\" \/><\/a>\u00a0 \u00a0 \u00a0 \u00a0 \u00a0 \u00a0 \u00a0 \u00a0 \u00a0 \u00a0<a href=\"https:\/\/empresaclima.org\/\"><img loading=\"lazy\" decoding=\"async\" class=\"alignnone wp-image-5222 size-full\" src=\"https:\/\/www.fbycc.org\/wp-content\/uploads\/2024\/11\/logo_empresa_clima_web.jpg\" alt=\"\" width=\"220\" height=\"220\" srcset=\"https:\/\/www.fbycc.org\/wp-content\/uploads\/2024\/11\/logo_empresa_clima_web.jpg 220w, https:\/\/www.fbycc.org\/wp-content\/uploads\/2024\/11\/logo_empresa_clima_web-150x150.jpg 150w, https:\/\/www.fbycc.org\/wp-content\/uploads\/2024\/11\/logo_empresa_clima_web-50x50.jpg 50w\" sizes=\"auto, (max-width: 220px) 100vw, 220px\" \/><\/a>\u00a0 \u00a0 \u00a0 \u00a0 \u00a0 \u00a0 \u00a0 \u00a0 \u00a0 \u00a0<a href=\"https:\/\/fundacion.uva.es\/\"><img loading=\"lazy\" decoding=\"async\" class=\"alignnone wp-image-5223 \" src=\"https:\/\/www.fbycc.org\/wp-content\/uploads\/2024\/11\/logo_fundacion_uva_positivo_vertical_1_0.png\" alt=\"\" width=\"164\" height=\"144\" \/><\/a><\/p>\n<p>&nbsp;<\/p>\n<p><span style=\"font-size: 14pt;\"><div class=\"tx-heading\" style=\"margin-bottom:24px; text-align: left;\"><h2 class=\"tx-heading-tag\" style=\"font-size:24px;\"><\/h2><\/div><\/span><\/p>\n<p><img loading=\"lazy\" decoding=\"async\" class=\"alignnone size-full wp-image-5075\" src=\"https:\/\/www.fbycc.org\/wp-content\/uploads\/2024\/10\/MODELO-BANNER-1_1140x240_page-0001-1.jpg\" alt=\"\" width=\"2375\" height=\"500\" srcset=\"https:\/\/www.fbycc.org\/wp-content\/uploads\/2024\/10\/MODELO-BANNER-1_1140x240_page-0001-1.jpg 2375w, https:\/\/www.fbycc.org\/wp-content\/uploads\/2024\/10\/MODELO-BANNER-1_1140x240_page-0001-1-300x63.jpg 300w, https:\/\/www.fbycc.org\/wp-content\/uploads\/2024\/10\/MODELO-BANNER-1_1140x240_page-0001-1-1024x216.jpg 1024w, https:\/\/www.fbycc.org\/wp-content\/uploads\/2024\/10\/MODELO-BANNER-1_1140x240_page-0001-1-768x162.jpg 768w, https:\/\/www.fbycc.org\/wp-content\/uploads\/2024\/10\/MODELO-BANNER-1_1140x240_page-0001-1-1536x323.jpg 1536w, https:\/\/www.fbycc.org\/wp-content\/uploads\/2024\/10\/MODELO-BANNER-1_1140x240_page-0001-1-2048x431.jpg 2048w\" sizes=\"auto, (max-width: 2375px) 100vw, 2375px\" \/><img loading=\"lazy\" decoding=\"async\" class=\"alignnone wp-image-5237\" src=\"https:\/\/www.fbycc.org\/wp-content\/uploads\/2024\/11\/footer-1.png\" alt=\"\" width=\"2375\" height=\"1933\" srcset=\"https:\/\/www.fbycc.org\/wp-content\/uploads\/2024\/11\/footer-1.png 1376w, https:\/\/www.fbycc.org\/wp-content\/uploads\/2024\/11\/footer-1-300x244.png 300w, https:\/\/www.fbycc.org\/wp-content\/uploads\/2024\/11\/footer-1-1024x833.png 1024w, https:\/\/www.fbycc.org\/wp-content\/uploads\/2024\/11\/footer-1-768x625.png 768w\" sizes=\"auto, (max-width: 2375px) 100vw, 2375px\" \/><\/p>\n<p>&nbsp;<\/p>\n","protected":false},"excerpt":{"rendered":"<p>23 y 24 de octubre, 2024 Un evento \u00fanico sobre el futuro de los bosques celebrado en Soria: Foro Internacional \u00abBosques frente al Cambio Clim\u00e1tico\u00bb El seminario Foro Internacional \u00abBosques frente al<a class=\"moretag\" href=\"https:\/\/www.fbycc.org\/index.php\/2024\/11\/04\/asi-fue-el-foro-internacional-bosques-frente-al-cc-celebrado-en-soria\/\">Leer m\u00e1s&#8230;<\/a><\/p>\n","protected":false},"author":5,"featured_media":0,"comment_status":"closed","ping_status":"open","sticky":false,"template":"","format":"standard","meta":{"_monsterinsights_skip_tracking":false,"_monsterinsights_sitenote_active":false,"_monsterinsights_sitenote_note":"","_monsterinsights_sitenote_category":0,"footnotes":""},"categories":[11],"tags":[129,16,17,109,254],"class_list":["post-5144","post","type-post","status-publish","format-standard","hentry","category-noticias","tag-adaptacion","tag-bosques","tag-cambio-climatico","tag-gestion-forestal","tag-soria"],"_links":{"self":[{"href":"https:\/\/www.fbycc.org\/index.php\/wp-json\/wp\/v2\/posts\/5144","targetHints":{"allow":["GET"]}}],"collection":[{"href":"https:\/\/www.fbycc.org\/index.php\/wp-json\/wp\/v2\/posts"}],"about":[{"href":"https:\/\/www.fbycc.org\/index.php\/wp-json\/wp\/v2\/types\/post"}],"author":[{"embeddable":true,"href":"https:\/\/www.fbycc.org\/index.php\/wp-json\/wp\/v2\/users\/5"}],"replies":[{"embeddable":true,"href":"https:\/\/www.fbycc.org\/index.php\/wp-json\/wp\/v2\/comments?post=5144"}],"version-history":[{"count":63,"href":"https:\/\/www.fbycc.org\/index.php\/wp-json\/wp\/v2\/posts\/5144\/revisions"}],"predecessor-version":[{"id":5201,"href":"https:\/\/www.fbycc.org\/index.php\/wp-json\/wp\/v2\/posts\/5144\/revisions\/5201"}],"wp:attachment":[{"href":"https:\/\/www.fbycc.org\/index.php\/wp-json\/wp\/v2\/media?parent=5144"}],"wp:term":[{"taxonomy":"category","embeddable":true,"href":"https:\/\/www.fbycc.org\/index.php\/wp-json\/wp\/v2\/categories?post=5144"},{"taxonomy":"post_tag","embeddable":true,"href":"https:\/\/www.fbycc.org\/index.php\/wp-json\/wp\/v2\/tags?post=5144"}],"curies":[{"name":"wp","href":"https:\/\/api.w.org\/{rel}","templated":true}]}}