{"id":5124,"date":"2024-10-31T13:29:16","date_gmt":"2024-10-31T13:29:16","guid":{"rendered":"https:\/\/www.fbycc.org\/?p=5124"},"modified":"2024-11-06T15:10:25","modified_gmt":"2024-11-06T15:10:25","slug":"los-inventarios-forestales-nacionales-de-europa-se-unen-en-la-asociacion-enfin","status":"publish","type":"post","link":"https:\/\/www.fbycc.org\/index.php\/2024\/10\/31\/los-inventarios-forestales-nacionales-de-europa-se-unen-en-la-asociacion-enfin\/","title":{"rendered":"Los inventarios forestales nacionales de Europa se unen en la asociaci\u00f3n ENFIN"},"content":{"rendered":"<p style=\"text-align: center;\"><span style=\"font-size: 24pt;\"><strong>Los inventarios forestales nacionales de Europa se unen para supervisar los bosques europeos y crear su asociaci\u00f3n<\/strong><\/span><\/p>\n<p><img loading=\"lazy\" decoding=\"async\" class=\" wp-image-5135 alignright\" src=\"https:\/\/www.fbycc.org\/wp-content\/uploads\/2024\/10\/unnamed.gif\" alt=\"\" width=\"280\" height=\"280\" \/><\/p>\n<p><img loading=\"lazy\" decoding=\"async\" class=\" wp-image-5134 alignright\" src=\"https:\/\/www.fbycc.org\/wp-content\/uploads\/2024\/10\/europakarte_home.jpg\" alt=\"\" width=\"314\" height=\"267\" srcset=\"https:\/\/www.fbycc.org\/wp-content\/uploads\/2024\/10\/europakarte_home.jpg 465w, https:\/\/www.fbycc.org\/wp-content\/uploads\/2024\/10\/europakarte_home-300x255.jpg 300w\" sizes=\"auto, (max-width: 314px) 100vw, 314px\" \/><\/p>\n<p style=\"text-align: justify;\">M\u00e1s de 30 organizaciones europeas responsables de los inventarios forestales nacionales (IFN) colaboran desde desde 2003 dentro de una red informal: la Red Europea de Inventarios Forestales Nacionales (<a href=\"https:\/\/www.enfin.info\/\">European National Forest Inventories Network\u00a0&#8211; ENFIN<\/a>).<\/p>\n<p style=\"text-align: justify;\">Los inventarios forestales nacionales (IFN) son el medio m\u00e1s completo y fiable de supervisar los bosques a gran escala. En un contexto en el que el cambio clim\u00e1tico afecta cada vez m\u00e1s a los bosques y en el que las expectativas de la sociedad con respecto a ellos son cada vez mayores, es vital que los IFN sigan proporcionando informaci\u00f3n forestal tanto a nivel nacional como europeo.<\/p>\n<p style=\"text-align: justify;\">Bas\u00e1ndose en su experiencia y con el deseo de reforzar el papel que la red ha desempe\u00f1ado durante muchos a\u00f1os en el desarrollo de la ciencia, la tecnolog\u00eda y la gobernanza a escala europea, los miembros de la red crearon oficialmente la <strong>asociaci\u00f3n ENFIN<\/strong> el 14 de octubre de 2024. Esta asociaci\u00f3n estar\u00e1 registrada en Francia y tendr\u00e1 su sede en el IGN.<\/p>\n<p style=\"text-align: justify;\">La asociaci\u00f3n trabajar\u00e1 para lograr una mayor armonizaci\u00f3n de la informaci\u00f3n forestal y ayudar\u00e1 a los IFN a contribuir colectivamente a los debates europeos e internacionales sobre todas las cuestiones de pol\u00edtica p\u00fablica relacionadas con los bosques.<\/p>\n<p style=\"text-align: center;\"><strong><span style=\"font-size: 18pt;\">La visi\u00f3n de la ENFIN es una Europa en la que los bosques prosperen y contribuyan a la adaptaci\u00f3n al cambio clim\u00e1tico y a su mitigaci\u00f3n.<\/span><\/strong><\/p>\n<p style=\"text-align: justify;\">La Asociaci\u00f3n trabajar\u00e1 para supervisar los bosques europeos, proporcionando un foro de debate a los organismos responsables de los IFN en Europa y aumentando la visibilidad y credibilidad de sus resultados.<\/p>\n<p style=\"text-align: justify;\">Los valores fundamentales de ENFIN son la transparencia y el rigor cient\u00edfico en su trabajo, que est\u00e1 al servicio de la sociedad y sus necesidades. La Asociaci\u00f3n cuenta actualmente con <strong>18 miembros<\/strong> fundadores, mientras que otras organizaciones europeas se incorporar\u00e1n proximamente. La Asociaci\u00f3n tambi\u00e9n ofrece colaboraciones a otras instituciones que deseen promover sus objetivos.<\/p>\n<pre style=\"text-align: center;\"><span style=\"font-size: 16px; color: #008000;\"><b><span style=\"font-family: 'arial black', sans-serif;\">Organizaciones fundadoras:<\/span> <\/b><\/span><\/pre>\n<table style=\"border-collapse: collapse; width: 100%;\">\n<tbody>\n<tr>\n<td style=\"width: 50%;\"><span style=\"font-size: 16px;\">Austria &#8211; Federal research and training centre for forests, natural hazards and landscape<\/span><\/td>\n<td style=\"width: 50%;\"><span style=\"font-size: 16px;\">Lituania &#8211; State forest service, NFI department<\/span><\/td>\n<\/tr>\n<tr>\n<td style=\"width: 50%;\"><span style=\"font-size: 16px;\">Dinamarca &#8211; Ministry of green transition<\/span><\/td>\n<td style=\"width: 50%;\"><span style=\"font-size: 16px;\">Pa\u00edses Bajos &#8211; WENR<\/span><\/td>\n<\/tr>\n<tr>\n<td style=\"width: 50%;\"><span style=\"font-size: 16px;\">Finlandia &#8211; LUKE<\/span><\/td>\n<td style=\"width: 50%;\"><span style=\"font-size: 16px;\">Noruega &#8211; Norwegian Institute of bioeconomy research<\/span><\/td>\n<\/tr>\n<tr>\n<td style=\"width: 50%;\"><span style=\"font-size: 16px;\">Francia &#8211; IGN<\/span><\/td>\n<td style=\"width: 50%;\"><span style=\"font-size: 16px;\">Polonia &#8211; Bureau of forest management and geodesy<\/span><\/td>\n<\/tr>\n<tr>\n<td style=\"width: 50%;\"><span style=\"font-size: 16px;\">Alemania &#8211; Th\u00fcnen institute<\/span><\/td>\n<td style=\"width: 50%;\"><span style=\"font-size: 16px;\">Ruman\u00eda &#8211; National Institute for research and development in forestry<\/span><\/td>\n<\/tr>\n<tr>\n<td style=\"width: 50%;\"><span style=\"font-size: 16px;\">Islandia &#8211; Land and forest<\/span><\/td>\n<td style=\"width: 50%;\"><span style=\"font-size: 16px;\">Eslovenia &#8211; Slovenian forest institute<\/span><\/td>\n<\/tr>\n<tr>\n<td style=\"width: 50%;\"><span style=\"font-size: 16px;\">Irlanda &#8211; Forest service, department of agriculture, food and marines<\/span><\/td>\n<td style=\"width: 50%;\"><span style=\"font-size: 16px;\">Suecia &#8211; SLU<\/span><\/td>\n<\/tr>\n<tr>\n<td style=\"width: 50%;\"><span style=\"font-size: 16px;\">Italia &#8211; Academy of forest sciences<\/span><\/td>\n<td style=\"width: 50%;\"><span style=\"font-size: 16px;\">Suiza &#8211; Federal institute for forest, snow and landscape research, WSL<\/span><\/td>\n<\/tr>\n<tr>\n<td style=\"width: 50%;\"><span style=\"font-size: 16px;\">Letonia &#8211; State forest research institute (SILAVA)\u00a0<\/span><\/td>\n<td style=\"width: 50%;\"><span style=\"font-size: 16px;\">Ucrania &#8211; Ukrainian state forest management planning association<\/span><\/td>\n<\/tr>\n<\/tbody>\n<\/table>\n<pre style=\"text-align: center;\"><span style=\"font-size: 16px; color: #008000;\"><b><span style=\"font-family: arial black, sans-serif;\">Miembros del consejo:<\/span> <\/b><\/span><\/pre>\n<ul>\n<li>Por BFW, Austria, Alexandra Freudenschuss<\/li>\n<li>Por NIBIO, Noruega, Johannes Breidenbach<\/li>\n<li>Por IGN, Francia, Nicolas Paparoditis<\/li>\n<li>Por SLU, Suecia, Matts Nilsson<\/li>\n<li>Por WSL, Suiza, Christoph Fischer<\/li>\n<li>Por la Academia de Ciencias Forestales, Italia, Gherardo Ghirici<\/li>\n<li>Por WENR, Pa\u00edses Bajos, Gert-Jan Nabuurs<\/li>\n<li>Por el Instituto Th\u00fcnen, Alemania, Thomas Riedel<\/li>\n<li>Por LUKE, Finlandia, Kari Korhonen<\/li>\n<\/ul>\n<p><strong>Presidente<\/strong>: Kari Korhonen, LUKE, Finlandia<br \/>\n<strong>Vicepresidenta<\/strong>: Alexandra Freudenschuss, BFW, Austria<br \/>\n<strong>Secretario<\/strong>: Manuel Fulchiron, IGN, Francia<\/p>\n<p>&nbsp;<\/p>\n<p><span style=\"font-size: 8pt;\">Fuente: <a href=\"https:\/\/www.ign.fr\/espace-presse\/les-inventaires-forestiers-nationaux-europeens-unissent-leurs-forces-pour-la-surveillance-des-forets-europeennes-et-creent-leur-association\">https:\/\/www.ign.fr\/espace-presse\/les-inventaires-forestiers-nationaux-europeens-unissent-leurs-forces-pour-la-surveillance-des-forets-europeennes-et-creent-leur-association<\/a>\u00a0<\/span><\/p>\n","protected":false},"excerpt":{"rendered":"<p>Los inventarios forestales nacionales de Europa se unen para supervisar los bosques europeos y crear su asociaci\u00f3n M\u00e1s de 30 organizaciones europeas responsables de los inventarios forestales nacionales (IFN) colaboran desde desde<a class=\"moretag\" href=\"https:\/\/www.fbycc.org\/index.php\/2024\/10\/31\/los-inventarios-forestales-nacionales-de-europa-se-unen-en-la-asociacion-enfin\/\">Leer m\u00e1s&#8230;<\/a><\/p>\n","protected":false},"author":5,"featured_media":0,"comment_status":"closed","ping_status":"open","sticky":false,"template":"","format":"standard","meta":{"_monsterinsights_skip_tracking":false,"_monsterinsights_sitenote_active":false,"_monsterinsights_sitenote_note":"","_monsterinsights_sitenote_category":0,"footnotes":""},"categories":[11],"tags":[210,258,257],"class_list":["post-5124","post","type-post","status-publish","format-standard","hentry","category-noticias","tag-bosques-europeos","tag-enfin","tag-ifn"],"_links":{"self":[{"href":"https:\/\/www.fbycc.org\/index.php\/wp-json\/wp\/v2\/posts\/5124","targetHints":{"allow":["GET"]}}],"collection":[{"href":"https:\/\/www.fbycc.org\/index.php\/wp-json\/wp\/v2\/posts"}],"about":[{"href":"https:\/\/www.fbycc.org\/index.php\/wp-json\/wp\/v2\/types\/post"}],"author":[{"embeddable":true,"href":"https:\/\/www.fbycc.org\/index.php\/wp-json\/wp\/v2\/users\/5"}],"replies":[{"embeddable":true,"href":"https:\/\/www.fbycc.org\/index.php\/wp-json\/wp\/v2\/comments?post=5124"}],"version-history":[{"count":18,"href":"https:\/\/www.fbycc.org\/index.php\/wp-json\/wp\/v2\/posts\/5124\/revisions"}],"predecessor-version":[{"id":5234,"href":"https:\/\/www.fbycc.org\/index.php\/wp-json\/wp\/v2\/posts\/5124\/revisions\/5234"}],"wp:attachment":[{"href":"https:\/\/www.fbycc.org\/index.php\/wp-json\/wp\/v2\/media?parent=5124"}],"wp:term":[{"taxonomy":"category","embeddable":true,"href":"https:\/\/www.fbycc.org\/index.php\/wp-json\/wp\/v2\/categories?post=5124"},{"taxonomy":"post_tag","embeddable":true,"href":"https:\/\/www.fbycc.org\/index.php\/wp-json\/wp\/v2\/tags?post=5124"}],"curies":[{"name":"wp","href":"https:\/\/api.w.org\/{rel}","templated":true}]}}