{"id":5070,"date":"2024-10-07T11:35:31","date_gmt":"2024-10-07T11:35:31","guid":{"rendered":"https:\/\/www.fbycc.org\/?p=5070"},"modified":"2024-10-07T11:35:31","modified_gmt":"2024-10-07T11:35:31","slug":"foro-internacional-bosques-frente-al-cambio-climatico","status":"publish","type":"post","link":"https:\/\/www.fbycc.org\/index.php\/2024\/10\/07\/foro-internacional-bosques-frente-al-cambio-climatico\/","title":{"rendered":"Foro Internacional: Bosques frente al cambio clim\u00e1tico"},"content":{"rendered":"<p><img loading=\"lazy\" decoding=\"async\" class=\"alignnone size-full wp-image-5075\" src=\"https:\/\/www.fbycc.org\/wp-content\/uploads\/2024\/10\/MODELO-BANNER-1_1140x240_page-0001-1.jpg\" alt=\"\" width=\"2375\" height=\"500\" srcset=\"https:\/\/www.fbycc.org\/wp-content\/uploads\/2024\/10\/MODELO-BANNER-1_1140x240_page-0001-1.jpg 2375w, https:\/\/www.fbycc.org\/wp-content\/uploads\/2024\/10\/MODELO-BANNER-1_1140x240_page-0001-1-300x63.jpg 300w, https:\/\/www.fbycc.org\/wp-content\/uploads\/2024\/10\/MODELO-BANNER-1_1140x240_page-0001-1-1024x216.jpg 1024w, https:\/\/www.fbycc.org\/wp-content\/uploads\/2024\/10\/MODELO-BANNER-1_1140x240_page-0001-1-768x162.jpg 768w, https:\/\/www.fbycc.org\/wp-content\/uploads\/2024\/10\/MODELO-BANNER-1_1140x240_page-0001-1-1536x323.jpg 1536w, https:\/\/www.fbycc.org\/wp-content\/uploads\/2024\/10\/MODELO-BANNER-1_1140x240_page-0001-1-2048x431.jpg 2048w\" sizes=\"auto, (max-width: 2375px) 100vw, 2375px\" \/><\/p>\n<p style=\"text-align: center;\"><span style=\"font-size: 33.3333px;\"><b>Soria alberga un evento \u00fanico sobre el futuro de los bosques<\/b><\/span><\/p>\n<div class=\"tx-spacer clearfix\" style=\"height: 20px\"><\/div>\n<p style=\"text-align: center;\"><span style=\"font-size: 18pt;\">La adaptaci\u00f3n al cambio clim\u00e1tico y la gesti\u00f3n forestal sostenible son las claves de un foro internacional que ahondar\u00e1 en soluciones que incluyen la tecnolog\u00eda y el enfoque social.<\/span><\/p>\n<div class=\"tx-spacer clearfix\" style=\"height: 20px\"><\/div>\n<p style=\"text-align: justify;\">Soria ser\u00e1 el escenario de un debate sobre el futuro de los bosques al acoger el Foro Internacional \u201cLos bosques frente al cambio clim\u00e1tico\u201d. Se celebrar\u00e1 los pr\u00f3ximos d\u00edas <strong>23 y 24 de octubre<\/strong> y abordar\u00e1 los principales aspectos que afectan a nuestras masas forestales en un contexto como el actual de crisis clim\u00e1tica. La intensificaci\u00f3n de problemas como el aumento de incendios forestales, el abandono de tierras, la p\u00e9rdida de biodiversidad o la degradaci\u00f3n de estos ecosistemas, se analizar\u00e1n junto a herramientas tecnol\u00f3gicas que permiten trabajar a pie de campo o casos de \u00e9xito asociados a procesos sociales, siempre con el hilo conductor de la adaptaci\u00f3n al cambio clim\u00e1tico.<\/p>\n<p style=\"text-align: justify;\">De hecho, durante las jornadas se presentar\u00e1n experiencias novedosas a nivel internacional, fomentando el intercambio de soluciones viables ante los desaf\u00edos que ya est\u00e1n afectando a nuestros bosques. En concreto, el proyecto <strong><a href=\"https:\/\/www.soriaforestadapt.es\/\">LIFE Soria ForestAdapt<\/a><\/strong> que es uno de los coordinadores del evento, alineado con el Plan Nacional de Adaptaci\u00f3n al Cambio Clim\u00e1tico 2021-2030, presentar\u00e1 las conclusiones de sus cuatro a\u00f1os de trabajo que se han centrado en fortalecer la resiliencia de los ecosistemas forestales y su integraci\u00f3n en pol\u00edticas regionales y europeas.<\/p>\n<p style=\"text-align: center;\"><a class=\"tx-button\" href=\"https:\/\/www.forestadapt.es\/index.php?seccion=registros&#038;subSeccion=formularioInscripcion\" target=\"_blank\" style=\"color: #ffffff; background-color: #8aaa62\">INSCRIPCI\u00d3N GRATUITA AQU\u00cd<\/a>\n<p style=\"text-align: justify;\"><div class=\"tx-spacer clearfix\" style=\"height: 30px\"><\/div>\n<p style=\"text-align: justify;\"><img loading=\"lazy\" decoding=\"async\" class=\"wp-image-5068 alignleft\" src=\"https:\/\/www.fbycc.org\/wp-content\/uploads\/2024\/10\/MODELO_4-3_page-0001.jpg\" alt=\"\" width=\"641\" height=\"427\" srcset=\"https:\/\/www.fbycc.org\/wp-content\/uploads\/2024\/10\/MODELO_4-3_page-0001.jpg 1500w, https:\/\/www.fbycc.org\/wp-content\/uploads\/2024\/10\/MODELO_4-3_page-0001-300x200.jpg 300w, https:\/\/www.fbycc.org\/wp-content\/uploads\/2024\/10\/MODELO_4-3_page-0001-1024x683.jpg 1024w, https:\/\/www.fbycc.org\/wp-content\/uploads\/2024\/10\/MODELO_4-3_page-0001-768x512.jpg 768w\" sizes=\"auto, (max-width: 641px) 100vw, 641px\" \/><\/p>\n<p><strong>Un evento imprescindible para el sector forestal<\/strong><\/p>\n<p style=\"text-align: justify;\">El programa del foro incluye la participaci\u00f3n de expertos de diferentes disciplinas, desde la gesti\u00f3n forestal a las soluciones tecnol\u00f3gicas, pasando por la visi\u00f3n m\u00e1s social y la aproximaci\u00f3n m\u00e1s conservacionista, unidos siempre por el reto de la adaptaci\u00f3n al cambio clim\u00e1tico. \u00a0En la jornada se presentar\u00e1n proyectos como <a href=\"https:\/\/reconecta.es\/\">Reconecta<\/a>, que buscan recuperar terrenos forestales abandonados en provincias despobladas como Soria, Cuenca y Teruel, motivando a los propietarios y proporcion\u00e1ndoles herramientas para un aprovechamiento sostenible, fomentando la bioeconom\u00eda y el desarrollo rural.<\/p>\n<p style=\"text-align: justify;\">Entre los temas m\u00e1s destacados, se debatir\u00e1n las \u00faltimas tendencias en certificaciones forestales y el creciente papel de las empresas en la conservaci\u00f3n de los bosques, con nuevos formatos de inversi\u00f3n. Tambi\u00e9n se expondr\u00e1n los \u00faltimos avances cient\u00edficos en la investigaci\u00f3n gen\u00e9tica de poblaciones forestales y la respuesta de los sistemas agroforestales a los desaf\u00edos clim\u00e1ticos.<\/p>\n<p>Durante las visitas de campo, los asistentes podr\u00e1n conocer en detalle las medidas de adaptaci\u00f3n aplicadas en Soria a trav\u00e9s de dos actividades: un recorrido por Pinar Grande, que incluir\u00e1 una discusi\u00f3n t\u00e9cnica sobre gesti\u00f3n forestal adaptativa, y una jornada en la Base de incendios de Garray, centrada en la gesti\u00f3n forestal en la provincia, con especial atenci\u00f3n a la selvicultura pr\u00f3xima a la naturaleza.<\/p>\n<p style=\"text-align: center;\"><a class=\"tx-button\" href=\"https:\/\/www.forestadapt.es\/?seccion=areaCientifica&#038;subSeccion=programa&#038;idP=1\" target=\"_blank\" style=\"color: #ffffff; background-color: #8aaa62\">PROGRAMA<\/a>\n<div class=\"tx-spacer clearfix\" style=\"height: 20px\"><\/div>\n<p><strong>Un espacio para la colaboraci\u00f3n y la innovaci\u00f3n<\/strong><\/p>\n<p style=\"text-align: justify;\">El evento, organizado conjuntamente por el proyecto LIFE Soria ForestAdapt, que coordina Fundaci\u00f3n Global\u00a0Nature, y el Foro Bosques y Cambio Clim\u00e1tico, congregar\u00e1 a especialistas de diferentes sectores durante los dos d\u00edas que durar\u00e1 el encuentro. Adem\u00e1s de las discusiones y la presentaci\u00f3n de conclusiones, se mostrar\u00e1n herramientas como Fitoclim y ForestAdapt Tool, dise\u00f1adas para facilitar la toma de decisiones de los gestores forestales, tanto p\u00fablicos como privados. Estas herramientas permiten seleccionar y manejar los montes de manera m\u00e1s eficiente, ayudando a identificar las especies que mejor se adaptar\u00e1n a los futuros escenarios clim\u00e1ticos.<\/p>\n<p style=\"text-align: justify;\"><div class=\"tx-spacer clearfix\" style=\"height: 20px\"><\/div>\n<p>Para m\u00e1s informaci\u00f3n se puede consultar la p\u00e1gina web oficial del evento: <strong><a href=\"http:\/\/www.forestadapt.es\">www.forestadapt.es<\/a><\/strong><\/p>\n<div class=\"tx-spacer clearfix\" style=\"height: 20px\"><\/div>\n<p><img loading=\"lazy\" decoding=\"async\" class=\"size-full wp-image-5090 aligncenter\" src=\"https:\/\/www.fbycc.org\/wp-content\/uploads\/2024\/10\/footer.png\" alt=\"\" width=\"1920\" height=\"1120\" \/><\/p>\n","protected":false},"excerpt":{"rendered":"<p>Soria alberga un evento \u00fanico sobre el futuro de los bosques La adaptaci\u00f3n al cambio clim\u00e1tico y la gesti\u00f3n forestal sostenible son las claves de un foro internacional que ahondar\u00e1 en soluciones<a class=\"moretag\" href=\"https:\/\/www.fbycc.org\/index.php\/2024\/10\/07\/foro-internacional-bosques-frente-al-cambio-climatico\/\">Leer m\u00e1s&#8230;<\/a><\/p>\n","protected":false},"author":5,"featured_media":0,"comment_status":"closed","ping_status":"open","sticky":false,"template":"","format":"standard","meta":{"_monsterinsights_skip_tracking":false,"_monsterinsights_sitenote_active":false,"_monsterinsights_sitenote_note":"","_monsterinsights_sitenote_category":0,"footnotes":""},"categories":[11],"tags":[16,17,255,101,254],"class_list":["post-5070","post","type-post","status-publish","format-standard","hentry","category-noticias","tag-bosques","tag-cambio-climatico","tag-jornada","tag-life","tag-soria"],"_links":{"self":[{"href":"https:\/\/www.fbycc.org\/index.php\/wp-json\/wp\/v2\/posts\/5070","targetHints":{"allow":["GET"]}}],"collection":[{"href":"https:\/\/www.fbycc.org\/index.php\/wp-json\/wp\/v2\/posts"}],"about":[{"href":"https:\/\/www.fbycc.org\/index.php\/wp-json\/wp\/v2\/types\/post"}],"author":[{"embeddable":true,"href":"https:\/\/www.fbycc.org\/index.php\/wp-json\/wp\/v2\/users\/5"}],"replies":[{"embeddable":true,"href":"https:\/\/www.fbycc.org\/index.php\/wp-json\/wp\/v2\/comments?post=5070"}],"version-history":[{"count":20,"href":"https:\/\/www.fbycc.org\/index.php\/wp-json\/wp\/v2\/posts\/5070\/revisions"}],"predecessor-version":[{"id":5321,"href":"https:\/\/www.fbycc.org\/index.php\/wp-json\/wp\/v2\/posts\/5070\/revisions\/5321"}],"wp:attachment":[{"href":"https:\/\/www.fbycc.org\/index.php\/wp-json\/wp\/v2\/media?parent=5070"}],"wp:term":[{"taxonomy":"category","embeddable":true,"href":"https:\/\/www.fbycc.org\/index.php\/wp-json\/wp\/v2\/categories?post=5070"},{"taxonomy":"post_tag","embeddable":true,"href":"https:\/\/www.fbycc.org\/index.php\/wp-json\/wp\/v2\/tags?post=5070"}],"curies":[{"name":"wp","href":"https:\/\/api.w.org\/{rel}","templated":true}]}}