{"id":502,"date":"2016-06-21T11:34:35","date_gmt":"2016-06-21T11:34:35","guid":{"rendered":"http:\/\/www.fbycc.org\/?p=502"},"modified":"2019-06-18T12:48:50","modified_gmt":"2019-06-18T12:48:50","slug":"502","status":"publish","type":"post","link":"https:\/\/www.fbycc.org\/index.php\/2016\/06\/21\/502\/","title":{"rendered":"Declaraci\u00f3n de los Ministros de Medio Ambiente de la UE"},"content":{"rendered":"<p style=\"text-align: justify;\">Espa\u00f1a destaca que la declaraci\u00f3n del Consejo de Ministros de Medio Ambiente de la UE sobre el Acuerdo de Par\u00eds es una se\u00f1al pol\u00edtica muy importante.<\/p>\n<p style=\"text-align: justify;\"><!--more--><\/p>\n<p style=\"text-align: justify;\">El secretario de Estado de Medio Ambiente, Pablo Saavedra, afirma que Espa\u00f1a defiende que la UE y sus Estados Miembros est\u00e9n en posici\u00f3n de ratificar el Acuerdo de Par\u00eds \u201clo antes posible\u201d para mantener su liderazgo en la agenda internacional.<\/p>\n<p><a href=\"http:\/\/www.magrama.gob.es\/es\/prensa\/noticias\/espa%C3%B1a-destaca-que-la-declaraci%C3%B3n-del-consejo-de-ministros-de-medio-ambiente-de-la-ue-sobre-el-acuerdo-de-par%C3%ADs-es-una-se%C3%B1al-pol%C3%ADtica-muy-import\/tcm7-424790-16\">Ir a la noticia<\/a><\/p>\n<p>Fuente: Ministerio de\u00a0Agricultura, Alimentaci\u00f3n y Medio Ambiente<\/p>\n","protected":false},"excerpt":{"rendered":"<p>Espa\u00f1a destaca que la declaraci\u00f3n del Consejo de Ministros de Medio Ambiente de la UE sobre el Acuerdo de Par\u00eds es una se\u00f1al pol\u00edtica muy importante.<\/p>\n","protected":false},"author":2,"featured_media":0,"comment_status":"closed","ping_status":"open","sticky":false,"template":"","format":"standard","meta":{"_monsterinsights_skip_tracking":false,"_monsterinsights_sitenote_active":false,"_monsterinsights_sitenote_note":"","_monsterinsights_sitenote_category":0,"footnotes":""},"categories":[11],"tags":[],"class_list":["post-502","post","type-post","status-publish","format-standard","hentry","category-noticias"],"_links":{"self":[{"href":"https:\/\/www.fbycc.org\/index.php\/wp-json\/wp\/v2\/posts\/502","targetHints":{"allow":["GET"]}}],"collection":[{"href":"https:\/\/www.fbycc.org\/index.php\/wp-json\/wp\/v2\/posts"}],"about":[{"href":"https:\/\/www.fbycc.org\/index.php\/wp-json\/wp\/v2\/types\/post"}],"author":[{"embeddable":true,"href":"https:\/\/www.fbycc.org\/index.php\/wp-json\/wp\/v2\/users\/2"}],"replies":[{"embeddable":true,"href":"https:\/\/www.fbycc.org\/index.php\/wp-json\/wp\/v2\/comments?post=502"}],"version-history":[{"count":11,"href":"https:\/\/www.fbycc.org\/index.php\/wp-json\/wp\/v2\/posts\/502\/revisions"}],"predecessor-version":[{"id":513,"href":"https:\/\/www.fbycc.org\/index.php\/wp-json\/wp\/v2\/posts\/502\/revisions\/513"}],"wp:attachment":[{"href":"https:\/\/www.fbycc.org\/index.php\/wp-json\/wp\/v2\/media?parent=502"}],"wp:term":[{"taxonomy":"category","embeddable":true,"href":"https:\/\/www.fbycc.org\/index.php\/wp-json\/wp\/v2\/categories?post=502"},{"taxonomy":"post_tag","embeddable":true,"href":"https:\/\/www.fbycc.org\/index.php\/wp-json\/wp\/v2\/tags?post=502"}],"curies":[{"name":"wp","href":"https:\/\/api.w.org\/{rel}","templated":true}]}}