{"id":4892,"date":"2024-09-24T06:04:07","date_gmt":"2024-09-24T06:04:07","guid":{"rendered":"https:\/\/www.fbycc.org\/?p=4892"},"modified":"2024-09-24T13:10:17","modified_gmt":"2024-09-24T13:10:17","slug":"el-fbycc-presenta-el-proyecto-eco2for-en-la-jornada-de-bioeconomia-forestal","status":"publish","type":"post","link":"https:\/\/www.fbycc.org\/index.php\/2024\/09\/24\/el-fbycc-presenta-el-proyecto-eco2for-en-la-jornada-de-bioeconomia-forestal\/","title":{"rendered":"El FByCC presenta el proyecto eco2for en la jornada de Bioeconom\u00eda Forestal"},"content":{"rendered":"<div class=\"tx-spacer clearfix\" style=\"height: 20px\"><\/div>\n<p style=\"text-align: center;\"><span style=\"font-size: 33.3333px;\"><b>El Foro de Bosques y Cambio clim\u00e1tico present\u00f3 el proyecto eco2for en la jornada de presentaci\u00f3n de los proyectos de Bioeconom\u00eda Forestal en Castilla y Le\u00f3n\u00a0<\/b><\/span><\/p>\n<p style=\"text-align: center;\"><span style=\"font-size: 18pt;\">El pasado martes 17 de septiembre, se presentaron en el PRAE en Valladolid los 18 proyectos de Bioeconom\u00eda Forestal que han sido aprobados en la regi\u00f3n de Castilla y Le\u00f3n dentro de la convocatoria de ayudas para el fomento de la bioeconom\u00eda forestal de la Fundaci\u00f3n Biodiversidad, entre ellos el proyecto eco2for<strong>.<\/strong><\/span><\/p>\n<p style=\"text-align: justify;\"><span style=\"font-size: 14pt;\"><img loading=\"lazy\" decoding=\"async\" class=\"wp-image-4833 alignright\" src=\"https:\/\/www.fbycc.org\/wp-content\/uploads\/2024\/09\/Jornada-17-septiembre.png\" alt=\"\" width=\"459\" height=\"459\" srcset=\"https:\/\/www.fbycc.org\/wp-content\/uploads\/2024\/09\/Jornada-17-septiembre.png 1080w, https:\/\/www.fbycc.org\/wp-content\/uploads\/2024\/09\/Jornada-17-septiembre-300x300.png 300w, https:\/\/www.fbycc.org\/wp-content\/uploads\/2024\/09\/Jornada-17-septiembre-1024x1024.png 1024w, https:\/\/www.fbycc.org\/wp-content\/uploads\/2024\/09\/Jornada-17-septiembre-150x150.png 150w, https:\/\/www.fbycc.org\/wp-content\/uploads\/2024\/09\/Jornada-17-septiembre-768x768.png 768w, https:\/\/www.fbycc.org\/wp-content\/uploads\/2024\/09\/Jornada-17-septiembre-50x50.png 50w, https:\/\/www.fbycc.org\/wp-content\/uploads\/2024\/09\/Jornada-17-septiembre-250x250.png 250w, https:\/\/www.fbycc.org\/wp-content\/uploads\/2024\/09\/Jornada-17-septiembre-500x500.png 500w\" sizes=\"auto, (max-width: 459px) 100vw, 459px\" \/>El 17 de septiembre se celebr\u00f3 en la sede de la Fundaci\u00f3n Patrimonio Natural de Castilla y Le\u00f3n, PRAE, en Valladolid, una jornada para presentar los proyectos que han sido aprobados en la regi\u00f3n de Castilla y Le\u00f3n dentro de la <strong>convocatoria de ayudas para el fomento de la bioeconom\u00eda forestal de la Fundaci\u00f3n Biodiversidad del Ministerio para la Transici\u00f3n Ecol\u00f3gica y el Reto Demogr\u00e1fico (MITECO)<\/strong> en el marco del <strong>Plan de Recuperaci\u00f3n, Transformaci\u00f3n y Resiliencia (PRTR)<\/strong>, financiado por la <strong>Uni\u00f3n Europea &#8211; NextGenerationEU<\/strong> para el ejercicio 2023.<\/span><\/p>\n<p style=\"text-align: justify;\"><span style=\"font-size: 14pt;\">En este acto participaron, adem\u00e1s de la Fundaci\u00f3n Biodiversidad el director General de Patrimonio Natural y Pol\u00edtica Forestal de la Junta de Castilla y Le\u00f3n, Jos\u00e9 \u00c1ngel Arranz Sanz; y la directora General de Biodiversidad, Bosques y Desertificaci\u00f3n, Mar\u00eda Jes\u00fas Rodr\u00edguez de Sancho.\u00a0<\/span><\/p>\n<p style=\"text-align: justify;\"><span style=\"font-size: 14pt;\">Castilla y Le\u00f3n es potencia en territorio forestal, siendo la comunidad aut\u00f3noma m\u00e1s grande de Espa\u00f1a con m\u00e1s de con mas de 5 millones de hect\u00e1reas forestales. Esta convocatoria de ayudas para el fomento de la bioeconom\u00eda forestal ha conseguido movilizar a la regi\u00f3n obteniendo la aprobaci\u00f3n de <strong>18\u00a0 proyectos con acci\u00f3n en Castilla y Le\u00f3n<\/strong> de un total de 56 proyectos aprobados en todo el territorio nacional. Este resultado demuestra la importancia de la bioeconom\u00eda forestal en esta comunidad aut\u00f3noma.<\/span><\/p>\n<p style=\"text-align: justify;\"><span style=\"font-size: 14pt;\">Desde la Junta de Castilla y Le\u00f3n, recalcaba Jos\u00e9 \u00c1ngel Arranz, se lleva trabajando muchos a\u00f1os por la movilizaci\u00f3n de recursos y la circularidad de actuaciones en el territorio, antes incluso de que se comenzara a hablar de bioeconom\u00eda circular, como demuestra el plan forestal aprobado por la Junta de Castilla y Le\u00f3n en el a\u00f1o 2002. Despu\u00e9s, en el a\u00f1o 2011 la Junta de Castilla y Le\u00f3n aprob\u00f3 uno de los primeros planes de Espa\u00f1a de bioenerg\u00eda y en 2014 se aprob\u00f3 el programa de movilizaci\u00f3n de recursos forestales de Castilla y Le\u00f3n que despu\u00e9s se llev\u00f3 a cabo a nivel nacional. Estas actuaciones de la Junta demuestran el trabajo alrededor de la idea de Bioeconom\u00eda desde hace tiempo. Catilla y Le\u00f3n posee gran riqueza forestal en un territorio rural que adem\u00e1s tiene serios problemas para establecer actividades econ\u00f3micas. Por ello, desde la Junta de Castilla y Le\u00f3n creen que la puesta en valor de los recursos forestales es una oportunidad para este territorio. El director General de Patrimonio Natural y Pol\u00edtica Forestal terminaba expresando la continuidad del apoyo por parte de la Junta a estos proyectos e iniciativas y diciendo que \u00abla mejor forma de conservar nuestros montes es aprovech\u00e1ndolos\u00bb y \u00abtenemos serias esperanzas de que el uso de nuestros bosques sea una de las grandes alternativas para que nuestros pueblos sigan teniendo actividad y ese reequilibrio territorial que tanto necesitamos entre campo y ciudad\u00bb.\u00a0<\/span><\/p>\n<p style=\"text-align: justify;\"><span style=\"font-size: 14pt;\">La directora General de Biodiversidad, Bosques y Desertificaci\u00f3n del MITECO ha recalc\u00f3 que la convocatoria de ayudas para el fomento de la bioeconom\u00eda forestal 2023 ha tenido una dotaci\u00f3n econ\u00f3mica superior a la anterior de 2021, ya que esta primera tuvo un gran \u00e9xito y hubo muchos proyectos de gran calidad que no pudieron ser atendidos. Gracias a los fondos de Recuperaci\u00f3n, Transformaci\u00f3n y Resiliencia se ha podido destinar 77 millones de euros a esta l\u00ednea de actuaci\u00f3n, mientras que la primera convocatoria fue de 20 millones de euros. Los proyectos aprobados est\u00e1n enfocados a la ganader\u00eda extensiva, buenas pr\u00e1cticas agrarias, sistemas agroecol\u00f3gicos, restauraci\u00f3n ecol\u00f3gica, fomento de la gesti\u00f3n forestal, aprovechamiento de recursos forestales maderables y no maderables y dem\u00e1s productos y servicios caracter\u00edsticos de los montes. Estas iniciativas de bioeconom\u00eda producen una gran cohesi\u00f3n territorial, contribuyen a la fijaci\u00f3n de la poblaci\u00f3n, al fomento del emprendimiento y la creaci\u00f3n de empleo, y a la participaci\u00f3n conjunta de administraciones, universidades, entidades de I+D, entidades sin animo de lucro y entidades de car\u00e1cter privado.\u00a0<\/span><\/p>\n<div class=\"tx-spacer clearfix\" style=\"height: 20px\"><\/div>\n<p style=\"text-align: center;\"><span style=\"font-size: 18pt;\"><strong>La financiaci\u00f3n que se va a destinar \u00edntegramente a Castilla y Le\u00f3n en esta convocatoria es de 24 millones de euros, lo que supone el 18.26% de toda la financiaci\u00f3n.\u00a0<\/strong><\/span><\/p>\n<div class=\"tx-spacer clearfix\" style=\"height: 20px\"><\/div>\n<p style=\"text-align: justify;\"><span style=\"font-size: 14pt;\">Mar\u00eda Jes\u00fas Rodr\u00edguez ha destacado la importancia de la bioeconom\u00eda forestal en Castilla y Le\u00f3n, destacando sectores como el sector resinero y la producci\u00f3n de otros productos, como pi\u00f1\u00f3n y hongos distintos de la trufa. La superficie forestal en esta comunidad aut\u00f3noma constituye el 17% de la superficie forestal espa\u00f1ola, por lo que la directora General afirmaba que \u00ablos resultados de la convocatoria de bioeconom\u00eda creemos que son muy coherentes con la potencia y la capacidad del sector forestal en Castilla y Le\u00f3n\u00bb. La mayor\u00eda de estos proyectos incluyen acciones de emprendimiento para la creaci\u00f3n de empleo en zonas relevantes para el reto demogr\u00e1fico, aprovechamiento de recursos forestales y talleres de capacitaci\u00f3n.\u00a0<\/span><\/p>\n<p style=\"text-align: right;\"><img loading=\"lazy\" decoding=\"async\" class=\"alignnone wp-image-4912\" src=\"https:\/\/www.fbycc.org\/wp-content\/uploads\/2024\/09\/IMG_20240917_111656-scaled.jpg\" alt=\"\" width=\"555\" height=\"338\" srcset=\"https:\/\/www.fbycc.org\/wp-content\/uploads\/2024\/09\/IMG_20240917_111656-scaled.jpg 2560w, https:\/\/www.fbycc.org\/wp-content\/uploads\/2024\/09\/IMG_20240917_111656-300x183.jpg 300w, https:\/\/www.fbycc.org\/wp-content\/uploads\/2024\/09\/IMG_20240917_111656-1024x624.jpg 1024w, https:\/\/www.fbycc.org\/wp-content\/uploads\/2024\/09\/IMG_20240917_111656-768x468.jpg 768w, https:\/\/www.fbycc.org\/wp-content\/uploads\/2024\/09\/IMG_20240917_111656-1536x936.jpg 1536w, https:\/\/www.fbycc.org\/wp-content\/uploads\/2024\/09\/IMG_20240917_111656-2048x1247.jpg 2048w\" sizes=\"auto, (max-width: 555px) 100vw, 555px\" \/>\u00a0 <img loading=\"lazy\" decoding=\"async\" class=\"alignnone wp-image-4913\" src=\"https:\/\/www.fbycc.org\/wp-content\/uploads\/2024\/09\/IMG_20240917_112409-scaled.jpg\" alt=\"\" width=\"555\" height=\"337\" srcset=\"https:\/\/www.fbycc.org\/wp-content\/uploads\/2024\/09\/IMG_20240917_112409-scaled.jpg 2560w, https:\/\/www.fbycc.org\/wp-content\/uploads\/2024\/09\/IMG_20240917_112409-300x182.jpg 300w, https:\/\/www.fbycc.org\/wp-content\/uploads\/2024\/09\/IMG_20240917_112409-1024x623.jpg 1024w, https:\/\/www.fbycc.org\/wp-content\/uploads\/2024\/09\/IMG_20240917_112409-768x467.jpg 768w, https:\/\/www.fbycc.org\/wp-content\/uploads\/2024\/09\/IMG_20240917_112409-1536x934.jpg 1536w, https:\/\/www.fbycc.org\/wp-content\/uploads\/2024\/09\/IMG_20240917_112409-2048x1246.jpg 2048w\" sizes=\"auto, (max-width: 555px) 100vw, 555px\" \/>\u00a0 \u00a0 \u00a0 \u00a0 \u00a0 \u00a0 \u00a0<span style=\"font-size: 10pt;\">El director General de Patrimonio Natural y Pol\u00edtica Forestal de la Junta de Castilla y Le\u00f3n, Jos\u00e9 \u00c1ngel Arranz Sanz (a la izquierda); y la directora General de Biodiversidad, Bosques y Desertificaci\u00f3n, Mar\u00eda Jes\u00fas Rodr\u00edguez de Sancho (a la derecha), durante la inauguraci\u00f3n de la jornada.\u00a0<\/span><\/p>\n<div class=\"tx-spacer clearfix\" style=\"height: 20px\"><\/div>\n<p style=\"text-align: justify;\"><span style=\"font-size: 14pt;\">En el contexto de la aprobaci\u00f3n del reglamento de restauraci\u00f3n de la naturaleza el pasado junio, esta l\u00ednea de actuaci\u00f3n de bioeconom\u00eda forestal y los proyectos que se est\u00e1n llevando a cabo en esta convocatoria est\u00e1n perfectamente alineados con los objetivos e indicadores de la nueva legislaci\u00f3n. Estos proyectos han supuesto una gran cooperaci\u00f3n y coordinaci\u00f3n entre diferentes entidades y esta jornada ha permitido dar a conocer los distintos proyectos en los que participan.<\/span><\/p>\n<p style=\"text-align: justify;\"><span style=\"font-size: 14pt;\">La jornada estuvo organizada en cuatro mesas redondas en las que se presentaron los 18 proyectos en torno a los siguientes temas:\u00a0<\/span><\/p>\n<ol>\n<li style=\"text-align: justify;\"><span style=\"font-size: 14pt;\">Recuperaci\u00f3n y valorizaci\u00f3n de recursos tradicionales y biodiversidad, con los proyectos <a href=\"https:\/\/fundacion-biodiversidad.es\/proyecto_prtr\/valorizacion-de-servicios-ecosistemicos-de-las-comarcas-de-el-valle-y-pinares-en-el-municipio-de-el-royo-soria-para-el-fomento-de-la-bioeconomia-local-y-transicion-ecologica-gestion-forestal-sosten\/\"><strong>BIOCOMFOREST<\/strong><\/a>; <a href=\"https:\/\/fantasticobosque.org\/\"><strong>Fant\u00e1stico Bosque<\/strong><\/a>; <a href=\"https:\/\/natursmart.org\/\"><strong>NATUR SMART<\/strong><\/a>; <a href=\"https:\/\/fundacion-biodiversidad.es\/proyecto_prtr\/recuperacion-expansion-y-puesta-en-valor-de-castanares-tradicionales-de-fruto-para-generar-bioeconomia-y-desarrollo-rural-y-contribuir-a-la-conservacion-del-oso-pardo-y-la-biodiversidad-en-la-cordill\/\"><strong>Casta\u00f1as, osos y desarrollo rural<\/strong><\/a>; y <a href=\"https:\/\/caresgestionforestal.com\/proyecto-cares\"><strong>CARES<\/strong><\/a><\/span><\/li>\n<li style=\"text-align: justify;\"><span style=\"font-size: 14pt;\">Innovaci\u00f3n y emprendimiento en la bioeconom\u00eda forestal, con los proyectos <strong><a href=\"https:\/\/www.uiacuenca.es\/\">Urban Forest Innovation Lab<\/a><\/strong>; <a href=\"https:\/\/construyendomaderaula.es\/\"><strong>Construyendo Maderaula<\/strong><\/a>; <a href=\"https:\/\/imforest.es\/\"><strong>Imforest<\/strong><\/a>; y <a href=\"https:\/\/fundacion-biodiversidad.es\/proyecto_prtr\/investigacion-y-reactivacion-de-la-bioeconomia-forestal-en-los-terrenos-comunales-del-municipio-de-branosera-reactivabranosera\/\"><strong>Reactiva Bra\u00f1osera<\/strong><\/a><\/span><\/li>\n<li style=\"text-align: justify;\"><span style=\"font-size: 14pt;\">Gesti\u00f3n sostenible y multifuncionalidad de ecosistemas forestales, con los proyectos <a href=\"https:\/\/reconecta.es\/\"><strong>Reconecta<\/strong><\/a>; <a href=\"https:\/\/fundacion-biodiversidad.es\/proyecto_prtr\/sistemas-agroforestales-multifuncionales-como-alternativa-de-gestion-y-conservacion-del-paisaje-agrofores\/\"><strong>AGROFOres<\/strong><\/a>;<a href=\"https:\/\/bionnomia.ecovalia.org\/\"><strong> BioNNOM\u00cdA<\/strong><\/a>; <a href=\"https:\/\/palenciabosquemodelo.es\/\"><strong>Bosque Modelo Palencia<\/strong><\/a>; y <a href=\"https:\/\/www.remp.es\/\"><strong>Red Estatal de Montes P\u00fablicos (REMP)<\/strong><\/a><\/span><\/li>\n<li style=\"text-align: justify;\"><span style=\"font-size: 14pt;\">Bioeconom\u00eda forestal y su contribuci\u00f3n social, ambiental y al cambio clim\u00e1tico, con los proyectos <a href=\"https:\/\/www.fbycc.org\/index.php\/2024\/05\/16\/conoce-el-proyecto-eco2for\/\"><strong>eco2for<\/strong><\/a>; <a href=\"https:\/\/ecoforgam.org\/\"><strong>EcoForGam<\/strong><\/a>; <a href=\"https:\/\/fundacion-biodiversidad.es\/proyecto_prtr\/club-de-fincas-en-la-dehesa-del-oeste-iberico-club-de-fincas\/\"><strong>Club de Finca<\/strong><\/a>; y <a href=\"https:\/\/fundacion-biodiversidad.es\/proyecto_prtr\/laboratorio-gad-ex-acciones-de-mejora-de-la-biodiversidad-a-traves-de-la-ganaderia-extensiva-en-el-geoparque-unesco-las-loras-en-castilla-y-leon\/\"><strong>Laboratorio GAD-EX<\/strong><\/a><\/span><\/li>\n<\/ol>\n<p style=\"text-align: right;\"><span style=\"font-size: 14pt;\"><img loading=\"lazy\" decoding=\"async\" class=\"alignnone wp-image-4924 size-full\" src=\"https:\/\/www.fbycc.org\/wp-content\/uploads\/2024\/09\/IMG_20240917_132244-scaled.jpg\" alt=\"\" width=\"2560\" height=\"1194\" srcset=\"https:\/\/www.fbycc.org\/wp-content\/uploads\/2024\/09\/IMG_20240917_132244-scaled.jpg 2560w, https:\/\/www.fbycc.org\/wp-content\/uploads\/2024\/09\/IMG_20240917_132244-300x140.jpg 300w, https:\/\/www.fbycc.org\/wp-content\/uploads\/2024\/09\/IMG_20240917_132244-1024x478.jpg 1024w, https:\/\/www.fbycc.org\/wp-content\/uploads\/2024\/09\/IMG_20240917_132244-768x358.jpg 768w, https:\/\/www.fbycc.org\/wp-content\/uploads\/2024\/09\/IMG_20240917_132244-1536x716.jpg 1536w, https:\/\/www.fbycc.org\/wp-content\/uploads\/2024\/09\/IMG_20240917_132244-2048x955.jpg 2048w\" sizes=\"auto, (max-width: 2560px) 100vw, 2560px\" \/><span style=\"font-size: 10pt;\">Foto del transcurso de la jornada en el PRAE<\/span><\/span><\/p>\n<div class=\"tx-spacer clearfix\" style=\"height: 20px\"><\/div>\n<p style=\"text-align: justify;\"><span style=\"font-size: 14pt;\">Durante toda la ma\u00f1ana los representantes de los proyectos pudieron exponer sus objetivos, as\u00ed como las dificultades que se iban encontrando en el camino de la ejecuci\u00f3n de estos proyectos de dos a\u00f1os de duraci\u00f3n que dieron comienzo a principios de este a\u00f1o. La <strong>Fundaci\u00f3n Biodiversidad<\/strong> y <strong>Cesefor<\/strong>, entidad organizadora de esta jornada, ofrecieron un espacio de intercambio y transferencia de conocimientos y experiencias en el que crear sinergias entre los proyectos.\u00a0<\/span><\/p>\n<div class=\"tx-spacer clearfix\" style=\"height: 20px\"><\/div>\n<p style=\"text-align: center;\"><span style=\"font-size: 14pt;\"><span style=\"font-size: 18pt;\"><strong>El Foro de Bosques y Cambio Clim\u00e1tico estuvo presente en la jornada en representaci\u00f3n del proyecto eco2for: Mejora de la contribuci\u00f3n del sector forestal a la lucha contra el cambio clim\u00e1tico.<\/strong><\/span><\/span><\/p>\n<div class=\"tx-spacer clearfix\" style=\"height: 20px\"><\/div>\n<p style=\"text-align: justify;\"><span style=\"font-size: 14pt;\"> A trav\u00e9s de este proyecto y junto a <strong>CETEMAS<\/strong>, <strong>Cesefor<\/strong>, <strong>CSIC-INIA-ICIFOR<\/strong>, <strong>UVa-Cambium<\/strong> y <strong>USAL-Bisite<\/strong>; <\/span><span style=\"font-size: 14pt;\">queremos reforzar la lucha contra el cambio clim\u00e1tico mediante el desarrollo de proyectos en el \u00e1mbito forestal, atrayendo inversi\u00f3n privada y contribuyendo al desarrollo de actividad econ\u00f3mica en el medio rural y lucha contra la despoblaci\u00f3n.<\/span><\/p>\n<div class=\"tx-spacer clearfix\" style=\"height: 20px\"><\/div>\n<p style=\"text-align: center;\"><strong><span style=\"font-size: 14pt;\">Conoce m\u00e1s sobre el proyecto eco2for <a href=\"https:\/\/www.fbycc.org\/index.php\/2024\/05\/16\/conoce-el-proyecto-eco2for\/\">aqu\u00ed<\/a>. Visita las redes sociales del proyecto eco2for (<a href=\"https:\/\/www.instagram.com\/eco2for\/\">Instagram <\/a>\/ <a href=\"https:\/\/x.com\/eco2for_fb\">X<\/a>\u00a0\/ <a href=\"https:\/\/www.linkedin.com\/company\/proyecto-eco2for\/posts\/?feedView=all\">Linkedin<\/a>)<\/span><\/strong><\/p>\n<div class=\"tx-spacer clearfix\" style=\"height: 20px\"><\/div>\n<p style=\"text-align: right;\"><img loading=\"lazy\" decoding=\"async\" class=\"alignnone size-full wp-image-4937 alignright\" src=\"https:\/\/www.fbycc.org\/wp-content\/uploads\/2024\/09\/1726679293554.jpg\" alt=\"\" width=\"1280\" height=\"576\" srcset=\"https:\/\/www.fbycc.org\/wp-content\/uploads\/2024\/09\/1726679293554.jpg 1280w, https:\/\/www.fbycc.org\/wp-content\/uploads\/2024\/09\/1726679293554-300x135.jpg 300w, https:\/\/www.fbycc.org\/wp-content\/uploads\/2024\/09\/1726679293554-1024x461.jpg 1024w, https:\/\/www.fbycc.org\/wp-content\/uploads\/2024\/09\/1726679293554-768x346.jpg 768w\" sizes=\"auto, (max-width: 1280px) 100vw, 1280px\" \/><span style=\"font-size: 10pt;\">Presentaci\u00f3n del proyecto Eco2for en la mesa redonda sobre Bioeconom\u00eda forestal y su contribuci\u00f3n social, ambiental y al cambio clim\u00e1tico<\/span><\/p>\n<div class=\"tx-spacer clearfix\" style=\"height: 20px\"><\/div>\n<div class=\"tx-spacer clearfix\" style=\"height: 20px\"><\/div>\n<p style=\"text-align: justify;\">El proyecto eco2for cuenta con el apoyo de la Fundaci\u00f3n Biodiversidad del Ministerio para la Transici\u00f3n Ecol\u00f3gica y el Reto Demogr\u00e1fico (MITECO) en el marco del Plan de Recuperaci\u00f3n, Transformaci\u00f3n y Resiliencia (PRTR), financiado por la Uni\u00f3n Europea &#8211; NextGenerationEU.<\/p>\n<p><img loading=\"lazy\" decoding=\"async\" class=\"alignnone size-full wp-image-4941\" src=\"https:\/\/www.fbycc.org\/wp-content\/uploads\/2024\/09\/VICE3MTERDFBPRTRNEXT_Bandera_Color-scaled.jpg\" alt=\"\" width=\"2560\" height=\"176\" srcset=\"https:\/\/www.fbycc.org\/wp-content\/uploads\/2024\/09\/VICE3MTERDFBPRTRNEXT_Bandera_Color-scaled.jpg 2560w, https:\/\/www.fbycc.org\/wp-content\/uploads\/2024\/09\/VICE3MTERDFBPRTRNEXT_Bandera_Color-300x21.jpg 300w, https:\/\/www.fbycc.org\/wp-content\/uploads\/2024\/09\/VICE3MTERDFBPRTRNEXT_Bandera_Color-1024x70.jpg 1024w, https:\/\/www.fbycc.org\/wp-content\/uploads\/2024\/09\/VICE3MTERDFBPRTRNEXT_Bandera_Color-768x53.jpg 768w, https:\/\/www.fbycc.org\/wp-content\/uploads\/2024\/09\/VICE3MTERDFBPRTRNEXT_Bandera_Color-1536x106.jpg 1536w, https:\/\/www.fbycc.org\/wp-content\/uploads\/2024\/09\/VICE3MTERDFBPRTRNEXT_Bandera_Color-2048x141.jpg 2048w\" sizes=\"auto, (max-width: 2560px) 100vw, 2560px\" \/><\/p>\n","protected":false},"excerpt":{"rendered":"<p>El Foro de Bosques y Cambio clim\u00e1tico present\u00f3 el proyecto eco2for en la jornada de presentaci\u00f3n de los proyectos de Bioeconom\u00eda Forestal en Castilla y Le\u00f3n\u00a0 El pasado martes 17 de septiembre,<a class=\"moretag\" href=\"https:\/\/www.fbycc.org\/index.php\/2024\/09\/24\/el-fbycc-presenta-el-proyecto-eco2for-en-la-jornada-de-bioeconomia-forestal\/\">Leer m\u00e1s&#8230;<\/a><\/p>\n","protected":false},"author":5,"featured_media":0,"comment_status":"closed","ping_status":"open","sticky":false,"template":"","format":"standard","meta":{"_monsterinsights_skip_tracking":false,"_monsterinsights_sitenote_active":false,"_monsterinsights_sitenote_note":"","_monsterinsights_sitenote_category":0,"footnotes":""},"categories":[11],"tags":[87,217,222,225],"class_list":["post-4892","post","type-post","status-publish","format-standard","hentry","category-noticias","tag-bioeconomia","tag-castilla-y-leon","tag-eco2for","tag-fundacion-biodiversidad"],"_links":{"self":[{"href":"https:\/\/www.fbycc.org\/index.php\/wp-json\/wp\/v2\/posts\/4892","targetHints":{"allow":["GET"]}}],"collection":[{"href":"https:\/\/www.fbycc.org\/index.php\/wp-json\/wp\/v2\/posts"}],"about":[{"href":"https:\/\/www.fbycc.org\/index.php\/wp-json\/wp\/v2\/types\/post"}],"author":[{"embeddable":true,"href":"https:\/\/www.fbycc.org\/index.php\/wp-json\/wp\/v2\/users\/5"}],"replies":[{"embeddable":true,"href":"https:\/\/www.fbycc.org\/index.php\/wp-json\/wp\/v2\/comments?post=4892"}],"version-history":[{"count":46,"href":"https:\/\/www.fbycc.org\/index.php\/wp-json\/wp\/v2\/posts\/4892\/revisions"}],"predecessor-version":[{"id":4958,"href":"https:\/\/www.fbycc.org\/index.php\/wp-json\/wp\/v2\/posts\/4892\/revisions\/4958"}],"wp:attachment":[{"href":"https:\/\/www.fbycc.org\/index.php\/wp-json\/wp\/v2\/media?parent=4892"}],"wp:term":[{"taxonomy":"category","embeddable":true,"href":"https:\/\/www.fbycc.org\/index.php\/wp-json\/wp\/v2\/categories?post=4892"},{"taxonomy":"post_tag","embeddable":true,"href":"https:\/\/www.fbycc.org\/index.php\/wp-json\/wp\/v2\/tags?post=4892"}],"curies":[{"name":"wp","href":"https:\/\/api.w.org\/{rel}","templated":true}]}}