{"id":4848,"date":"2024-09-24T06:03:32","date_gmt":"2024-09-24T06:03:32","guid":{"rendered":"https:\/\/www.fbycc.org\/?p=4848"},"modified":"2024-09-24T10:05:47","modified_gmt":"2024-09-24T10:05:47","slug":"entra-en-vigor-la-ley-de-restauracion-de-la-naturaleza","status":"publish","type":"post","link":"https:\/\/www.fbycc.org\/index.php\/2024\/09\/24\/entra-en-vigor-la-ley-de-restauracion-de-la-naturaleza\/","title":{"rendered":"Entra en vigor la Ley de Restauraci\u00f3n de la Naturaleza"},"content":{"rendered":"<div class=\"tx-spacer clearfix\" style=\"height: 20px\"><\/div>\n<p style=\"text-align: center;\"><span style=\"font-size: 33.3333px;\"><b>Ya est\u00e1 aqu\u00ed la Ley de Restauraci\u00f3n de la Naturaleza con objetivos vinculantes para 2030<\/b><\/span><\/p>\n<p style=\"text-align: center;\"><span style=\"font-size: 18pt;\">La ley de Restauraci\u00f3n de la Naturaleza de la UE, que entr\u00f3 en vigor el pasado 18 de agosto de 2024, establece objetivos vinculantes para restaurar ecosistemas degradados en toda Europa, priorizando aquellos que pueden captar y absorber CO2, y para prevenir y reducir el impacto de desastres naturales.<\/span><\/p>\n<p><img loading=\"lazy\" decoding=\"async\" class=\"alignnone size-full wp-image-4881\" src=\"https:\/\/www.fbycc.org\/wp-content\/uploads\/2024\/09\/pexels-akilmazumder-1072824-scaled.jpg\" alt=\"\" width=\"2560\" height=\"1240\" srcset=\"https:\/\/www.fbycc.org\/wp-content\/uploads\/2024\/09\/pexels-akilmazumder-1072824-scaled.jpg 2560w, https:\/\/www.fbycc.org\/wp-content\/uploads\/2024\/09\/pexels-akilmazumder-1072824-300x145.jpg 300w, https:\/\/www.fbycc.org\/wp-content\/uploads\/2024\/09\/pexels-akilmazumder-1072824-1024x496.jpg 1024w, https:\/\/www.fbycc.org\/wp-content\/uploads\/2024\/09\/pexels-akilmazumder-1072824-768x372.jpg 768w, https:\/\/www.fbycc.org\/wp-content\/uploads\/2024\/09\/pexels-akilmazumder-1072824-1536x744.jpg 1536w, https:\/\/www.fbycc.org\/wp-content\/uploads\/2024\/09\/pexels-akilmazumder-1072824-2048x992.jpg 2048w\" sizes=\"auto, (max-width: 2560px) 100vw, 2560px\" \/><\/p>\n<p style=\"text-align: justify;\"><span style=\"font-size: 14pt;\">El objetivo principal consiste en restaurar ecosistemas, h\u00e1bitats y especies en las zonas terrestres y marinas de la UE, y para ello los Estados miembros establecer\u00e1n medidas de restauraci\u00f3n en al menos el <strong>20 % de las superficies terrestres<\/strong> y el <strong>20 % de las superficies marinas<\/strong> de la UE para <strong>2030<\/strong>. Para 2050, dichas medidas deber\u00edan estar en vigor para todos los ecosistemas que necesiten restauraci\u00f3n. Tambi\u00e9n exige mantener los espacios verdes urbanos y la cubierta forestal urbana y aumentarla despu\u00e9s de 2030.<\/span><\/p>\n<p style=\"text-align: justify;\"><span style=\"font-size: 14pt;\">El <strong>coste econ\u00f3mico de la degradaci\u00f3n de la naturaleza es muy elevado<\/strong>. Cada euro gastado en restauraci\u00f3n puede generar un retorno de la inversi\u00f3n de m\u00e1s de 8 euros, dependiendo del ecosistema. Solo los ecosistemas sanos y productivos pueden proporcionar los numerosos servicios de los que todos dependemos, incluida la resiliencia al cambio clim\u00e1tico y a los desastres naturales, como las sequ\u00edas y las inundaciones, as\u00ed como la seguridad alimentaria a largo plazo. <\/span><\/p>\n<p style=\"text-align: justify;\"><span style=\"font-size: 14pt;\">La <strong>bioeconom\u00eda<\/strong> tambi\u00e9n depende de la naturaleza para obtener sus recursos. La restauraci\u00f3n y el mantenimiento de la biodiversidad en los ecosistemas agr\u00edcolas, marinos, forestales y de otro tipo es econ\u00f3micamente rentable y permite una producci\u00f3n m\u00e1s resiliente y estable de productos agr\u00edcolas y pesqueros, as\u00ed como de madera y otros materiales para la bioeconom\u00eda.<\/span><\/p>\n<p><span style=\"font-size: 14pt;\"><img loading=\"lazy\" decoding=\"async\" class=\"wp-image-4877 alignright\" src=\"https:\/\/www.fbycc.org\/wp-content\/uploads\/2024\/09\/Grafico-datos-circulos-de-colores-y-bloques-profesional-blanco-1.png\" alt=\"\" width=\"495\" height=\"502\" srcset=\"https:\/\/www.fbycc.org\/wp-content\/uploads\/2024\/09\/Grafico-datos-circulos-de-colores-y-bloques-profesional-blanco-1.png 757w, https:\/\/www.fbycc.org\/wp-content\/uploads\/2024\/09\/Grafico-datos-circulos-de-colores-y-bloques-profesional-blanco-1-296x300.png 296w, https:\/\/www.fbycc.org\/wp-content\/uploads\/2024\/09\/Grafico-datos-circulos-de-colores-y-bloques-profesional-blanco-1-50x50.png 50w\" sizes=\"auto, (max-width: 495px) 100vw, 495px\" \/><span style=\"font-size: 14pt;\">La plena aplicaci\u00f3n de esta ley es crucial para:<\/span><\/span><\/p>\n<ul>\n<li><span style=\"font-size: 14pt;\">restaurar y frenar la p\u00e9rdida la biodiversidad en la UE<\/span><\/li>\n<li><span style=\"font-size: 14pt;\">alcanzar la neutralidad clim\u00e1tica para 2050 y lograr una adaptaci\u00f3n al cambio clim\u00e1tico<\/span><\/li>\n<li><span style=\"font-size: 14pt;\">mejorar la seguridad alimentaria y la seguridad h\u00eddrica de la UE<\/span><\/li>\n<li><span style=\"font-size: 14pt;\">contribuir a la consecuci\u00f3n, de aqu\u00ed a 2030, del objetivo de restablecer al menos 25 000 km de r\u00edos para que fluyan libremente<\/span><\/li>\n<li><span style=\"font-size: 14pt;\">contribuir a a revertir el declive de las poblaciones de polinizadores y a mejorar su diversidad<\/span><\/li>\n<li><span style=\"font-size: 14pt;\">cumplir el compromiso de plantar al menos tres mil millones de \u00e1rboles de aqu\u00ed a 2030<\/span><\/li>\n<li><span style=\"font-size: 14pt;\">fortalecer la resiliencia y la autonom\u00eda estrat\u00e9gica de Europa, previniendo desastres naturales<\/span><\/li>\n<\/ul>\n<p>&nbsp;<\/p>\n<p style=\"text-align: right;\"><span style=\"font-size: 8pt;\">Fuente:\u00a0<a href=\"https:\/\/www.eea.europa.eu\/soer\/publications\/soer-2020\" target=\"_blank\" rel=\"noopener\">Agencia Europea de Medio Ambiente<\/a> <\/span><\/p>\n<div class=\"tx-spacer clearfix\" style=\"height: 20px\"><\/div>\n<p><strong><span style=\"font-size: 18pt;\">Planes nacionales de restauraci\u00f3n<\/span><\/strong><\/p>\n<p style=\"text-align: justify;\"><span style=\"font-size: 14pt;\">Cada Estado miembro elaborar\u00e1 un<strong> plan nacional de restauraci\u00f3n<\/strong> en el que se establecer\u00e1n las necesidades de restauraci\u00f3n y las medidas para cumplir las obligaciones y alcanzar los objetivos de la ley adaptados al contexto nacional y teniendo en cuenta la diversidad de las distintas regiones.\u00a0<\/span><\/p>\n<p style=\"text-align: justify;\"><span style=\"font-size: 14pt;\">Los planes nacionales de restauraci\u00f3n deben incluir un calendario de ejecuci\u00f3n, los recursos financieros necesarios y los medios de financiaci\u00f3n previstos, as\u00ed como los beneficios previstos, especialmente en materia de adaptaci\u00f3n y mitigaci\u00f3n del cambio clim\u00e1tico.<\/span><\/p>\n<p style=\"text-align: justify;\"><span style=\"font-size: 14pt;\">Se debe presentar un proyecto de plan en el plazo de dos a\u00f1os a partir de la fecha de entrada en vigor de la ley, en el que se establezcan los hitos para <strong>2030<\/strong>, <strong>2040<\/strong> y <strong>2050<\/strong>. Estos planes deben elaborarte con transparencia, permitiendo que el p\u00fablico y todas las partes interesadas pertinentes participen en el proceso.<\/span><\/p>\n<p style=\"text-align: justify;\"><span style=\"font-size: 14pt;\">La Comisi\u00f3n Europea revisar\u00e1 los planes de restauraci\u00f3n de los Estados miembros y har\u00e1 observaciones que deber\u00e1n ser incorporadas antes de su publicaci\u00f3n. La Agencia Europea de Medio Ambiente elaborar\u00e1 informes peri\u00f3dicos sobre los avances, y los planes deber\u00e1n revisarse en 2032 y 2042. Los Estados miembros podr\u00e1n financiar sus planes con fondos p\u00fablicos y privados, incluyendo recursos de la UE como la pol\u00edtica agr\u00edcola com\u00fan, fondos regionales, el programa LIFE, Horizonte Europa y el Fondo Europeo Mar\u00edtimo, de Pesca y Acuicultura.<\/span><\/p>\n<div class=\"tx-spacer clearfix\" style=\"height: 20px\"><\/div>\n<p><strong><span style=\"font-size: 18pt;\">Objetivos y obligaciones espec\u00edficas<\/span><\/strong><\/p>\n<p style=\"text-align: justify;\"><span style=\"font-size: 14pt;\">El Reglamento establece objetivos de restauraci\u00f3n cuantificados y limitados en el tiempo para los h\u00e1bitats incluidos en el Anexo I de la Directiva de H\u00e1bitats (incluidos los h\u00e1bitats forestales, las turberas, los pastizales, los r\u00edos y los lagos), as\u00ed como objetivos para los h\u00e1bitats de especies protegidas en virtud de las Directivas de H\u00e1bitats y de Aves, y objetivos de restauraci\u00f3n para los h\u00e1bitats marinos esenciales contemplados en las Directivas de naturaleza y la Directiva Marco sobre la Estrategia Marina. \u00a0<\/span><\/p>\n<p><span style=\"font-size: 14pt;\">Adem\u00e1s, para garantizar la prestaci\u00f3n continua de servicios ecosist\u00e9micos a los ciudadanos europeos, la ley exige que los Estados miembros:<\/span><\/p>\n<div class=\"group\/conversation-turn relative flex w-full min-w-0 flex-col agent-turn\">\n<div class=\"flex-col gap-1 md:gap-3\">\n<div class=\"flex max-w-full flex-col flex-grow\">\n<div class=\"min-h-[20px] text-message flex w-full flex-col items-end gap-2 whitespace-normal break-words [.text-message+&amp;]:mt-5\" dir=\"auto\" data-message-author-role=\"assistant\" data-message-id=\"4e005cb3-c581-4c62-b6e8-997f7e5c977f\">\n<div class=\"flex w-full flex-col gap-1 empty:hidden first:pt-[3px]\">\n<div class=\"markdown prose w-full break-words dark:prose-invert light\">\n<ul>\n<li><span style=\"font-size: 14pt;\">Frenar la disminuci\u00f3n de zonas verdes urbanas, ampliando estos espacios y la cobertura arb\u00f3rea en las ciudades<\/span><\/li>\n<li><span style=\"font-size: 14pt;\">Restaurar la conectividad de los r\u00edos y las funciones de las llanuras de inundaci\u00f3n<\/span><\/li>\n<li><span style=\"font-size: 14pt;\">Revertir el declive de los polinizadores<\/span><\/li>\n<li><span style=\"font-size: 14pt;\">Restaurar las turberas destinadas al uso agr\u00edcola<\/span><\/li>\n<li><span style=\"font-size: 14pt;\">Implementar medidas que aumenten las poblaciones de aves en tierras agr\u00edcolas y mejorar otros indicadores clave de biodiversidad<\/span><\/li>\n<li><span style=\"font-size: 14pt;\">Mejorar la biodiversidad en ecosistemas forestales<\/span><\/li>\n<li><span style=\"font-size: 14pt;\">Contribuir a la meta de la UE de plantar tres mil millones de \u00e1rboles adicionales para 2030<\/span><\/li>\n<\/ul>\n<div class=\"tx-spacer clearfix\" style=\"height: 20px\"><\/div>\n<p><strong><span style=\"font-size: 18pt;\">Para m\u00e1s informaci\u00f3n<\/span><\/strong><\/p>\n<p><span style=\"font-size: 14pt;\"><a href=\"https:\/\/eur-lex.europa.eu\/legal-content\/EN\/TXT\/?uri=CELEX%3A32024R1991&amp;qid=1722240349976\">Reglamento sobre la Restauraci\u00f3n de la Naturaleza<\/a><\/span><\/p>\n<\/div>\n<p><span style=\"font-size: 14pt;\"><a href=\"https:\/\/environment.ec.europa.eu\/topics\/nature-and-biodiversity\/nature-restoration-law_en\">P\u00e1gina web de la Ley de Restauraci\u00f3n de la Naturaleza<\/a>\u00a0<\/span><\/p>\n<\/div>\n<\/div>\n<\/div>\n<\/div>\n<\/div>\n<p><span style=\"font-size: 10pt;\">Esta noticia ha sido redactada con informaci\u00f3n proveniente del <a href=\"https:\/\/environment.ec.europa.eu\/news\/nature-restoration-law-enters-force-2024-08-15_en#:~:text=The%20regulation%20sets%20binding%20targets,the%20impact%20of%20natural%20disasters.&amp;text=The%20Regulation%20on%20Nature%20Restoration,on%20Sunday%20(18%20August)\">sitio oficial de la Uni\u00f3n Europea<\/a><\/span><\/p>\n","protected":false},"excerpt":{"rendered":"<p>Ya est\u00e1 aqu\u00ed la Ley de Restauraci\u00f3n de la Naturaleza con objetivos vinculantes para 2030 La ley de Restauraci\u00f3n de la Naturaleza de la UE, que entr\u00f3 en vigor el pasado 18<a class=\"moretag\" href=\"https:\/\/www.fbycc.org\/index.php\/2024\/09\/24\/entra-en-vigor-la-ley-de-restauracion-de-la-naturaleza\/\">Leer m\u00e1s&#8230;<\/a><\/p>\n","protected":false},"author":5,"featured_media":0,"comment_status":"closed","ping_status":"open","sticky":false,"template":"","format":"standard","meta":{"_monsterinsights_skip_tracking":false,"_monsterinsights_sitenote_active":false,"_monsterinsights_sitenote_note":"","_monsterinsights_sitenote_category":0,"footnotes":""},"categories":[11],"tags":[16,17,185,253,41],"class_list":["post-4848","post","type-post","status-publish","format-standard","hentry","category-noticias","tag-bosques","tag-cambio-climatico","tag-reglamento-de-restauracion-de-la-naturaleza","tag-restauracion","tag-union-europea"],"_links":{"self":[{"href":"https:\/\/www.fbycc.org\/index.php\/wp-json\/wp\/v2\/posts\/4848","targetHints":{"allow":["GET"]}}],"collection":[{"href":"https:\/\/www.fbycc.org\/index.php\/wp-json\/wp\/v2\/posts"}],"about":[{"href":"https:\/\/www.fbycc.org\/index.php\/wp-json\/wp\/v2\/types\/post"}],"author":[{"embeddable":true,"href":"https:\/\/www.fbycc.org\/index.php\/wp-json\/wp\/v2\/users\/5"}],"replies":[{"embeddable":true,"href":"https:\/\/www.fbycc.org\/index.php\/wp-json\/wp\/v2\/comments?post=4848"}],"version-history":[{"count":40,"href":"https:\/\/www.fbycc.org\/index.php\/wp-json\/wp\/v2\/posts\/4848\/revisions"}],"predecessor-version":[{"id":4954,"href":"https:\/\/www.fbycc.org\/index.php\/wp-json\/wp\/v2\/posts\/4848\/revisions\/4954"}],"wp:attachment":[{"href":"https:\/\/www.fbycc.org\/index.php\/wp-json\/wp\/v2\/media?parent=4848"}],"wp:term":[{"taxonomy":"category","embeddable":true,"href":"https:\/\/www.fbycc.org\/index.php\/wp-json\/wp\/v2\/categories?post=4848"},{"taxonomy":"post_tag","embeddable":true,"href":"https:\/\/www.fbycc.org\/index.php\/wp-json\/wp\/v2\/tags?post=4848"}],"curies":[{"name":"wp","href":"https:\/\/api.w.org\/{rel}","templated":true}]}}