{"id":4702,"date":"2024-06-24T09:30:26","date_gmt":"2024-06-24T09:30:26","guid":{"rendered":"https:\/\/www.fbycc.org\/?p=4702"},"modified":"2024-09-24T09:53:07","modified_gmt":"2024-09-24T09:53:07","slug":"nueva-actualizacion-del-visor-adaptecca","status":"publish","type":"post","link":"https:\/\/www.fbycc.org\/index.php\/2024\/06\/24\/nueva-actualizacion-del-visor-adaptecca\/","title":{"rendered":"Nueva Actualizaci\u00f3n del Visor AdapteCCa"},"content":{"rendered":"<div class=\"tx-spacer clearfix\" style=\"height: 20px\"><\/div>\n<p style=\"text-align: center;\"><span style=\"font-size: 25pt;\"><strong>Nueva Actualizaci\u00f3n del Visor de Escenarios de Cambio <\/strong><strong>Clim\u00e1tico de AdapteCCa<\/strong><\/span><\/p>\n<p style=\"text-align: justify;\"><span style=\"font-size: 14pt;\">En junio de 2024, el Grupo de Trabajo de Escenarios-PNACC, compuesto por la Oficina Espa\u00f1ola de Cambio Clim\u00e1tico (OECC), la Agencia Estatal de Meteorolog\u00eda (AEMET), el Consejo Superior de Investigaciones Cient\u00edficas (CSIC) y la Fundaci\u00f3n Biodiversidad, ha lanzado una importante actualizaci\u00f3n del <a href=\"https:\/\/escenarios.adaptecca.es\/?utm_campaign=actualizacion-del-visor-escenarios-cc&amp;utm_medium=email&amp;utm_source=acumbamail#&amp;model=EURO-CORDEX-EQM.average&amp;variable=tasmax&amp;scenario=rcp85&amp;temporalFilter=year&amp;layers=AREAS&amp;period=MEDIUM_FUTURE&amp;anomaly=RAW_VALUE\"><span style=\"color: #8aaa62;\"><strong>Visor de Escenarios de Cambio Clim\u00e1tico de AdapteCCa<\/strong><\/span><\/a>. En su nueva versi\u00f3n, esta herramienta que permite a cualquier usuario consultar proyecciones regionalizadas de cambio clim\u00e1tico para Espa\u00f1a, incluye <em>mejoras<\/em> significativas <em>en la informaci\u00f3n proporcionada<\/em>, tanto <em>en la resoluci\u00f3n<\/em> como <em>en la metodolog\u00eda de c\u00e1lculo<\/em> de los datos, y presenta una versi\u00f3n m\u00e1s completa de la <em>gu\u00eda de buenas pr\u00e1cticas de uso<\/em>.<\/span><\/p>\n<p><a href=\"https:\/\/escenarios.adaptecca.es\/?utm_campaign=actualizacion-del-visor-escenarios-cc&amp;utm_medium=email&amp;utm_source=acumbamail#&amp;model=EURO-CORDEX-EQM.average&amp;variable=tasmax&amp;scenario=rcp85&amp;temporalFilter=year&amp;layers=AREAS&amp;period=MEDIUM_FUTURE&amp;anomaly=RAW_VALUE\"><img loading=\"lazy\" decoding=\"async\" class=\"alignnone\" src=\"https:\/\/images.acmbtrc.com\/images\/acumbamail_9fYZznZBUpWiIjcgu5tH\/captura%20visor%20escenarios.PNG\" alt=\"Texto alternativo\" width=\"1351\" height=\"652\" \/><\/a><\/p>\n<div class=\"tx-spacer clearfix\" style=\"height: 20px\"><\/div>\n<p style=\"text-align: justify;\"><span style=\"font-size: 14pt;\">Entre las principales novedades de esta actualizaci\u00f3n destacan:<\/span><\/p>\n<ul>\n<li style=\"text-align: justify;\"><span style=\"font-size: 14pt;\"><strong>Resoluci\u00f3n mejorada<\/strong>: Los valores ajustados ahora se presentan en una rejilla de mayor resoluci\u00f3n (5 km), utilizando la nueva rejilla observacional ROCIO_IBEB desarrollada por AEMET.<\/span><\/li>\n<li style=\"text-align: justify;\"><span style=\"font-size: 14pt;\"><strong>Mayor n\u00famero de modelos<\/strong>: Se ha ampliado el n\u00famero de modelos de EUROCORDEX, anidados a las proyecciones globales de CMIP5, e incluyendo el conjunto completo utilizado en el \u00faltimo informe del IPCC-AR6 para el an\u00e1lisis regional de cambio clim\u00e1tico.<\/span><\/li>\n<li style=\"text-align: justify;\"><span style=\"font-size: 14pt;\"><strong>Nuevo m\u00e9todo de ajuste de sesgos<\/strong>: Se han corregido los problemas de la antigua metodolog\u00eda de ajuste de sesgos mediante un nuevo m\u00e9todo que preserva las tendencias, proporcionando informaci\u00f3n m\u00e1s precisa y confiable.<\/span><\/li>\n<\/ul>\n<div class=\"tx-spacer clearfix\" style=\"height: 20px\"><\/div>\n<p style=\"text-align: justify;\"><span style=\"font-size: 14pt;\">A pesar de las mejoras, algunos conjuntos de datos de la versi\u00f3n anterior del Visor ya no est\u00e1n disponibles en esta nueva versi\u00f3n. Sin embargo, estos datos a\u00fan pueden ser accesibles para aquellos usuarios que los necesiten. La <a href=\"https:\/\/escenariosold.adaptecca.es\/#&amp;model=EURO-CORDEX-EQM.average&amp;variable=tasmax&amp;scenario=rcp85&amp;temporalFilter=year&amp;layers=AREAS&amp;period=MEDIUM_FUTURE&amp;anomaly=RAW_VALUE\">versi\u00f3n anterior<\/a> incluye datos originales y ajustados de EURO-CORDEX con la metodolog\u00eda previa de correcci\u00f3n de sesgos, as\u00ed como datos sobre variables de velocidad y direcci\u00f3n del viento y humedad relativa.<\/span><\/p>\n<p style=\"text-align: justify;\"><span style=\"font-size: 14pt;\">La actualizaci\u00f3n del Visor de Escenarios de Cambio Clim\u00e1tico de AdapteCCa <em>es una medida clave del primer Programa de Trabajo del Plan Nacional de Adaptaci\u00f3n al Cambio Clim\u00e1tico 2021-2030 (PNACC)<\/em>. Su objetivo es ofrecer a la comunidad de adaptaci\u00f3n la mejor informaci\u00f3n disponible sobre proyecciones regionalizadas y responder adecuadamente a las necesidades de datos para la adaptaci\u00f3n.<\/span><\/p>\n<p style=\"text-align: justify;\"><span style=\"font-size: 14pt;\">En los pr\u00f3ximos meses, se prev\u00e9 la inclusi\u00f3n de nuevas proyecciones regionalizadas basadas en los datos de la \u00faltima generaci\u00f3n de proyecciones globales (CMIP6), as\u00ed como otras mejoras que facilitar\u00e1n la consulta e interpretaci\u00f3n de los datos. Todas las actualizaciones estar\u00e1n disponibles en el apartado de Novedades del visor.<\/span><\/p>\n<p>&nbsp;<\/p>\n<p><span style=\"font-size: 10pt;\">Esta noticia ha sido redactada con informaci\u00f3n proveniente de la <a href=\"https:\/\/fundacion-biodiversidad.emlmkt.com\/show\/2731290\/FTid025GicEOPnn3ON5ofp\/4194de3c69927ac519ac2e260ff045ac\/\" target=\"_new\" rel=\"noreferrer noopener\">Fundaci\u00f3n Biodiversidad<\/a> y del <a href=\"https:\/\/escenarios.adaptecca.es\/?utm_campaign=actualizacion-del-visor-escenarios-cc&amp;utm_medium=email&amp;utm_source=acumbamail#&amp;model=EURO-CORDEX-EQM.average&amp;variable=tasmax&amp;scenario=rcp85&amp;temporalFilter=year&amp;layers=AREAS&amp;period=MEDIUM_FUTURE&amp;anomaly=RAW_VALUE\" target=\"_new\" rel=\"noreferrer noopener\">Visor de Escenarios de Cambio Clim\u00e1tico de AdapteCCa<\/a>.<\/span><\/p>\n<p>&nbsp;<\/p>\n","protected":false},"excerpt":{"rendered":"<p>Nueva Actualizaci\u00f3n del Visor de Escenarios de Cambio Clim\u00e1tico de AdapteCCa En junio de 2024, el Grupo de Trabajo de Escenarios-PNACC, compuesto por la Oficina Espa\u00f1ola de Cambio Clim\u00e1tico (OECC), la Agencia<a class=\"moretag\" href=\"https:\/\/www.fbycc.org\/index.php\/2024\/06\/24\/nueva-actualizacion-del-visor-adaptecca\/\">Leer m\u00e1s&#8230;<\/a><\/p>\n","protected":false},"author":5,"featured_media":0,"comment_status":"closed","ping_status":"open","sticky":false,"template":"","format":"standard","meta":{"_monsterinsights_skip_tracking":false,"_monsterinsights_sitenote_active":false,"_monsterinsights_sitenote_note":"","_monsterinsights_sitenote_category":0,"footnotes":""},"categories":[11],"tags":[129,243,17,203,244,240],"class_list":["post-4702","post","type-post","status-publish","format-standard","hentry","category-noticias","tag-adaptacion","tag-adaptecca","tag-cambio-climatico","tag-clima","tag-pnacc","tag-visor"],"_links":{"self":[{"href":"https:\/\/www.fbycc.org\/index.php\/wp-json\/wp\/v2\/posts\/4702","targetHints":{"allow":["GET"]}}],"collection":[{"href":"https:\/\/www.fbycc.org\/index.php\/wp-json\/wp\/v2\/posts"}],"about":[{"href":"https:\/\/www.fbycc.org\/index.php\/wp-json\/wp\/v2\/types\/post"}],"author":[{"embeddable":true,"href":"https:\/\/www.fbycc.org\/index.php\/wp-json\/wp\/v2\/users\/5"}],"replies":[{"embeddable":true,"href":"https:\/\/www.fbycc.org\/index.php\/wp-json\/wp\/v2\/comments?post=4702"}],"version-history":[{"count":17,"href":"https:\/\/www.fbycc.org\/index.php\/wp-json\/wp\/v2\/posts\/4702\/revisions"}],"predecessor-version":[{"id":5414,"href":"https:\/\/www.fbycc.org\/index.php\/wp-json\/wp\/v2\/posts\/4702\/revisions\/5414"}],"wp:attachment":[{"href":"https:\/\/www.fbycc.org\/index.php\/wp-json\/wp\/v2\/media?parent=4702"}],"wp:term":[{"taxonomy":"category","embeddable":true,"href":"https:\/\/www.fbycc.org\/index.php\/wp-json\/wp\/v2\/categories?post=4702"},{"taxonomy":"post_tag","embeddable":true,"href":"https:\/\/www.fbycc.org\/index.php\/wp-json\/wp\/v2\/tags?post=4702"}],"curies":[{"name":"wp","href":"https:\/\/api.w.org\/{rel}","templated":true}]}}