{"id":4637,"date":"2024-06-19T10:28:20","date_gmt":"2024-06-19T10:28:20","guid":{"rendered":"https:\/\/www.fbycc.org\/?p=4637"},"modified":"2024-06-19T10:28:43","modified_gmt":"2024-06-19T10:28:43","slug":"nueva-colaboracion-publico-privada-para-impulsar-la-gestion-forestal","status":"publish","type":"post","link":"https:\/\/www.fbycc.org\/index.php\/2024\/06\/19\/nueva-colaboracion-publico-privada-para-impulsar-la-gestion-forestal\/","title":{"rendered":"Nueva colaboraci\u00f3n P\u00fablico-Privada para impulsar la Gesti\u00f3n Forestal"},"content":{"rendered":"<p style=\"text-align: center;\"><span style=\"font-size: 28pt;\"><strong>La Fundaci\u00f3n G\u00f3mez-Pintado y el Foro de Bosques y<br \/>\nCambio Clim\u00e1tico celebran una Jornada sobre<br \/>\nEntidades Selv\u00edcolas de Colaboraci\u00f3n<\/strong><\/span><\/p>\n<p style=\"text-align: justify;\"><span style=\"font-size: 14pt;\">El pasado 31 de mayo de 2024, la <a href=\"https:\/\/fundaciongomez-pintado.com\/\">Fundaci\u00f3n G\u00f3mez-Pintado<\/a> y el <a href=\"https:\/\/www.fbycc.org\/\">Foro de Bosques y Cambio Clim\u00e1tico<\/a> organizaron la jornada <a href=\"https:\/\/www.fbycc.org\/index.php\/jornadas\/jornada-31-de-mayo-entidades-selvicolas-de-colaboracion-esc\/\"><span style=\"color: #8aaa62;\"><strong>\u201cEntidades Selv\u00edcolas de Colaboraci\u00f3n (ESC): <em>una ventana de oportunidad para el sector forestal espa\u00f1ol<\/em>\u201d<\/strong><\/span><\/a> en el sal\u00f3n de actos del Colegio Oficial de Aparejadores y Arquitectos T\u00e9cnicos de Madrid (COAATM).\u00a0<\/span><span style=\"font-size: 14pt;\">La jornada se centr\u00f3 en la propuesta de las <strong>Entidades Selv\u00edcolas de Colaboraci\u00f3n (ESC)<\/strong>, inspiradas en las exitosas Entidades Colaboradoras Urban\u00edsticas (ECUs). Esta nueva figura busca <strong><em>equilibrar la demanda y oferta de madera, fomentando la sostenibilidad y salud de las masas forestales a trav\u00e9s de la colaboraci\u00f3n p\u00fablico-privada<\/em><\/strong>. Durante 2023, se realiz\u00f3 un an\u00e1lisis exhaustivo de los impactos socioecon\u00f3micos y ambientales de implementar las ESC en diversas comunidades aut\u00f3nomas, confirmando su viabilidad jur\u00eddica.<\/span><\/p>\n<p style=\"text-align: justify;\"><span style=\"font-size: 14pt;\"><br \/>\n<img loading=\"lazy\" decoding=\"async\" class=\"alignleft wp-image-4672\" src=\"https:\/\/www.fbycc.org\/wp-content\/uploads\/2024\/06\/A0.png\" alt=\"\" width=\"497\" height=\"443\" srcset=\"https:\/\/www.fbycc.org\/wp-content\/uploads\/2024\/06\/A0.png 1414w, https:\/\/www.fbycc.org\/wp-content\/uploads\/2024\/06\/A0-300x267.png 300w, https:\/\/www.fbycc.org\/wp-content\/uploads\/2024\/06\/A0-1024x912.png 1024w, https:\/\/www.fbycc.org\/wp-content\/uploads\/2024\/06\/A0-768x684.png 768w\" sizes=\"auto, (max-width: 497px) 100vw, 497px\" \/>El evento cont\u00f3 con la participaci\u00f3n de destacados ponentes, quienes abordaron diferentes aspectos de las ESC. La apertura corri\u00f3 a cargo de <span style=\"color: #8aaa62;\">Jes\u00fas Pa\u00f1os Arroyo<\/span>, presidente del COAATM, seguido por <span style=\"color: #8aaa62;\">Juan Antonio G\u00f3mez-Pintado<\/span> y <span style=\"color: #8aaa62;\">Germ\u00e1n Glar\u00eda Galcer\u00e1n<\/span>, presidentes de las entidades organizadoras. En sus intervenciones, destacaron los desaf\u00edos del sector de la edificaci\u00f3n, como la falta de acceso a la vivienda y la escasez de mano de obra, subrayando la necesidad de industrializar los procesos constructivos. La colaboraci\u00f3n p\u00fablico-privada se present\u00f3 como una soluci\u00f3n viable para superar los cuellos de botella en la gesti\u00f3n forestal. Y se enfatiz\u00f3 que esta colaboraci\u00f3n no solo beneficiar\u00e1 al sector forestal, proporcionando una gesti\u00f3n m\u00e1s eficiente y sostenible, sino que tambi\u00e9n impulsar\u00e1 la edificaci\u00f3n, contribuyendo a solucionar la problem\u00e1tica del acceso a la vivienda.<\/span><\/p>\n<div class=\"tx-spacer clearfix\" style=\"height: 24px\"><\/div>\n<p style=\"text-align: justify;\"><span style=\"font-size: 14pt;\">Tras la apertura, la primera ponencia fue de la mano de <span style=\"color: #8aaa62;\">Ana Rodr\u00edguez-Olalla<\/span>, consultora de sostenibilidad, cambio clim\u00e1tico y finanzas sostenibles de Analistas Financieros Internacionales (AFI), quien subray\u00f3 el potencial del sector forestal en Espa\u00f1a, que cuenta con una gran masa forestal pero necesita mejorar en la extracci\u00f3n de madera y su valor productivo. Adem\u00e1s, present\u00f3 un informe sobre los impactos socioecon\u00f3micos y ambientales de las ESC, resaltando su potencial para incrementar la producci\u00f3n nacional de madera y reducir la dependencia de importaciones.<\/span><\/p>\n<p style=\"text-align: justify;\"><span style=\"font-size: 14pt;\">La jornada continu\u00f3 con un an\u00e1lisis de la viabilidad legal de las ESC, de la mano de <span style=\"color: #8aaa62;\">Jes\u00fas A. Sedano Lorenzo<\/span>, abogado especialista en medio ambiente y desarrollo sostenible del despacho de abogados Ur\u00eda Men\u00e9ndez, destacando que estas entidades podr\u00edan operar sin cambios significativos en la normativa estatal, con adaptaciones en las leyes auton\u00f3micas de montes. Se tratar\u00eda de entidades de derecho privado que colaboran con la administraci\u00f3n, manteniendo esta \u00faltima el control y la supervisi\u00f3n.<\/span><\/p>\n<p><img loading=\"lazy\" decoding=\"async\" class=\"alignnone size-full wp-image-4685\" src=\"https:\/\/www.fbycc.org\/wp-content\/uploads\/2024\/06\/0021.png\" alt=\"\" width=\"1414\" height=\"501\" srcset=\"https:\/\/www.fbycc.org\/wp-content\/uploads\/2024\/06\/0021.png 1414w, https:\/\/www.fbycc.org\/wp-content\/uploads\/2024\/06\/0021-300x106.png 300w, https:\/\/www.fbycc.org\/wp-content\/uploads\/2024\/06\/0021-1024x363.png 1024w, https:\/\/www.fbycc.org\/wp-content\/uploads\/2024\/06\/0021-768x272.png 768w\" sizes=\"auto, (max-width: 1414px) 100vw, 1414px\" \/><\/p>\n<div class=\"tx-spacer clearfix\" style=\"height: 16px\"><\/div>\n<p style=\"text-align: justify;\"><span style=\"font-size: 14pt;\"><span style=\"color: #8aaa62;\">Juan Picos<\/span>, director de la Escuela de Ingenier\u00eda Forestal de Pontevedra, destac\u00f3 la sobrecarga de los servicios forestales y la creciente complejidad de los tr\u00e1mites administrativos y del mercado. Se\u00f1al\u00f3 que las ESC pueden ser una herramienta valiosa para movilizar el recurso de madera y superar los cuellos de botella regulatorios, legales y financieros, aprovechando el potencial de los recursos forestales.<\/span><\/p>\n<p style=\"text-align: justify;\"><span style=\"font-size: 14pt;\"><span style=\"color: #8aaa62;\">Bel\u00e9n Velasco Sard\u00f3n<\/span>, directora t\u00e9cnica de la Sociedad T\u00e9cnica de Tramitaci\u00f3n (STT Madrid) y <span style=\"color: #8aaa62;\">Jos\u00e9 Mar\u00eda Ortega Ant\u00f3n<\/span>, coordinador general de la Gerencia Municipal de Urbanismo del Ayuntamiento de Madrid, compartieron la experiencia y beneficios de las ECUs en el sector urban\u00edstico. Velasco explic\u00f3 la historia y funcionamiento de estas entidades en Madrid, y su tarea de revisi\u00f3n de documentaci\u00f3n t\u00e9cnica y emisi\u00f3n de certificados de conformidad para licencias y declaraciones responsables. Ortega habl\u00f3 de los requisitos que deben cumplir las ECUs en la Comunidad de Madrid y destac\u00f3 que esta colaboraci\u00f3n ha mejorado los tiempos de tramitaci\u00f3n y ha aumentado la satisfacci\u00f3n tanto de los ciudadanos como del Ayuntamiento.<\/span><\/p>\n<p><img loading=\"lazy\" decoding=\"async\" class=\"alignnone size-full wp-image-4687\" src=\"https:\/\/www.fbycc.org\/wp-content\/uploads\/2024\/06\/003.png\" alt=\"\" width=\"1409\" height=\"376\" srcset=\"https:\/\/www.fbycc.org\/wp-content\/uploads\/2024\/06\/003.png 1409w, https:\/\/www.fbycc.org\/wp-content\/uploads\/2024\/06\/003-300x80.png 300w, https:\/\/www.fbycc.org\/wp-content\/uploads\/2024\/06\/003-1024x273.png 1024w, https:\/\/www.fbycc.org\/wp-content\/uploads\/2024\/06\/003-768x205.png 768w\" sizes=\"auto, (max-width: 1409px) 100vw, 1409px\" \/><\/p>\n<div class=\"tx-spacer clearfix\" style=\"height: 16px\"><\/div>\n<p style=\"text-align: justify;\"><span style=\"font-size: 14pt;\">La jornada concluy\u00f3 con una mesa ronda de preguntas moderada por <span style=\"color: #8aaa62;\">\u00c1lvaro Picardo<\/span>, secretario del Foro de Bosques y Cambio Clim\u00e1tico, y <span style=\"color: #8aaa62;\">Jos\u00e9 Luis Tom\u00e9<\/span>, director gerente de AGRESTA. Se discuti\u00f3 la necesidad de digitalizaci\u00f3n, la creaci\u00f3n de empleo en comunidades afectadas por la despoblaci\u00f3n, y la importancia de tarifas oficiales aprobadas para garantizar un mercado justo. Se coment\u00f3 que las entidades selv\u00edcolas se perciben como una oportunidad para agilizar procesos y mejorar la gesti\u00f3n, pero que esto requiere un esfuerzo significativo por parte de las administraciones p\u00fablicas y un an\u00e1lisis detallado de los costos y beneficios. Carmen Avil\u00e9s, de la Universidad Polit\u00e9cnica de Madrid, enfatiz\u00f3 la urgencia de aumentar la extracci\u00f3n de madera para satisfacer la demanda de la construcci\u00f3n y la bioeconom\u00eda, se\u00f1alando la fragmentaci\u00f3n y necesidad de innovaci\u00f3n en las empresas forestales.<\/span><\/p>\n<p><img loading=\"lazy\" decoding=\"async\" class=\"alignnone size-full wp-image-4689\" src=\"https:\/\/www.fbycc.org\/wp-content\/uploads\/2024\/06\/004.png\" alt=\"\" width=\"1414\" height=\"548\" srcset=\"https:\/\/www.fbycc.org\/wp-content\/uploads\/2024\/06\/004.png 1414w, https:\/\/www.fbycc.org\/wp-content\/uploads\/2024\/06\/004-300x116.png 300w, https:\/\/www.fbycc.org\/wp-content\/uploads\/2024\/06\/004-1024x397.png 1024w, https:\/\/www.fbycc.org\/wp-content\/uploads\/2024\/06\/004-768x298.png 768w\" sizes=\"auto, (max-width: 1414px) 100vw, 1414px\" \/><\/p>\n<div class=\"tx-spacer clearfix\" style=\"height: 16px\"><\/div>\n<p style=\"text-align: justify;\"><span style=\"font-size: 14pt;\">En resumen, la jornada subray\u00f3 la importancia de esta nueva figura de colaboraci\u00f3n p\u00fablico-privada para mejorar la gesti\u00f3n forestal sostenible en Espa\u00f1a. Y la necesidad de innovaci\u00f3n, colaboraci\u00f3n y una regulaci\u00f3n adecuada se destac\u00f3 como crucial para aprovechar el potencial de los recursos forestales, siempre teniendo en cuenta la sostenibilidad y la conservaci\u00f3n del medio ambiente.<\/span><\/p>\n<div class=\"tx-spacer clearfix\" style=\"height: 16px\"><\/div>\n<p><span style=\"font-size: 14pt;\">Si quieres ver la grabaci\u00f3n de cada una de las intervenciones en las Jornadas, pincha en el siguiente enlace:<\/span><\/p>\n<p><span style=\"font-size: 14pt;\"><strong><a href=\"https:\/\/www.fbycc.org\/index.php\/jornadas\/jornada-31-de-mayo-entidades-selvicolas-de-colaboracion-esc\/\">Jornada 31 de mayo. \u2018ENTIDADES SELV\u00cdCOLAS DE COLABORACI\u00d3N (ESC)\u2019<\/a><\/strong><\/span><\/p>\n<p>&nbsp;<\/p>\n<p>&nbsp;<\/p>\n","protected":false},"excerpt":{"rendered":"<p>La Fundaci\u00f3n G\u00f3mez-Pintado y el Foro de Bosques y Cambio Clim\u00e1tico celebran una Jornada sobre Entidades Selv\u00edcolas de Colaboraci\u00f3n El pasado 31 de mayo de 2024, la Fundaci\u00f3n G\u00f3mez-Pintado y el Foro<a class=\"moretag\" href=\"https:\/\/www.fbycc.org\/index.php\/2024\/06\/19\/nueva-colaboracion-publico-privada-para-impulsar-la-gestion-forestal\/\">Leer m\u00e1s&#8230;<\/a><\/p>\n","protected":false},"author":5,"featured_media":0,"comment_status":"closed","ping_status":"open","sticky":false,"template":"","format":"standard","meta":{"_monsterinsights_skip_tracking":false,"_monsterinsights_sitenote_active":false,"_monsterinsights_sitenote_note":"","_monsterinsights_sitenote_category":0,"footnotes":""},"categories":[11],"tags":[238,87,60,16,17,108,239,236,109,88,132,237],"class_list":["post-4637","post","type-post","status-publish","format-standard","hentry","category-noticias","tag-administracion","tag-bioeconomia","tag-biomasa","tag-bosques","tag-cambio-climatico","tag-carbono","tag-colaboracion-publico-privada","tag-entidades-selvicolas-de-colaboracion","tag-gestion-forestal","tag-madera","tag-mitigacion","tag-selvicultura"],"_links":{"self":[{"href":"https:\/\/www.fbycc.org\/index.php\/wp-json\/wp\/v2\/posts\/4637","targetHints":{"allow":["GET"]}}],"collection":[{"href":"https:\/\/www.fbycc.org\/index.php\/wp-json\/wp\/v2\/posts"}],"about":[{"href":"https:\/\/www.fbycc.org\/index.php\/wp-json\/wp\/v2\/types\/post"}],"author":[{"embeddable":true,"href":"https:\/\/www.fbycc.org\/index.php\/wp-json\/wp\/v2\/users\/5"}],"replies":[{"embeddable":true,"href":"https:\/\/www.fbycc.org\/index.php\/wp-json\/wp\/v2\/comments?post=4637"}],"version-history":[{"count":33,"href":"https:\/\/www.fbycc.org\/index.php\/wp-json\/wp\/v2\/posts\/4637\/revisions"}],"predecessor-version":[{"id":4698,"href":"https:\/\/www.fbycc.org\/index.php\/wp-json\/wp\/v2\/posts\/4637\/revisions\/4698"}],"wp:attachment":[{"href":"https:\/\/www.fbycc.org\/index.php\/wp-json\/wp\/v2\/media?parent=4637"}],"wp:term":[{"taxonomy":"category","embeddable":true,"href":"https:\/\/www.fbycc.org\/index.php\/wp-json\/wp\/v2\/categories?post=4637"},{"taxonomy":"post_tag","embeddable":true,"href":"https:\/\/www.fbycc.org\/index.php\/wp-json\/wp\/v2\/tags?post=4637"}],"curies":[{"name":"wp","href":"https:\/\/api.w.org\/{rel}","templated":true}]}}