{"id":4574,"date":"2024-06-05T17:14:06","date_gmt":"2024-06-05T17:14:06","guid":{"rendered":"https:\/\/www.fbycc.org\/?p=4574"},"modified":"2024-06-13T06:54:09","modified_gmt":"2024-06-13T06:54:09","slug":"presentacion-del-iv-estudio-evolucion-de-la-percepcion-de-los-avances-en-la-espana-rural-en-el-ano-2023-2024","status":"publish","type":"post","link":"https:\/\/www.fbycc.org\/index.php\/2024\/06\/05\/presentacion-del-iv-estudio-evolucion-de-la-percepcion-de-los-avances-en-la-espana-rural-en-el-ano-2023-2024\/","title":{"rendered":"El FByCC asiste a la presentaci\u00f3n del IV Estudio de la Espa\u00f1a Rural en el senado"},"content":{"rendered":"<p style=\"text-align: center;\"><span style=\"font-size: 28pt;\"><strong>El Foro de Bosques y Cambio Clim\u00e1tico asiste a la presentaci\u00f3n del IV Estudio \u201cEvoluci\u00f3n de la percepci\u00f3n de los avances en la Espa\u00f1a Rural en el a\u00f1o 2023-2024\u201d en el Senado<\/strong><\/span><\/p>\n<p style=\"text-align: justify;\"><span style=\"font-size: 14pt;\">El pasado 30 de mayo, se present\u00f3 en el Senado el <span style=\"color: #8aaa62;\"><strong>IV Estudio sobre la \u00abEvoluci\u00f3n de la Percepci\u00f3n de los Avances en la Espa\u00f1a Rural en el a\u00f1o 2023-2024\u00bb<\/strong><\/span>. Este estudio, realizado por Next Educaci\u00f3n en colaboraci\u00f3n con la Fundaci\u00f3n AXA y la plataforma Juntos por los Bosques, revel\u00f3 que solo la mitad de los l\u00edderes rurales percibe avances en la Espa\u00f1a rural, un 10% menos que en 2023.<\/span><\/p>\n<p style=\"text-align: justify;\"><span style=\"font-size: 14pt;\">Durante el evento, Pedro Roll\u00e1n, presidente del Senado, subray\u00f3 la necesidad de un gran Pacto de Estado para el Mundo Rural, afirmando que es fundamental establecer una hoja de ruta a medio y largo plazo para garantizar servicios b\u00e1sicos como la sanidad, la educaci\u00f3n y el transporte en las \u00e1reas rurales. Roll\u00e1n destac\u00f3 la importancia de dotar al mundo rural de las herramientas necesarias para asegurar su futuro y adecuar sus capacidades a las oportunidades de cada momento y lugar.<\/span><\/p>\n<p><img loading=\"lazy\" decoding=\"async\" class=\"aligncenter wp-image-4576\" src=\"https:\/\/www.fbycc.org\/wp-content\/uploads\/2024\/06\/Foto-1.png\" alt=\"\" width=\"700\" height=\"365\" srcset=\"https:\/\/www.fbycc.org\/wp-content\/uploads\/2024\/06\/Foto-1.png 1117w, https:\/\/www.fbycc.org\/wp-content\/uploads\/2024\/06\/Foto-1-300x157.png 300w, https:\/\/www.fbycc.org\/wp-content\/uploads\/2024\/06\/Foto-1-1024x534.png 1024w, https:\/\/www.fbycc.org\/wp-content\/uploads\/2024\/06\/Foto-1-768x401.png 768w\" sizes=\"auto, (max-width: 700px) 100vw, 700px\" \/><\/p>\n<p style=\"text-align: justify;\"><span style=\"font-size: 14pt;\">El estudio mostr\u00f3 un escepticismo creciente entre los j\u00f3venes, entidades y l\u00edderes rurales, los cuales son los grupos m\u00e1s cr\u00edticos sobre los avances en la Espa\u00f1a rural. <strong>El 93% de los encuestados cree que la Espa\u00f1a urbana no reconoce el esfuerzo de la Espa\u00f1a rural<\/strong>. La mayor implicaci\u00f3n de las administraciones y el apoyo a emprendedores se identifican como las principales demandas para la recuperaci\u00f3n rural. Los obst\u00e1culos m\u00e1s destacados en el avance rural incluyen la descoordinaci\u00f3n entre administraciones y la lentitud burocr\u00e1tica. Adem\u00e1s, el 83% de los encuestados cree que la despoblaci\u00f3n es una causa generadora de incendios, y el 78% considera la transici\u00f3n ecol\u00f3gica una oportunidad rural.<\/span><\/p>\n<p style=\"text-align: justify;\"><span style=\"font-size: 14pt;\">La conexi\u00f3n a internet es vista como un cambio crucial para la vida rural por m\u00e1s del 93% de los encuestados, aunque la brecha digital sigue preocupando al 90%. Los servicios b\u00e1sicos que m\u00e1s retroceden son las entidades bancarias (70%), los comercios (68%) y la atenci\u00f3n m\u00e9dica (64%). Respecto a las acciones del Gobierno Auton\u00f3mico, m\u00e1s del 40% de los encuestados no conoce ninguna iniciativa. Adem\u00e1s, el estudio destaca que m\u00e1s del 92% considera al medio rural imprescindible en la lucha contra el cambio clim\u00e1tico.<\/span><\/p>\n<p style=\"text-align: justify;\"><span style=\"font-size: 14pt;\">Asun C\u00e1mara, coordinadora de Juntos por los Bosques, pidi\u00f3 a las administraciones que utilicen su plataforma, mientras Camino Caba\u00f1as, de la Asociaci\u00f3n Territorio Rural Inteligente, subray\u00f3 la necesidad de convertir las zonas afectadas en territorios rurales inteligentes.<\/span><\/p>\n<p style=\"text-align: justify;\"><span style=\"font-size: 14pt;\">El evento cont\u00f3 con la participaci\u00f3n de diversos representantes del mundo rural que compartieron sus experiencias y propuestas. Tania Solans, presidenta de Pueblos Peque\u00f1os de la FEMP y alcaldesa de Espl\u00fas (Huesca), reclam\u00f3 una fiscalidad diferenciada para atraer empresas y personas, mientras que Sara Alguacil y Patricia Dom\u00ednguez, alcaldesas, destacaron la necesidad de estrategias claras y efectivas.<\/span><\/p>\n<p style=\"text-align: justify;\"><span style=\"font-size: 14pt;\">Santiago Caba\u00f1ero, presidente de la Diputaci\u00f3n de Albacete, y Antonio Labrador, diputado de Salamanca y alcalde de San Esteban de la Sierra, compartieron iniciativas locales exitosas como la \u00abFeria del Relevo Generacional\u00bb y el \u00abPlan de Empleo Juvenil Universitario\u00bb, que buscan fomentar la continuidad de negocios y ofrecer oportunidades laborales a los j\u00f3venes en \u00e1reas rurales.<\/span><\/p>\n<p style=\"text-align: justify;\"><span style=\"font-size: 14pt;\">Finalmente, Chema L\u00f3pez Juder\u00edas, fundador de la Red de Periodistas Rurales, subray\u00f3 la necesidad de respaldo y respeto para los medios locales en la cobertura de la Espa\u00f1a rural, aunque la atenci\u00f3n de los medios nacionales ha disminuido un 30% respecto a 2022.<\/span><\/p>\n<p><img loading=\"lazy\" decoding=\"async\" class=\"aligncenter wp-image-4577\" src=\"https:\/\/www.fbycc.org\/wp-content\/uploads\/2024\/06\/Foto-1-1.png\" alt=\"\" width=\"700\" height=\"399\" srcset=\"https:\/\/www.fbycc.org\/wp-content\/uploads\/2024\/06\/Foto-1-1.png 1008w, https:\/\/www.fbycc.org\/wp-content\/uploads\/2024\/06\/Foto-1-1-300x171.png 300w, https:\/\/www.fbycc.org\/wp-content\/uploads\/2024\/06\/Foto-1-1-768x437.png 768w\" sizes=\"auto, (max-width: 700px) 100vw, 700px\" \/><\/p>\n<p style=\"text-align: justify;\"><span style=\"font-size: 14pt;\">El Foro de Bosques y Cambio Clim\u00e1tico apoy\u00f3 y form\u00f3 parte del evento, como miembros de Juntos por los Bosques, reafirmando su compromiso con la sostenibilidad y el desarrollo del sector forestal en Espa\u00f1a.<\/span><\/p>\n<p style=\"text-align: justify;\"><span style=\"font-size: 14pt;\">Para m\u00e1s informaci\u00f3n y acceso al estudio completo, visite <a href=\"https:\/\/formacion.nexteducacion.com\/foros_de_debate\/estudio-sobre-la-evolucion-de-la-percepcion-de-los-avances-en-la-espana-rural-en-el-senado\/\">www.nexteducacion.com<\/a>.<\/span><\/p>\n<p>&nbsp;<\/p>\n<a class=\"tx-button\" href=\"https:\/\/drive.google.com\/file\/d\/1h8Erep2AzeaMzR-W3MgwHycjwU50J8Lc\/view\" target=\"_blank\" style=\"color: #ffffff; background-color: #8aaa62\">ESTUDIO \u2018EVOLUCI\u00d3N DE LA PERCEPCI\u00d3N DE LOS AVANCES EN LA ESPA\u00d1A RURAL 2023-2024\u2019<\/a>\n<p>&nbsp;<\/p>\n<a class=\"tx-button\" href=\"https:\/\/drive.google.com\/file\/d\/1i3-z2w0RBQvNmW9BnaM0PwEe_V9i8MAx\/view\" target=\"_blank\" style=\"color: #ffffff; background-color: #8aaa62\">Nota de prensa<\/a>\n<p>&nbsp;<\/p>\n","protected":false},"excerpt":{"rendered":"<p>El Foro de Bosques y Cambio Clim\u00e1tico asiste a la presentaci\u00f3n del IV Estudio \u201cEvoluci\u00f3n de la percepci\u00f3n de los avances en la Espa\u00f1a Rural en el a\u00f1o 2023-2024\u201d en el Senado<a class=\"moretag\" href=\"https:\/\/www.fbycc.org\/index.php\/2024\/06\/05\/presentacion-del-iv-estudio-evolucion-de-la-percepcion-de-los-avances-en-la-espana-rural-en-el-ano-2023-2024\/\">Leer m\u00e1s&#8230;<\/a><\/p>\n","protected":false},"author":5,"featured_media":0,"comment_status":"closed","ping_status":"open","sticky":false,"template":"","format":"standard","meta":{"_monsterinsights_skip_tracking":false,"_monsterinsights_sitenote_active":false,"_monsterinsights_sitenote_note":"","_monsterinsights_sitenote_category":0,"footnotes":""},"categories":[11],"tags":[228,234,235],"class_list":["post-4574","post","type-post","status-publish","format-standard","hentry","category-noticias","tag-desarrollo-rural","tag-despoblacion","tag-territorio"],"_links":{"self":[{"href":"https:\/\/www.fbycc.org\/index.php\/wp-json\/wp\/v2\/posts\/4574","targetHints":{"allow":["GET"]}}],"collection":[{"href":"https:\/\/www.fbycc.org\/index.php\/wp-json\/wp\/v2\/posts"}],"about":[{"href":"https:\/\/www.fbycc.org\/index.php\/wp-json\/wp\/v2\/types\/post"}],"author":[{"embeddable":true,"href":"https:\/\/www.fbycc.org\/index.php\/wp-json\/wp\/v2\/users\/5"}],"replies":[{"embeddable":true,"href":"https:\/\/www.fbycc.org\/index.php\/wp-json\/wp\/v2\/comments?post=4574"}],"version-history":[{"count":10,"href":"https:\/\/www.fbycc.org\/index.php\/wp-json\/wp\/v2\/posts\/4574\/revisions"}],"predecessor-version":[{"id":4641,"href":"https:\/\/www.fbycc.org\/index.php\/wp-json\/wp\/v2\/posts\/4574\/revisions\/4641"}],"wp:attachment":[{"href":"https:\/\/www.fbycc.org\/index.php\/wp-json\/wp\/v2\/media?parent=4574"}],"wp:term":[{"taxonomy":"category","embeddable":true,"href":"https:\/\/www.fbycc.org\/index.php\/wp-json\/wp\/v2\/categories?post=4574"},{"taxonomy":"post_tag","embeddable":true,"href":"https:\/\/www.fbycc.org\/index.php\/wp-json\/wp\/v2\/tags?post=4574"}],"curies":[{"name":"wp","href":"https:\/\/api.w.org\/{rel}","templated":true}]}}