{"id":4461,"date":"2024-05-16T06:11:39","date_gmt":"2024-05-16T06:11:39","guid":{"rendered":"https:\/\/www.fbycc.org\/?p=4461"},"modified":"2024-05-16T08:06:06","modified_gmt":"2024-05-16T08:06:06","slug":"conoce-el-proyecto-eco2for","status":"publish","type":"post","link":"https:\/\/www.fbycc.org\/index.php\/2024\/05\/16\/conoce-el-proyecto-eco2for\/","title":{"rendered":"Conoce el proyecto ECO2FOR"},"content":{"rendered":"<p style=\"text-align: center;\"><span style=\"font-size: 30pt;\"><strong>El Foro de Bosques y Cambio Clim\u00e1tico <\/strong><strong>integra una nueva iniciativa de \u00e1mbito nacional para innovar la<br \/>\ngesti\u00f3n forestal y combatir el cambio clim\u00e1tico<\/strong><\/span><\/p>\n<p style=\"text-align: center;\"><span style=\"color: #000000;\"><span style=\"font-size: 17pt;\">El proyecto eco2for se presenta el pr\u00f3ximo lunes en Madrid en un evento en el que tambi\u00e9n<br \/>\n<\/span><span style=\"font-size: 17pt;\">se abordar\u00e1 la situaci\u00f3n de la cadena de valor de los sumideros forestales de carbono.<\/span><\/span><\/p>\n<p>&nbsp;<\/p>\n<p style=\"text-align: justify;\"><span style=\"font-size: 14pt;\">El pr\u00f3ximo <strong>lunes, 20 de mayo<\/strong>, la sede del <strong>Ministerio para la Transici\u00f3n Ecol\u00f3gica y el Reto Demogr\u00e1fico (MITECO)<\/strong> acoge la presentaci\u00f3n del <span style=\"color: #8aaa62;\"><a style=\"color: #8aaa62;\" href=\"https:\/\/www.fbycc.org\/index.php\/2024\/03\/25\/el-foro-de-bosques-y-cambio-climatico-se-embarca-en-el-proyecto-eco2for\/\"><strong>proyecto eco2for<\/strong><\/a><\/span>, del que el Foro de Bosques y Cambio Clim\u00e1tico forma parte junto a cinco entidades m\u00e1s para trabajar durante los pr\u00f3ximos dos a\u00f1os en una serie de mejoras en la gesti\u00f3n forestal, que nacen con el prop\u00f3sito de innovar y ampliar las herramientas para la lucha contra el cambio clim\u00e1tico.<\/span><\/p>\n<p style=\"text-align: justify;\"><span style=\"font-size: 14pt;\">Para ello, este proyecto cuenta con el apoyo de la <a href=\"https:\/\/fundacion-biodiversidad.es\/\">Fundaci\u00f3n Biodiversidad<\/a> del MITECO en el marco del Plan de Recuperaci\u00f3n, Transformaci\u00f3n y Resiliencia (PRTR), financiado por la Uni\u00f3n Europea &#8211; NextGenerationEU.<\/span><\/p>\n<p style=\"text-align: justify;\"><span style=\"font-size: 14pt;\"><img loading=\"lazy\" decoding=\"async\" class=\"wp-image-4474 alignright\" src=\"https:\/\/www.fbycc.org\/wp-content\/uploads\/2024\/05\/Captura-de-pantalla-2024-05-16-081518.png\" alt=\"\" width=\"450\" height=\"415\" srcset=\"https:\/\/www.fbycc.org\/wp-content\/uploads\/2024\/05\/Captura-de-pantalla-2024-05-16-081518.png 697w, https:\/\/www.fbycc.org\/wp-content\/uploads\/2024\/05\/Captura-de-pantalla-2024-05-16-081518-300x277.png 300w\" sizes=\"auto, (max-width: 450px) 100vw, 450px\" \/>En el seminario del pr\u00f3ximo lunes (que tendr\u00e1 lugar en el <strong>sal\u00f3n de actos del MITECO, de 10:30 a 18:00 horas<\/strong>) se presentar\u00e1 esta iniciativa con la que se pretende poner de manifiesto el papel que desempe\u00f1a el sector forestal en combatir el cambio clim\u00e1tico. La contribuci\u00f3n de eco2for ser\u00e1 desarrollar actuaciones relevantes en el \u00e1mbito forestal que atraigan inversi\u00f3n privada y contribuyan al desarrollo econ\u00f3mico en \u00e1reas rurales, especialmente aquellas afectadas por la despoblaci\u00f3n.<\/span><\/p>\n<p style=\"text-align: justify;\"><span style=\"font-size: 14pt;\">El encuentro (de asistencia gratuita previa <span style=\"color: #8aaa62;\"><a style=\"color: #8aaa62;\" href=\"https:\/\/www.fbycc.org\/index.php\/jornadas\/evento-20-de-mayo-seminario-de-lanzamiento-poryecto-eco2for\/\">inscripci\u00f3n aqu\u00ed<\/a><\/span>) no solo servir\u00e1 para presentar este proyecto, sino que tambi\u00e9n se ha configurado como seminario monogr\u00e1fico en el que analizar la situaci\u00f3n actual de la cadena de valor de los sumideros forestales de carbono y fomentar la colaboraci\u00f3n en esta emergente cadena de valor.<\/span><\/p>\n<p style=\"text-align: justify;\"><span style=\"font-size: 14pt;\">Todos estos aspectos pueden ser de especial inter\u00e9s para una amplia gama de actores interesados en la gesti\u00f3n forestal sostenible y la mitigaci\u00f3n del cambio clim\u00e1tico, tales como administraciones p\u00fablicas, empresas y entidades de la cadena de valor de sumideros forestales de carbono, especialistas de la universidad y centros de innovaci\u00f3n e investigaci\u00f3n, as\u00ed como sociedad en general. El programa puede consultarse <span style=\"color: #8aaa62;\"><a style=\"color: #8aaa62;\" href=\"https:\/\/www.fbycc.org\/index.php\/jornadas\/evento-20-de-mayo-seminario-de-lanzamiento-poryecto-eco2for\/\">aqu\u00ed<\/a><\/span>.<\/span><\/p>\n<p style=\"text-align: justify;\"><span style=\"font-size: 14pt;\">El consorcio creado para poner en marcha el <strong>proyecto eco2for<\/strong> est\u00e1 formado por el Foro de Bosques y Cambio Clim\u00e1tico (en calidad de socio coordinador), junto con la Fundaci\u00f3n Cesefor, la Fundaci\u00f3n CETEMAS, el Instituto Nacional de Investigaci\u00f3n y Tecnolog\u00eda Agraria y Alimentaria del CSIC (INIA-CIFOR), USAL-BISITE (Grupo de Investigaci\u00f3n Bisite de la Universidad de Salamanca) y UVA-CAMBIUM (Grupo de Investigaci\u00f3n Cambium de la Universidad de Valladolid).<\/span><\/p>\n<p>&nbsp;<\/p>\n<p style=\"text-align: center;\"><span style=\"font-size: 11pt;\">Consorcio<\/span><\/p>\n<p style=\"text-align: center;\"><img loading=\"lazy\" decoding=\"async\" class=\"alignnone wp-image-4307\" src=\"https:\/\/www.fbycc.org\/wp-content\/uploads\/2024\/05\/Socios_ECO2FOR.png\" alt=\"\" width=\"800\" height=\"282\" srcset=\"https:\/\/www.fbycc.org\/wp-content\/uploads\/2024\/05\/Socios_ECO2FOR.png 1239w, https:\/\/www.fbycc.org\/wp-content\/uploads\/2024\/05\/Socios_ECO2FOR-300x106.png 300w, https:\/\/www.fbycc.org\/wp-content\/uploads\/2024\/05\/Socios_ECO2FOR-1024x361.png 1024w, https:\/\/www.fbycc.org\/wp-content\/uploads\/2024\/05\/Socios_ECO2FOR-768x271.png 768w\" sizes=\"auto, (max-width: 800px) 100vw, 800px\" \/><\/p>\n<p>&nbsp;<\/p>\n<p style=\"text-align: center;\"><span style=\"font-size: 11pt;\">Financiaci\u00f3n<br \/>\n<\/span><br \/>\n<img loading=\"lazy\" decoding=\"async\" class=\"alignnone wp-image-4475\" src=\"https:\/\/www.fbycc.org\/wp-content\/uploads\/2024\/05\/Captura-de-pantalla-2024-05-16-081942.png\" alt=\"\" width=\"800\" height=\"128\" srcset=\"https:\/\/www.fbycc.org\/wp-content\/uploads\/2024\/05\/Captura-de-pantalla-2024-05-16-081942.png 886w, https:\/\/www.fbycc.org\/wp-content\/uploads\/2024\/05\/Captura-de-pantalla-2024-05-16-081942-300x48.png 300w, https:\/\/www.fbycc.org\/wp-content\/uploads\/2024\/05\/Captura-de-pantalla-2024-05-16-081942-768x123.png 768w\" sizes=\"auto, (max-width: 800px) 100vw, 800px\" \/><\/p>\n<p>&nbsp;<\/p>\n","protected":false},"excerpt":{"rendered":"<p>El Foro de Bosques y Cambio Clim\u00e1tico integra una nueva iniciativa de \u00e1mbito nacional para innovar la gesti\u00f3n forestal y combatir el cambio clim\u00e1tico El proyecto eco2for se presenta el pr\u00f3ximo lunes<a class=\"moretag\" href=\"https:\/\/www.fbycc.org\/index.php\/2024\/05\/16\/conoce-el-proyecto-eco2for\/\">Leer m\u00e1s&#8230;<\/a><\/p>\n","protected":false},"author":5,"featured_media":0,"comment_status":"closed","ping_status":"open","sticky":false,"template":"","format":"standard","meta":{"_monsterinsights_skip_tracking":false,"_monsterinsights_sitenote_active":false,"_monsterinsights_sitenote_note":"","_monsterinsights_sitenote_category":0,"footnotes":""},"categories":[11],"tags":[87,16,17,108,225,109,67,223,29,233],"class_list":["post-4461","post","type-post","status-publish","format-standard","hentry","category-noticias","tag-bioeconomia","tag-bosques","tag-cambio-climatico","tag-carbono","tag-fundacion-biodiversidad","tag-gestion-forestal","tag-mercados-de-carbono","tag-proyectos","tag-reduccion-de-emisiones","tag-sumideros"],"_links":{"self":[{"href":"https:\/\/www.fbycc.org\/index.php\/wp-json\/wp\/v2\/posts\/4461","targetHints":{"allow":["GET"]}}],"collection":[{"href":"https:\/\/www.fbycc.org\/index.php\/wp-json\/wp\/v2\/posts"}],"about":[{"href":"https:\/\/www.fbycc.org\/index.php\/wp-json\/wp\/v2\/types\/post"}],"author":[{"embeddable":true,"href":"https:\/\/www.fbycc.org\/index.php\/wp-json\/wp\/v2\/users\/5"}],"replies":[{"embeddable":true,"href":"https:\/\/www.fbycc.org\/index.php\/wp-json\/wp\/v2\/comments?post=4461"}],"version-history":[{"count":12,"href":"https:\/\/www.fbycc.org\/index.php\/wp-json\/wp\/v2\/posts\/4461\/revisions"}],"predecessor-version":[{"id":4478,"href":"https:\/\/www.fbycc.org\/index.php\/wp-json\/wp\/v2\/posts\/4461\/revisions\/4478"}],"wp:attachment":[{"href":"https:\/\/www.fbycc.org\/index.php\/wp-json\/wp\/v2\/media?parent=4461"}],"wp:term":[{"taxonomy":"category","embeddable":true,"href":"https:\/\/www.fbycc.org\/index.php\/wp-json\/wp\/v2\/categories?post=4461"},{"taxonomy":"post_tag","embeddable":true,"href":"https:\/\/www.fbycc.org\/index.php\/wp-json\/wp\/v2\/tags?post=4461"}],"curies":[{"name":"wp","href":"https:\/\/api.w.org\/{rel}","templated":true}]}}