{"id":4213,"date":"2024-03-26T14:19:50","date_gmt":"2024-03-26T14:19:50","guid":{"rendered":"https:\/\/www.fbycc.org\/?p=4213"},"modified":"2024-03-26T14:19:50","modified_gmt":"2024-03-26T14:19:50","slug":"estrenamos-logo-nuevo","status":"publish","type":"post","link":"https:\/\/www.fbycc.org\/index.php\/2024\/03\/26\/estrenamos-logo-nuevo\/","title":{"rendered":"\u00a1Estrenamos logo nuevo!"},"content":{"rendered":"<div class=\"tx-spacer clearfix\" style=\"height: 24px\"><\/div>\n<table style=\"border-collapse: collapse; width: 100%;\">\n<tbody>\n<tr>\n<td style=\"width: 37.9139%; border-style: hidden; vertical-align: middle;\"><img loading=\"lazy\" decoding=\"async\" class=\"alignnone wp-image-4214\" src=\"https:\/\/www.fbycc.org\/wp-content\/uploads\/2024\/03\/LOGO-1_Redondo.png\" alt=\"\" width=\"350\" height=\"347\" srcset=\"https:\/\/www.fbycc.org\/wp-content\/uploads\/2024\/03\/LOGO-1_Redondo.png 435w, https:\/\/www.fbycc.org\/wp-content\/uploads\/2024\/03\/LOGO-1_Redondo-300x297.png 300w, https:\/\/www.fbycc.org\/wp-content\/uploads\/2024\/03\/LOGO-1_Redondo-150x150.png 150w, https:\/\/www.fbycc.org\/wp-content\/uploads\/2024\/03\/LOGO-1_Redondo-50x50.png 50w\" sizes=\"auto, (max-width: 350px) 100vw, 350px\" \/><\/td>\n<td style=\"width: 62.0861%; text-align: justify; border-style: hidden; vertical-align: middle;\"><span style=\"font-size: 16px; text-align: justify;\">El Foro de Bosques y Cambio Clim\u00e1tico ha dado un paso importante hacia su renovaci\u00f3n visual con la aprobaci\u00f3n de su\u00a0<\/span><strong style=\"font-size: 16px; text-align: justify;\">nuevo logo<\/strong><span style=\"font-size: 16px; text-align: justify;\">. Despu\u00e9s de un proceso de dise\u00f1o que ha tomado varios a\u00f1os y la evaluaci\u00f3n de m\u00faltiples propuestas, el Foro da un paso adelante al actualizar su logo, decisi\u00f3n que fue aprobada durante la Asamblea General Ordinaria celebrada el pasado 20 de febrero.<\/span><\/p>\n<p><span style=\"font-size: 12pt;\">El nuevo dise\u00f1o del logo incorpora elementos clave que simbolizan la importancia de los bosques y la lucha contra el cambio clim\u00e1tico. La imagen principal, un <strong>tronco de \u00e1rbol<\/strong>, parte firme y fuerte, que a su vez insin\u00faa la forma de la <strong>letra \u00abF\u00bb de \u00abforo\u00bb<\/strong>. Adem\u00e1s, cuenta con la inclusi\u00f3n de una <strong>doble \u00abC\u00bb (de Cambio Clim\u00e1tico)<\/strong> en forma un c\u00edrculo, simbolizando la unidad y la comunidad en la lucha contra el cambio clim\u00e1tico.<\/span><\/td>\n<\/tr>\n<\/tbody>\n<\/table>\n<p style=\"text-align: justify;\">Se ha optado por una combinaci\u00f3n de <strong>colores azul y verde<\/strong>, que son los <strong>tonos m\u00e1s emblem\u00e1ticos de la naturaleza<\/strong>. El azul representa el cielo y el agua, mientras que el verde simboliza la vegetaci\u00f3n.<\/p>\n<p style=\"text-align: justify;\">El proceso de dise\u00f1o y desarrollo del nuevo logo ha sido meticuloso y ha involucrado a todo el equipo directivo del Foro. Se han explorado diversas opciones y se ha trabajado en estrecha colaboraci\u00f3n con dise\u00f1adores para garantizar que el nuevo logo transmita de manera efectiva los valores y el prop\u00f3sito del Foro en la defensa del papel de los bosques en la lucha frente al cambio clim\u00e1tico.<\/p>\n<div class=\"tx-spacer clearfix\" style=\"height: 16px\"><\/div>\n<table style=\"border-collapse: collapse; width: 52.8121%; height: 290px;\">\n<tbody>\n<tr style=\"height: 290px;\">\n<td style=\"width: 100%; border-style: hidden; height: 290px;\">\n<p style=\"text-align: justify;\">Adem\u00e1s de la versi\u00f3n circular, se ha desarrollado una versi\u00f3n horizontal del logo para situaciones en las que la legibilidad sea un factor determinante:<\/p>\n<p style=\"font-size: 16px;\"><img loading=\"lazy\" decoding=\"async\" class=\"alignnone size-full wp-image-4215\" src=\"https:\/\/www.fbycc.org\/wp-content\/uploads\/2024\/03\/LOGO-1_Alargado.png\" alt=\"\" width=\"802\" height=\"289\" srcset=\"https:\/\/www.fbycc.org\/wp-content\/uploads\/2024\/03\/LOGO-1_Alargado.png 802w, https:\/\/www.fbycc.org\/wp-content\/uploads\/2024\/03\/LOGO-1_Alargado-300x108.png 300w, https:\/\/www.fbycc.org\/wp-content\/uploads\/2024\/03\/LOGO-1_Alargado-768x277.png 768w, https:\/\/www.fbycc.org\/wp-content\/uploads\/2024\/03\/LOGO-1_Alargado-800x289.png 800w\" sizes=\"auto, (max-width: 802px) 100vw, 802px\" \/><\/p>\n<\/td>\n<\/tr>\n<\/tbody>\n<\/table>\n<div class=\"tx-spacer clearfix\" style=\"height: 16px\"><\/div>\n<p style=\"text-align: justify;\">El cambio de logo es m\u00e1s que una actualizaci\u00f3n visual; es un paso significativo hacia adelante en el compromiso del Foro de Bosques y Cambio Clim\u00e1tico con la promoci\u00f3n de la sostenibilidad ambiental y la conciencia sobre los desaf\u00edos clim\u00e1ticos.<\/p>\n","protected":false},"excerpt":{"rendered":"<p>El Foro de Bosques y Cambio Clim\u00e1tico ha dado un paso importante hacia su renovaci\u00f3n visual con la aprobaci\u00f3n de su\u00a0nuevo logo. Despu\u00e9s de un proceso de dise\u00f1o que ha tomado varios<a class=\"moretag\" href=\"https:\/\/www.fbycc.org\/index.php\/2024\/03\/26\/estrenamos-logo-nuevo\/\">Leer m\u00e1s&#8230;<\/a><\/p>\n","protected":false},"author":5,"featured_media":0,"comment_status":"closed","ping_status":"open","sticky":false,"template":"","format":"standard","meta":{"_monsterinsights_skip_tracking":false,"_monsterinsights_sitenote_active":false,"_monsterinsights_sitenote_note":"","_monsterinsights_sitenote_category":0,"footnotes":""},"categories":[11],"tags":[16,17,108,109,231,132],"class_list":["post-4213","post","type-post","status-publish","format-standard","hentry","category-noticias","tag-bosques","tag-cambio-climatico","tag-carbono","tag-gestion-forestal","tag-imagen-corporativa","tag-mitigacion"],"_links":{"self":[{"href":"https:\/\/www.fbycc.org\/index.php\/wp-json\/wp\/v2\/posts\/4213","targetHints":{"allow":["GET"]}}],"collection":[{"href":"https:\/\/www.fbycc.org\/index.php\/wp-json\/wp\/v2\/posts"}],"about":[{"href":"https:\/\/www.fbycc.org\/index.php\/wp-json\/wp\/v2\/types\/post"}],"author":[{"embeddable":true,"href":"https:\/\/www.fbycc.org\/index.php\/wp-json\/wp\/v2\/users\/5"}],"replies":[{"embeddable":true,"href":"https:\/\/www.fbycc.org\/index.php\/wp-json\/wp\/v2\/comments?post=4213"}],"version-history":[{"count":25,"href":"https:\/\/www.fbycc.org\/index.php\/wp-json\/wp\/v2\/posts\/4213\/revisions"}],"predecessor-version":[{"id":4240,"href":"https:\/\/www.fbycc.org\/index.php\/wp-json\/wp\/v2\/posts\/4213\/revisions\/4240"}],"wp:attachment":[{"href":"https:\/\/www.fbycc.org\/index.php\/wp-json\/wp\/v2\/media?parent=4213"}],"wp:term":[{"taxonomy":"category","embeddable":true,"href":"https:\/\/www.fbycc.org\/index.php\/wp-json\/wp\/v2\/categories?post=4213"},{"taxonomy":"post_tag","embeddable":true,"href":"https:\/\/www.fbycc.org\/index.php\/wp-json\/wp\/v2\/tags?post=4213"}],"curies":[{"name":"wp","href":"https:\/\/api.w.org\/{rel}","templated":true}]}}