{"id":4142,"date":"2024-03-25T14:54:26","date_gmt":"2024-03-25T14:54:26","guid":{"rendered":"https:\/\/www.fbycc.org\/?p=4142"},"modified":"2024-03-25T14:54:26","modified_gmt":"2024-03-25T14:54:26","slug":"el-foro-de-bosques-y-cambio-climatico-se-embarca-en-el-proyecto-eco2for","status":"publish","type":"post","link":"https:\/\/www.fbycc.org\/index.php\/2024\/03\/25\/el-foro-de-bosques-y-cambio-climatico-se-embarca-en-el-proyecto-eco2for\/","title":{"rendered":"El Foro de Bosques y Cambio Clim\u00e1tico se embarca en el proyecto ECO2FOR"},"content":{"rendered":"<div class=\"tx-spacer clearfix\" style=\"height: 5px\"><\/div>\n<p><span style=\"font-size: 36pt; color: #8aaa62;\"><img loading=\"lazy\" decoding=\"async\" class=\"size-full wp-image-4165 aligncenter\" style=\"color: #141412; font-size: 16px;\" src=\"https:\/\/www.fbycc.org\/wp-content\/uploads\/2024\/03\/PORTADA_Proyecto-ECO2FOR_Portada-Logos.png\" alt=\"\" width=\"960\" height=\"549\" srcset=\"https:\/\/www.fbycc.org\/wp-content\/uploads\/2024\/03\/PORTADA_Proyecto-ECO2FOR_Portada-Logos.png 960w, https:\/\/www.fbycc.org\/wp-content\/uploads\/2024\/03\/PORTADA_Proyecto-ECO2FOR_Portada-Logos-300x172.png 300w, https:\/\/www.fbycc.org\/wp-content\/uploads\/2024\/03\/PORTADA_Proyecto-ECO2FOR_Portada-Logos-768x439.png 768w\" sizes=\"auto, (max-width: 960px) 100vw, 960px\" \/><\/span><div class=\"tx-spacer clearfix\" style=\"height: 30px\"><\/div>\n<p style=\"text-align: justify;\">El 10 de febrero de 2024 se dio a conocer el resultado de la <strong><em>Convocatoria de subvenciones para el apoyo a proyectos transformadores, destinados a promover la bioeconom\u00eda vinculada al \u00e1mbito forestal y contribuir a la transici\u00f3n ecol\u00f3gica, en el marco del Plan de Recuperaci\u00f3n, Transformaci\u00f3n y Resiliencia<\/em><\/strong> financiado por la Uni\u00f3n Europea a trav\u00e9s de NextGenerationEU. Esta convocatoria, que cuenta con un <strong>presupuesto total de 188,42 millones de euros<\/strong>, recibi\u00f3 un total de 163 propuestas de proyectos, de los cuales se seleccionaron finalmente 56. Entre estos proyectos seleccionados se encuentra el <span style=\"color: #8aaa62;\"><strong>ECO2FOR: Mejora de la Contribuci\u00f3n del Sector Forestal a la Lucha contra el Cambio Clim\u00e1tico<\/strong><\/span>, el cual fue presentado por una agrupaci\u00f3n de seis entidades, entre las que se encuentra el Foro de Bosques y Cambio Clim\u00e1tico.<\/p>\n<p style=\"text-align: justify;\">El proyecto ECO2FOR surge como respuesta a la urgente necesidad de fortalecer la lucha contra el cambio clim\u00e1tico mediante el desarrollo de proyectos forestales que atraigan inversi\u00f3n privada y promuevan la actividad econ\u00f3mica en zonas rurales, contribuyendo as\u00ed a combatir la despoblaci\u00f3n. Se enfoca en la implementaci\u00f3n de nuevos proyectos de absorci\u00f3n forestal, mejorando los existentes y desarrollando herramientas para optimizar los procesos de realizaci\u00f3n, registro y monitoreo. Esto implica integrar la multifuncionalidad de los servicios ecosist\u00e9micos, mejorar la biodiversidad y adaptarse al cambio clim\u00e1tico.<\/p>\n<div class=\"tx-spacer clearfix\" style=\"height: 24px\"><\/div>\n<p><strong><div class=\"tx-heading\" style=\"margin-bottom:24px; text-align: left;\"><h3 class=\"tx-heading-tag\" style=\"font-size:24px;\">Socios del proyecto<\/h3><\/div><\/strong><\/p>\n<div class=\"tx-spacer clearfix\" style=\"height: 16px\"><\/div>\n<p style=\"text-align: justify;\">Este proyecto cuenta con la <strong>colaboraci\u00f3n de 6 entidades socias<\/strong>, incluyendo universidades, centros de innovaci\u00f3n,<br \/>\ncentros de investigaci\u00f3n y asociaciones sin \u00e1nimo de lucro.<\/p>\n<p><img loading=\"lazy\" decoding=\"async\" class=\"alignnone wp-image-4147\" src=\"https:\/\/www.fbycc.org\/wp-content\/uploads\/2024\/03\/Socios_ECO2FOR.png\" alt=\"\" width=\"900\" height=\"344\" srcset=\"https:\/\/www.fbycc.org\/wp-content\/uploads\/2024\/03\/Socios_ECO2FOR.png 1940w, https:\/\/www.fbycc.org\/wp-content\/uploads\/2024\/03\/Socios_ECO2FOR-300x115.png 300w, https:\/\/www.fbycc.org\/wp-content\/uploads\/2024\/03\/Socios_ECO2FOR-1024x391.png 1024w, https:\/\/www.fbycc.org\/wp-content\/uploads\/2024\/03\/Socios_ECO2FOR-768x293.png 768w, https:\/\/www.fbycc.org\/wp-content\/uploads\/2024\/03\/Socios_ECO2FOR-1536x587.png 1536w\" sizes=\"auto, (max-width: 900px) 100vw, 900px\" \/><\/p>\n<div class=\"tx-spacer clearfix\" style=\"height: 2px\"><\/div>\n<p>&nbsp;<\/p>\n<table class=\" alignleft\" style=\"border-collapse: collapse; width: 100%; height: 1052px;\">\n<tbody>\n<tr style=\"height: 1052px;\">\n<td style=\"width: 45.4193%; text-align: left; vertical-align: top; height: 1052px; border-style: none;\">&nbsp;<\/p>\n<p style=\"font-size: 16px;\"><strong><div class=\"tx-heading\" style=\"margin-bottom:24px; text-align: left;\"><h3 class=\"tx-heading-tag\" style=\"font-size:24px;\">Objetivos y acciones<\/h3><\/div><\/strong><\/p>\n<p style=\"font-size: 16px;\"><div class=\"tx-spacer clearfix\" style=\"height: 16px\"><\/div>\n<p style=\"text-align: justify;\"><span style=\"font-size: 16px; text-align: justify;\">El proyecto ECO2FOR es una iniciativa ambiciosa que se estructura en\u00a0<\/span><strong style=\"font-size: 16px; text-align: justify;\">11 acciones principales<\/strong><span style=\"font-size: 16px; text-align: justify;\">, con un total de\u00a0<\/span><strong style=\"font-size: 16px; text-align: justify;\">33 subacciones<\/strong><span style=\"font-size: 16px; text-align: justify;\">\u00a0espec\u00edficas. Estas acciones y subacciones abarcan una amplia gama de actividades, desde el desarrollo de metodolog\u00edas y herramientas hasta la implementaci\u00f3n de proyectos piloto y desarrollo de calculadoras de cr\u00e9ditos de carbono generados por las labores de gesti\u00f3n forestal.<\/span><\/p>\n<p><img loading=\"lazy\" decoding=\"async\" class=\"alignnone wp-image-4143\" style=\"font-size: 16px;\" src=\"https:\/\/www.fbycc.org\/wp-content\/uploads\/2024\/03\/Acciones_ECO2FOR.png\" alt=\"\" width=\"500\" height=\"576\" srcset=\"https:\/\/www.fbycc.org\/wp-content\/uploads\/2024\/03\/Acciones_ECO2FOR.png 1359w, https:\/\/www.fbycc.org\/wp-content\/uploads\/2024\/03\/Acciones_ECO2FOR-261x300.png 261w, https:\/\/www.fbycc.org\/wp-content\/uploads\/2024\/03\/Acciones_ECO2FOR-889x1024.png 889w, https:\/\/www.fbycc.org\/wp-content\/uploads\/2024\/03\/Acciones_ECO2FOR-768x884.png 768w, https:\/\/www.fbycc.org\/wp-content\/uploads\/2024\/03\/Acciones_ECO2FOR-1334x1536.png 1334w\" sizes=\"auto, (max-width: 500px) 100vw, 500px\" \/><\/td>\n<td style=\"width: 7.17437%; text-align: left; vertical-align: top; height: 1052px; border-style: none;\"><\/td>\n<td style=\"width: 47.4063%; text-align: left; vertical-align: top; height: 1052px; border-style: none;\">&nbsp;<\/p>\n<p style=\"font-size: 16px;\"><strong><div class=\"tx-heading\" style=\"margin-bottom:24px; text-align: left;\"><h3 class=\"tx-heading-tag\" style=\"font-size:24px;\">Hitos y Resultados Esperados<\/h3><\/div><\/strong><\/p>\n<p style=\"font-size: 16px;\"><div class=\"tx-spacer clearfix\" style=\"height: 16px\"><\/div>\n<p style=\"text-align: justify;\"><span style=\"font-size: 12pt;\">Se espera que este extenso conjunto de actividades conduzca a la\u00a0<strong>obtenci\u00f3n de 49 productos o resultados concretos<\/strong>, que incluyen la implementaci\u00f3n de nuevos proyectos piloto de absorci\u00f3n ligados a la gesti\u00f3n forestal mejorada, la creaci\u00f3n de herramientas innovadoras y nuevas metodolog\u00edas para el c\u00e1lculo y seguimiento de proyectos, y la dinamizaci\u00f3n del mercado de cr\u00e9ditos de carbono forestales a trav\u00e9s de un enfoque trans<span style=\"font-family: inherit;\">parente y eficiente.<\/span><\/span><\/p>\n<p><img loading=\"lazy\" decoding=\"async\" class=\"alignnone wp-image-4144\" style=\"font-family: inherit;\" src=\"https:\/\/www.fbycc.org\/wp-content\/uploads\/2024\/03\/Hitos_ECO2FOR.png\" alt=\"\" width=\"500\" height=\"578\" srcset=\"https:\/\/www.fbycc.org\/wp-content\/uploads\/2024\/03\/Hitos_ECO2FOR.png 1414w, https:\/\/www.fbycc.org\/wp-content\/uploads\/2024\/03\/Hitos_ECO2FOR-259x300.png 259w, https:\/\/www.fbycc.org\/wp-content\/uploads\/2024\/03\/Hitos_ECO2FOR-886x1024.png 886w, https:\/\/www.fbycc.org\/wp-content\/uploads\/2024\/03\/Hitos_ECO2FOR-768x888.png 768w, https:\/\/www.fbycc.org\/wp-content\/uploads\/2024\/03\/Hitos_ECO2FOR-1328x1536.png 1328w\" sizes=\"auto, (max-width: 500px) 100vw, 500px\" \/><\/td>\n<\/tr>\n<\/tbody>\n<\/table>\n<div class=\"tx-spacer clearfix\" style=\"height: 2px\"><\/div>\n<p style=\"text-align: justify;\">Este proyecto representa un hito significativo en la promoci\u00f3n de una gesti\u00f3n forestal m\u00e1s sostenible y eficiente. Al mejorar los sumideros de carbono forestales y generar oportunidades econ\u00f3micas en \u00e1reas rurales, ECO2FOR no solo aborda los desaf\u00edos clim\u00e1ticos, sino que tambi\u00e9n promueve el desarrollo sostenible de las comunidades forestales.\u00a0El enfoque integral del proyecto ECO2FOR refleja tanto la amplitud como la profundidad de su compromiso con el fortalecimiento del sector forestal y su relevante contribuci\u00f3n a la lucha contra el cambio clim\u00e1tico, y <span style=\"text-align: justify;\">hacen de ECO2FOR un proyecto crucial en la b\u00fasqueda de soluciones efectivas y duraderas para los desaf\u00edos ambientales y socioecon\u00f3micos actuales.<\/span><\/p>\n<p style=\"text-align: center;\"><img loading=\"lazy\" decoding=\"async\" class=\"alignnone size-full wp-image-4180\" src=\"https:\/\/www.fbycc.org\/wp-content\/uploads\/2024\/03\/TimePhoto_20240320_113927-scaled.jpg\" alt=\"\" width=\"2560\" height=\"1547\" srcset=\"https:\/\/www.fbycc.org\/wp-content\/uploads\/2024\/03\/TimePhoto_20240320_113927-scaled.jpg 2560w, https:\/\/www.fbycc.org\/wp-content\/uploads\/2024\/03\/TimePhoto_20240320_113927-300x181.jpg 300w, https:\/\/www.fbycc.org\/wp-content\/uploads\/2024\/03\/TimePhoto_20240320_113927-1024x619.jpg 1024w, https:\/\/www.fbycc.org\/wp-content\/uploads\/2024\/03\/TimePhoto_20240320_113927-768x464.jpg 768w, https:\/\/www.fbycc.org\/wp-content\/uploads\/2024\/03\/TimePhoto_20240320_113927-1536x928.jpg 1536w, https:\/\/www.fbycc.org\/wp-content\/uploads\/2024\/03\/TimePhoto_20240320_113927-2048x1238.jpg 2048w\" sizes=\"auto, (max-width: 2560px) 100vw, 2560px\" \/><br \/>\n<span style=\"font-size: 11pt;\">Representantes de las seis entidades socias y colaboradores del proyecto ECO2FOR reunidos para el arranque del proyecto (20\/03\/2024)<\/span><\/p>\n<p>&nbsp;<\/p>\n<table style=\"border-collapse: collapse; width: 100%;\">\n<tbody>\n<tr>\n<td style=\"width: 46.8543%; border-style: none;\">\n<p style=\"text-align: justify;\"><span style=\"font-size: 11pt;\"><strong style=\"text-align: justify;\"><em>El proyecto ECO2FOR cuenta con el apoyo de la Fundaci\u00f3n Biodiversidad del\u00a0<\/em><\/strong><strong style=\"text-align: justify;\"><em>Ministerio para la Transici\u00f3n Ecol\u00f3gica y el Reto Demogr\u00e1fico (MITECO) en el marco\u00a0<\/em><\/strong><strong style=\"text-align: justify;\"><em>del Plan de Recuperaci\u00f3n, Transformaci\u00f3n y Resiliencia (PRTR), financiado por la\u00a0<\/em><\/strong><strong style=\"text-align: justify;\"><em>Uni\u00f3n Europea &#8211; NextGenerationEU.<\/em><\/strong><\/span><\/p>\n<p><img loading=\"lazy\" decoding=\"async\" class=\"alignnone size-full wp-image-4145\" style=\"font-size: 16px;\" src=\"https:\/\/www.fbycc.org\/wp-content\/uploads\/2024\/03\/Logo-para-ONLINE.png\" alt=\"\" width=\"2905\" height=\"200\" srcset=\"https:\/\/www.fbycc.org\/wp-content\/uploads\/2024\/03\/Logo-para-ONLINE.png 2905w, https:\/\/www.fbycc.org\/wp-content\/uploads\/2024\/03\/Logo-para-ONLINE-300x21.png 300w, https:\/\/www.fbycc.org\/wp-content\/uploads\/2024\/03\/Logo-para-ONLINE-1024x70.png 1024w, https:\/\/www.fbycc.org\/wp-content\/uploads\/2024\/03\/Logo-para-ONLINE-768x53.png 768w, https:\/\/www.fbycc.org\/wp-content\/uploads\/2024\/03\/Logo-para-ONLINE-1536x106.png 1536w, https:\/\/www.fbycc.org\/wp-content\/uploads\/2024\/03\/Logo-para-ONLINE-2048x141.png 2048w\" sizes=\"auto, (max-width: 2905px) 100vw, 2905px\" \/><\/td>\n<td style=\"width: 53.1457%; border-style: none;\"><\/td>\n<\/tr>\n<\/tbody>\n<\/table>\n","protected":false},"excerpt":{"rendered":"<p>El 10 de febrero de 2024 se dio a conocer el resultado de la Convocatoria de subvenciones para el apoyo a proyectos transformadores, destinados a promover la bioeconom\u00eda vinculada al \u00e1mbito forestal<a class=\"moretag\" href=\"https:\/\/www.fbycc.org\/index.php\/2024\/03\/25\/el-foro-de-bosques-y-cambio-climatico-se-embarca-en-el-proyecto-eco2for\/\">Leer m\u00e1s&#8230;<\/a><\/p>\n","protected":false},"author":5,"featured_media":0,"comment_status":"closed","ping_status":"open","sticky":false,"template":"","format":"standard","meta":{"_monsterinsights_skip_tracking":false,"_monsterinsights_sitenote_active":false,"_monsterinsights_sitenote_note":"","_monsterinsights_sitenote_category":0,"footnotes":""},"categories":[11],"tags":[16,17,222,225,226,67,132,227,224],"class_list":["post-4142","post","type-post","status-publish","format-standard","hentry","category-noticias","tag-bosques","tag-cambio-climatico","tag-eco2for","tag-fundacion-biodiversidad","tag-gestion-forestal-mejorada","tag-mercados-de-carbono","tag-mitigacion","tag-nextgenerationeu","tag-prtr"],"_links":{"self":[{"href":"https:\/\/www.fbycc.org\/index.php\/wp-json\/wp\/v2\/posts\/4142","targetHints":{"allow":["GET"]}}],"collection":[{"href":"https:\/\/www.fbycc.org\/index.php\/wp-json\/wp\/v2\/posts"}],"about":[{"href":"https:\/\/www.fbycc.org\/index.php\/wp-json\/wp\/v2\/types\/post"}],"author":[{"embeddable":true,"href":"https:\/\/www.fbycc.org\/index.php\/wp-json\/wp\/v2\/users\/5"}],"replies":[{"embeddable":true,"href":"https:\/\/www.fbycc.org\/index.php\/wp-json\/wp\/v2\/comments?post=4142"}],"version-history":[{"count":37,"href":"https:\/\/www.fbycc.org\/index.php\/wp-json\/wp\/v2\/posts\/4142\/revisions"}],"predecessor-version":[{"id":5376,"href":"https:\/\/www.fbycc.org\/index.php\/wp-json\/wp\/v2\/posts\/4142\/revisions\/5376"}],"wp:attachment":[{"href":"https:\/\/www.fbycc.org\/index.php\/wp-json\/wp\/v2\/media?parent=4142"}],"wp:term":[{"taxonomy":"category","embeddable":true,"href":"https:\/\/www.fbycc.org\/index.php\/wp-json\/wp\/v2\/categories?post=4142"},{"taxonomy":"post_tag","embeddable":true,"href":"https:\/\/www.fbycc.org\/index.php\/wp-json\/wp\/v2\/tags?post=4142"}],"curies":[{"name":"wp","href":"https:\/\/api.w.org\/{rel}","templated":true}]}}