{"id":4018,"date":"2024-01-09T21:28:06","date_gmt":"2024-01-09T21:28:06","guid":{"rendered":"https:\/\/www.fbycc.org\/?p=4018"},"modified":"2024-01-11T09:10:55","modified_gmt":"2024-01-11T09:10:55","slug":"la-revista-foresta-dedica-un-espacio-a-la-presentacion-del-manifiesto-sobre-la-singularidad-de-los-bosques-ibericos","status":"publish","type":"post","link":"https:\/\/www.fbycc.org\/index.php\/2024\/01\/09\/la-revista-foresta-dedica-un-espacio-a-la-presentacion-del-manifiesto-sobre-la-singularidad-de-los-bosques-ibericos\/","title":{"rendered":"El manifiesto sobre los Bosques Ib\u00e9ricos en la revista FORESTA"},"content":{"rendered":"<p><span style=\"font-size: 18pt;\"><strong><div class=\"tx-heading\" style=\"margin-bottom:40px; text-align: left;\"><h5 class=\"tx-heading-tag\" style=\"font-size:30px;\">La revista Foresta dedica un espacio destacado a la presentaci\u00f3n del manifiesto sobre la Singularidad de los Bosques Ib\u00e9ricos y entrevista a representantes clave de las entidades organizadoras<\/h5><\/div><\/strong><\/span><\/p>\n<table style=\"border-collapse: collapse; width: 100%;\">\n<tbody>\n<tr>\n<td style=\"width: 45.6954%; border-style: hidden;\"><img loading=\"lazy\" decoding=\"async\" class=\"alignleft wp-image-4032\" src=\"https:\/\/www.fbycc.org\/wp-content\/uploads\/2024\/01\/Captura-de-pantalla-2024-01-09-180121.png\" alt=\"\" width=\"438\" height=\"486\" srcset=\"https:\/\/www.fbycc.org\/wp-content\/uploads\/2024\/01\/Captura-de-pantalla-2024-01-09-180121.png 578w, https:\/\/www.fbycc.org\/wp-content\/uploads\/2024\/01\/Captura-de-pantalla-2024-01-09-180121-270x300.png 270w\" sizes=\"auto, (max-width: 438px) 100vw, 438px\" \/><\/td>\n<td style=\"width: 54.3046%; border-style: hidden;\">\n<p style=\"text-align: justify;\"><span style=\"font-size: 15pt;\"><span style=\"font-size: 12pt;\">En su \u00faltimo n\u00famero la revista <strong>Foresta<\/strong> (<a href=\"https:\/\/x.com\/RevForesta\/status\/1743236294258385386?s=20\">@RevForesta<\/a>) ha dedicado un espacio destacado a la reciente presentaci\u00f3n del manifiesto sobre la <strong><span style=\"color: #8aaa62;\">\u00abSingularidad de los Bosques Ib\u00e9ricos y Otros Terrenos Forestales Mediterr\u00e1neos\u00bb<\/span>. <\/strong><\/span><\/span><\/p>\n<p style=\"text-align: justify;\">El manifiesto fue presentado el pasado octubre en un acto organizado por el Foro de Bosques y Cambio Clim\u00e1tico, Ecologistas en Acci\u00f3n, Greenpeace Espa\u00f1a y WWF Espa\u00f1a,\u00a0quienes firmaron una declaraci\u00f3n crucial para reconocer y destacar la singularidad de estos ecosistemas.<\/p>\n<p>Adem\u00e1s de presentar el manifiesto como una ventana de oportunidad para lograr acuerdos cruciales en defensa de nuestros bosques ib\u00e9ricos y resaltar los riesgos que enfrentan, <em>Foresta<\/em> nos brinda un resumen minucioso de las consideraciones esenciales sobre los ecosistemas forestales ib\u00e9ricos expuestas en dicho manifiesto.<\/td>\n<\/tr>\n<tr>\n<td style=\"width: 45.6954%; border-style: hidden; vertical-align: top;\"><span style=\"color: #8aaa62; font-size: 12pt;\"><strong>\u00a0 \u00a0&gt;&gt; <a style=\"color: #8aaa62;\" href=\"https:\/\/www.fbycc.org\/wp-content\/uploads\/2024\/01\/singularidad-bosques-ibericos.pdf\">Art\u00edculo FORESTA _ Singularidad de los bosques ib\u00e9ricos<\/a><\/strong><\/span><\/td>\n<td style=\"width: 54.3046%; text-align: right; border-style: hidden;\"><strong style=\"color: #043084; font-size: 17.3333px;\"><em>\u00abLas organizaciones firmantes reclaman la consideraci\u00f3n de una<br \/>\n\u201cexcepcionalidad forestal ib\u00e9rica\u201d como un elemento diferenciador<br \/>\nen las pol\u00edticas ambientales europeas que permitan a Espa\u00f1a<br \/>\ny Portugal incluir los condicionantes, necesidades y riesgos<br \/>\na la hora de ejecutar actuaciones destinadas al aumento<br \/>\nde la resiliencia de los montes ib\u00e9ricos.\u00bb\u00a0<\/em><\/strong><span style=\"color: #000000;\">&#8211; @RevForesta<\/span><\/td>\n<\/tr>\n<\/tbody>\n<\/table>\n<p style=\"text-align: justify;\"><div class=\"tx-spacer clearfix\" style=\"height: 30px\"><\/div>\n<p>Foresta tambi\u00e9n incluye una <strong>entrevista exclusiva con dos representantes clave de las entidades organizadoras<\/strong> del evento. <strong><span style=\"color: #8aaa62;\">Miguel \u00c1ngel Soto<\/span><\/strong>, responsable de las campa\u00f1as de Bosques, Empresas y Derechos Humanos de Greenpeace Espa\u00f1a, y <span style=\"color: #8aaa62;\"><strong>Germ\u00e1n Glar\u00eda Galcer\u00e1n<\/strong><\/span>, presidente del Foro de Bosques y Cambio Clim\u00e1tico, ofrecen sus perspectivas y reflexiones sobre la importancia de este manifiesto.<\/p>\n<p style=\"text-align: justify;\">En la entrevista, ambos destacan la necesidad de que la \u00abexcepcionalidad forestal ib\u00e9rica\u00bb sea reconocida en las pol\u00edticas ambientales europeas. Resaltan c\u00f3mo esta consideraci\u00f3n puede influir positivamente en la ejecuci\u00f3n de medidas que promuevan la resiliencia de los bosques ib\u00e9ricos.<\/p>\n<div class=\"tx-spacer clearfix\" style=\"height: 16px\"><\/div>\n<p><span style=\"color: #8aaa62; font-size: 12pt;\"><strong><a style=\"color: #8aaa62;\" href=\"https:\/\/www.fbycc.org\/wp-content\/uploads\/2024\/01\/entrevista-Soto-Glaria.pdf\">\u00a0 &gt;&gt; Art\u00edculo FORESTA _ Entrevista a Soto y Glar\u00eda<\/a><\/strong><\/span><\/p>\n<div class=\"tx-spacer clearfix\" style=\"height: 24px\"><\/div>\n<table style=\"border-collapse: collapse; width: 100%;\">\n<tbody>\n<tr>\n<td style=\"width: 35.5145%; border-style: hidden; vertical-align: top;\"><span style=\"color: #043084;\"><strong><em>\u00abPlantar parece siempre una buena iniciativa pero no es suficiente, es necesaria la gesti\u00f3n.\u00bb<\/em><\/strong><\/span><span style=\"font-size: 17.3333px; text-align: right;\"><br \/>\n<\/span><span style=\"font-size: 17.3333px; text-align: right; font-family: inherit;\">&#8211; Germ\u00e1n Glar\u00eda Galcer\u00e1n<\/span><\/td>\n<td style=\"width: 16.0515%; border-style: hidden;\"><\/td>\n<td style=\"width: 48.4339%; border-style: hidden; text-align: right; vertical-align: top;\"><span style=\"color: #043084;\"><strong><em>\u00abEs evidente que tenemos que hacer un cambio de chip, restaurar masas forestales implica m\u00e1s gesti\u00f3n y meter la motosierra. Se puede plantar mucho pero si luego no hay dinero para gestionar lo plantado tenemos un nuevo problema\u00bb<br \/>\n<\/em><\/strong><\/span><span style=\"font-size: 17.3333px; font-family: inherit;\">&#8211; Miguel \u00c1ngel Soto<\/span><\/td>\n<\/tr>\n<\/tbody>\n<\/table>\n","protected":false},"excerpt":{"rendered":"<p>En su \u00faltimo n\u00famero la revista Foresta (@RevForesta) ha dedicado un espacio destacado a la reciente presentaci\u00f3n del manifiesto sobre la \u00abSingularidad de los Bosques Ib\u00e9ricos y Otros Terrenos Forestales Mediterr\u00e1neos\u00bb. El<a class=\"moretag\" href=\"https:\/\/www.fbycc.org\/index.php\/2024\/01\/09\/la-revista-foresta-dedica-un-espacio-a-la-presentacion-del-manifiesto-sobre-la-singularidad-de-los-bosques-ibericos\/\">Leer m\u00e1s&#8230;<\/a><\/p>\n","protected":false},"author":5,"featured_media":0,"comment_status":"closed","ping_status":"open","sticky":false,"template":"","format":"standard","meta":{"_monsterinsights_skip_tracking":false,"_monsterinsights_sitenote_active":false,"_monsterinsights_sitenote_note":"","_monsterinsights_sitenote_category":0,"footnotes":""},"categories":[11],"tags":[194,87,60,16,220,221,17,108,109],"class_list":["post-4018","post","type-post","status-publish","format-standard","hentry","category-noticias","tag-acuerdos","tag-bioeconomia","tag-biomasa","tag-bosques","tag-bosques-ibericos","tag-bosques-mediterraneos","tag-cambio-climatico","tag-carbono","tag-gestion-forestal"],"_links":{"self":[{"href":"https:\/\/www.fbycc.org\/index.php\/wp-json\/wp\/v2\/posts\/4018","targetHints":{"allow":["GET"]}}],"collection":[{"href":"https:\/\/www.fbycc.org\/index.php\/wp-json\/wp\/v2\/posts"}],"about":[{"href":"https:\/\/www.fbycc.org\/index.php\/wp-json\/wp\/v2\/types\/post"}],"author":[{"embeddable":true,"href":"https:\/\/www.fbycc.org\/index.php\/wp-json\/wp\/v2\/users\/5"}],"replies":[{"embeddable":true,"href":"https:\/\/www.fbycc.org\/index.php\/wp-json\/wp\/v2\/comments?post=4018"}],"version-history":[{"count":61,"href":"https:\/\/www.fbycc.org\/index.php\/wp-json\/wp\/v2\/posts\/4018\/revisions"}],"predecessor-version":[{"id":4090,"href":"https:\/\/www.fbycc.org\/index.php\/wp-json\/wp\/v2\/posts\/4018\/revisions\/4090"}],"wp:attachment":[{"href":"https:\/\/www.fbycc.org\/index.php\/wp-json\/wp\/v2\/media?parent=4018"}],"wp:term":[{"taxonomy":"category","embeddable":true,"href":"https:\/\/www.fbycc.org\/index.php\/wp-json\/wp\/v2\/categories?post=4018"},{"taxonomy":"post_tag","embeddable":true,"href":"https:\/\/www.fbycc.org\/index.php\/wp-json\/wp\/v2\/tags?post=4018"}],"curies":[{"name":"wp","href":"https:\/\/api.w.org\/{rel}","templated":true}]}}