{"id":3940,"date":"2023-12-27T21:02:19","date_gmt":"2023-12-27T21:02:19","guid":{"rendered":"https:\/\/www.fbycc.org\/?p=3940"},"modified":"2023-12-31T14:25:54","modified_gmt":"2023-12-31T14:25:54","slug":"jornada-30-anos-plantando-vida","status":"publish","type":"post","link":"https:\/\/www.fbycc.org\/index.php\/2023\/12\/27\/jornada-30-anos-plantando-vida\/","title":{"rendered":"Participamos en la Jornada \u00ab30 A\u00f1os Plantando Vida\u00bb"},"content":{"rendered":"<div class=\"tx-spacer clearfix\" style=\"height: 5px\"><\/div>\n<p><img loading=\"lazy\" decoding=\"async\" class=\" wp-image-3941 alignleft\" src=\"https:\/\/www.fbycc.org\/wp-content\/uploads\/2023\/12\/1_1702373518.jpg\" alt=\"\" width=\"358\" height=\"148\" srcset=\"https:\/\/www.fbycc.org\/wp-content\/uploads\/2023\/12\/1_1702373518.jpg 862w, https:\/\/www.fbycc.org\/wp-content\/uploads\/2023\/12\/1_1702373518-300x125.jpg 300w, https:\/\/www.fbycc.org\/wp-content\/uploads\/2023\/12\/1_1702373518-768x319.jpg 768w\" sizes=\"auto, (max-width: 358px) 100vw, 358px\" \/><\/p>\n<p style=\"text-align: justify;\"><span style=\"font-size: 20pt;\"><strong>Castilla y Le\u00f3n celebra tres d\u00e9cadas de \u00e9xito en el Programa de Forestaci\u00f3n de Tierras Agrarias con m\u00e1s de 240.000 hect\u00e1reas repobladas<\/strong><\/span><\/p>\n<div class=\"tx-spacer clearfix\" style=\"height: 10px\"><\/div>\n<p style=\"text-align: justify;\">El pasado lunes 18 de diciembre, la Consejer\u00eda de Medio Ambiente, Vivienda y Ordenaci\u00f3n del Territorio de Castilla y Le\u00f3n celebr\u00f3 el trig\u00e9simo aniversario del Programa de Forestaci\u00f3n de Tierras Agrarias.\u00a0La jornada titulada <span style=\"color: #8aaa62;\"><strong>&#8217;30 A\u00f1os Plantando Vida&#8217;<\/strong><\/span> destac\u00f3 el papel clave del programa en la <strong>transformaci\u00f3n de m\u00e1s de 240.000 hect\u00e1reas y la plantaci\u00f3n de 780 millones de \u00e1rboles<\/strong>.<\/p>\n<p style=\"text-align: justify;\"><img loading=\"lazy\" decoding=\"async\" class=\"wp-image-3997 alignleft\" src=\"https:\/\/www.fbycc.org\/wp-content\/uploads\/2023\/12\/2023-12-18_Jornada_30AnosPlantandoVida-1.jpeg\" alt=\"\" width=\"437\" height=\"334\" srcset=\"https:\/\/www.fbycc.org\/wp-content\/uploads\/2023\/12\/2023-12-18_Jornada_30AnosPlantandoVida-1.jpeg 1614w, https:\/\/www.fbycc.org\/wp-content\/uploads\/2023\/12\/2023-12-18_Jornada_30AnosPlantandoVida-1-300x230.jpeg 300w, https:\/\/www.fbycc.org\/wp-content\/uploads\/2023\/12\/2023-12-18_Jornada_30AnosPlantandoVida-1-1024x784.jpeg 1024w, https:\/\/www.fbycc.org\/wp-content\/uploads\/2023\/12\/2023-12-18_Jornada_30AnosPlantandoVida-1-768x588.jpeg 768w, https:\/\/www.fbycc.org\/wp-content\/uploads\/2023\/12\/2023-12-18_Jornada_30AnosPlantandoVida-1-1536x1176.jpeg 1536w\" sizes=\"auto, (max-width: 437px) 100vw, 437px\" \/>El \u00e9xito del Programa de Forestaci\u00f3n de Tierras Agrarias de Castilla y Le\u00f3n se refleja no solo en los n\u00fameros impresionantes de \u00e1rboles plantados y hect\u00e1reas repobladas, sino tambi\u00e9n en la creaci\u00f3n de empleo, el impacto econ\u00f3mico positivo y el compromiso continuo con la sostenibilidad y la mitigaci\u00f3n del cambio clim\u00e1tico. Desde su inicio en 1993, el programa ha marcado hitos notables en la gesti\u00f3n forestal y la expansi\u00f3n de los bosques de la regi\u00f3n. Financiado de manera compartida entre fondos comunitarios, auton\u00f3micos y regionales, <strong>se han invertido m\u00e1s de 340 millones de euros<\/strong> en costos de forestaci\u00f3n, inversiones en primas de mantenimiento y pagos compensatorios, el programa ha generado un impacto econ\u00f3mico, social y ambiental significativo (<strong>m\u00e1s de un mill\u00f3n de jornales y ha absorbido m\u00e1s de 29 millones de toneladas de di\u00f3xido de carbono<\/strong>). Con un compromiso claro con los objetivos medioambientales, el programa se alinea con las metas europeas y globales de mitigaci\u00f3n del cambio clim\u00e1tico.<\/p>\n<p style=\"text-align: justify;\">Con una vasta riqueza forestal y experiencia acumulada, Castilla y Le\u00f3n se consolida como un referente en el sector, demostrando c\u00f3mo la gesti\u00f3n forestal sostenible puede ser un pilar fundamental para el desarrollo regional y la preservaci\u00f3n del medio ambiente. En el contexto actual, donde la restauraci\u00f3n de ecosistemas y la neutralidad clim\u00e1tica son objetivos clave, este programa demuestra ser un caso de \u00e9xito y un modelo a seguir.<\/p>\n<div class=\"tx-spacer clearfix\" style=\"height: 24px\"><\/div>\n<p><strong><div class=\"tx-heading\" style=\"margin-bottom:24px; text-align: left;\"><h3 class=\"tx-heading-tag\" style=\"font-size:24px;\">Desarrollo de la jornada<\/h3><\/div><\/strong><\/p>\n<div class=\"tx-spacer clearfix\" style=\"height: 16px\"><\/div>\n<p style=\"text-align: justify;\">La inauguraci\u00f3n de la jornada \u00ab30 A\u00f1os Plantando Vida\u00bb estuvo\u00a0 marcada por las reflexiones del consejero <em><span style=\"color: #000000;\">Juan Carlos Su\u00e1rez-Qui\u00f1ones Fern\u00e1ndez<\/span><\/em> <span style=\"font-size: 8pt; color: #00ccff;\">[\u25b6\ufe0f00:45]<\/span>, quien destac\u00f3 los hitos alcanzados durante las tres d\u00e9cadas del Programa de Forestaci\u00f3n \u00a0\u00a0de Tierras Agrarias en Castilla y Le\u00f3n.<\/p>\n<p style=\"text-align: justify;\">Su\u00e1rez-Qui\u00f1ones record\u00f3 que este programa surge hace 30 a\u00f1os a ra\u00edz del reglamento 2080\/92 de la Uni\u00f3n Europea para la forestaci\u00f3n de terrenos agr\u00edcolas, el cual desencaden\u00f3 una serie de ayudas para llevar a cabo estas forestaciones. En respuesta a esta iniciativa europea, Castilla y Le\u00f3n desarroll\u00f3 en 1993 un programa que estableci\u00f3 35 zonas de actuaci\u00f3n, metodolog\u00edas espec\u00edficas y las especies que deb\u00edan utilizarse en las forestaciones.<\/p>\n<p style=\"text-align: center;\"><img loading=\"lazy\" decoding=\"async\" class=\"\" src=\"https:\/\/www.ahoraleon.com\/wp-content\/uploads\/2023\/12\/juntajornadaPlantandoVida.jpg\" alt=\"Castilla y Le\u00f3n celebra '30 a\u00f1os plantando vida'\" width=\"564\" height=\"367\" \/><br \/>\n<span style=\"font-size: 8pt;\">Fuente: Ahora Le\u00f3n (https:\/\/www.ahoraleon.com\/castilla-leon-celebra-30-anos-plantando-vida\/)<\/span><\/p>\n<p style=\"text-align: justify;\">El programa se fundament\u00f3 en <strong>cuatro pilares<\/strong> esenciales: (1) la iniciativa para la forestaci\u00f3n deb\u00eda partir del propietario, (2) la administraci\u00f3n proporcionar\u00eda apoyo econ\u00f3mico y asesoramiento, (3) se fomentar\u00eda la agrupaci\u00f3n de propietarios para abordar el desaf\u00edo del minifundio, y (4) se ofrecer\u00eda apoyo t\u00e9cnico.<\/p>\n<p style=\"text-align: justify;\">El consejero subray\u00f3 el impacto positivo del programa en la regi\u00f3n, consolidando un sector forestal relevante con <strong>m\u00e1s de 10.000 empleos directos, 54.000 empleos indirectos, 1.300 empresas y una facturaci\u00f3n anual de 2.000 millones de euros<\/strong>. Castilla y Le\u00f3n se posiciona como la segunda comunidad en producci\u00f3n de madera despu\u00e9s de Galicia y l\u00edder en producciones no madereras como resinas y setas.<\/p>\n<div class=\"tx-spacer clearfix\" style=\"height: 20px\"><\/div>\n<table style=\"width: 100%; border-collapse: collapse; border-style: hidden;\">\n<tbody>\n<tr>\n<td style=\"width: 37.4172%; text-align: right;\"><\/td>\n<td style=\"width: 62.5828%; text-align: right;\"><em style=\"font-size: 16px; text-align: right;\"><span style=\"font-size: 14pt; color: #8aaa62;\"><strong><em>\u00abSomos la 2\u00ba comunidad en producci\u00f3n de madera, <\/em><\/strong><strong><em>despu\u00e9s de Galicia,\u00a0<\/em><em>pero somos l\u00edderes en otras <\/em><\/strong><strong><em>producciones no madereras, como la<br \/>\nproducci\u00f3n de resinas, o setas\u201d<\/em><\/strong><\/span><br style=\"font-style: normal;\" \/><\/em><span style=\"font-size: 10pt;\">&#8211; Juan Carlos Su\u00e1rez-Qui\u00f1ones Fern\u00e1ndez<\/span><\/td>\n<\/tr>\n<\/tbody>\n<\/table>\n<div class=\"tx-spacer clearfix\" style=\"height: 16px\"><\/div>\n<p style=\"text-align: justify;\">La jornada continu\u00f3 con la intervenci\u00f3n de <span style=\"color: #000000;\"><em>Miguel \u00c1ngel Duralde Rodr\u00edguez<\/em><\/span>, presidente de ASEMFO<span style=\"font-size: 8pt; color: #00ccff;\"> [\u25b6\ufe0f00:56]<\/span>, <em><span style=\"color: #000000;\">Jes\u00fas Pesta\u00f1a Fern\u00e1ndez de Araoz<\/span><\/em>, presidente de FAFCYLE<span style=\"font-size: 8pt; color: #00ccff;\"> [\u25b6\ufe0f01:08] <\/span>y la ponencia inaugural a cargo de <em><span style=\"color: #000000;\">Tamas Szedlak<\/span><\/em> <span style=\"font-size: 8pt; color: #00ccff;\">[\u25b6\ufe0f01:13]<\/span>, experto forestal de la Comisi\u00f3n Europea, quien abord\u00f3 la integraci\u00f3n de la forestaci\u00f3n en la Pol\u00edtica Agraria Com\u00fan de la UE. Se resalt\u00f3 que gracias al Reglamento 2080\/92, se reforestaron 1 mill\u00f3n de hect\u00e1reas entre 1994 y 1999, generando 150.000 empleos.<\/p>\n<p style=\"text-align: justify;\">Posteriormente, <em><span style=\"color: #000000;\">Guillermo Fern\u00e1ndez Centeno<\/span><\/em> <span style=\"font-size: 8pt; color: #00ccff;\">[\u25b6\ufe0f01:28]<\/span> del MITECO realiz\u00f3 una evaluaci\u00f3n del programa durante estos 30 a\u00f1os. Por otro lado, <em><span style=\"color: #000000;\">David Villada Rojo<\/span><\/em> <span style=\"font-size: 8pt; color: #00ccff;\">[\u25b6\ufe0f01:48]<\/span> y <em><span style=\"color: #000000;\">Luis Carlos Jovellar Lacambra<\/span><\/em> <span style=\"font-size: 8pt; color: #00ccff;\">[\u25b6\ufe0f02:05]<\/span>, ambos de la Junta de Castilla y Le\u00f3n, repasaron la historia, el dise\u00f1o y los logros del programa, y proporcionaron datos sobre la cantidad de hect\u00e1reas forestadas y su seguimiento a lo largo de los a\u00f1os.<\/p>\n<p style=\"text-align: justify;\">Antes de realizar un descanso, se proyect\u00f3 un <strong>v\u00eddeo resumen de los 30 a\u00f1os del programa<\/strong> de forestaci\u00f3n <span style=\"font-size: 8pt; color: #00ccff;\">[\u25b6\ufe0f02:36]<\/span>.<\/p>\n<p style=\"text-align: justify;\">Tras el descanso, la jornada continu\u00f3 con una <strong>mesa redonda sobre la Comunicaci\u00f3n Forestal<\/strong> <span style=\"font-size: 8pt; color: #00ccff;\">[\u25b6\ufe0f03:36]<\/span>, con la participaci\u00f3n de <em>Ismael Mu\u00f1oz Linares<\/em> (OSBO Digital), <em>Patricia Velasco Moro<\/em> (Grupo Promecal), <em>M\u00aa Jes\u00fas Mu\u00f1iz Prieto<\/em> (Diario de Le\u00f3n) y <em>Celso J. Coco Meg\u00eda<\/em> (Copernicus Academy) ,donde se discutieron claves para comunicar de manera m\u00e1s eficiente la gesti\u00f3n y labor forestal.<\/p>\n<p style=\"text-align: justify;\"><img loading=\"lazy\" decoding=\"async\" class=\"wp-image-3992 alignleft\" src=\"https:\/\/www.fbycc.org\/wp-content\/uploads\/2023\/12\/WhatsApp-Image-2023-12-18-at-14.42.46.jpeg\" alt=\"\" width=\"489\" height=\"367\" srcset=\"https:\/\/www.fbycc.org\/wp-content\/uploads\/2023\/12\/WhatsApp-Image-2023-12-18-at-14.42.46.jpeg 2016w, https:\/\/www.fbycc.org\/wp-content\/uploads\/2023\/12\/WhatsApp-Image-2023-12-18-at-14.42.46-300x225.jpeg 300w, https:\/\/www.fbycc.org\/wp-content\/uploads\/2023\/12\/WhatsApp-Image-2023-12-18-at-14.42.46-1024x768.jpeg 1024w, https:\/\/www.fbycc.org\/wp-content\/uploads\/2023\/12\/WhatsApp-Image-2023-12-18-at-14.42.46-768x576.jpeg 768w, https:\/\/www.fbycc.org\/wp-content\/uploads\/2023\/12\/WhatsApp-Image-2023-12-18-at-14.42.46-800x600.jpeg 800w, https:\/\/www.fbycc.org\/wp-content\/uploads\/2023\/12\/WhatsApp-Image-2023-12-18-at-14.42.46-1536x1152.jpeg 1536w\" sizes=\"auto, (max-width: 489px) 100vw, 489px\" \/>A continuaci\u00f3n, el <em>Dr. Rafael Calama<\/em> <em>Sainz<\/em> del INIA <span style=\"font-size: 8pt; color: #00ccff;\">[\u25b6\ufe0f04:16]<\/span>, comparti\u00f3 con el p\u00fablico informaci\u00f3n sobre las herramientas que han desarrollado para cuantificar la capacidad de fijaci\u00f3n de carbono por las repoblaciones forestales.<\/p>\n<p style=\"text-align: justify;\">El Foro de Bosques y Cambio Clim\u00e1tico tambi\u00e9n tuvo su representaci\u00f3n en la jornada, gracias a nuestro director t\u00e9cnico, <em>Sergio de la Cruz Mateos<\/em> <span style=\"font-size: 8pt; color: #00ccff;\">[\u25b6\ufe0f04:35]<\/span>, que imparti\u00f3 la \u00faltima ponencia de la jornada centrada en los mercados de carbono. Adem\u00e1s de explicar el funcionamiento y generaci\u00f3n de los cr\u00e9ditos de carbono, durante su ponencia destac\u00f3 que desde 2014, el n\u00famero de proyectos registrados ha aumentado de 2 a 233 en 2023, con una superficie repoblada de aproximadamente 12.200 hect\u00e1reas en los \u00faltimos tres a\u00f1os. Y subray\u00f3 que actualmente existen 25 sistemas de comercio que abarcan el 17% de las emisiones globales, y se estima que entre 2008 y 2021 se recaudaron 161.000 millones de d\u00f3lares.<\/p>\n<div class=\"tx-spacer clearfix\" style=\"height: 20px\"><\/div>\n<table style=\"width: 100%; border-collapse: collapse; border-style: hidden;\">\n<tbody>\n<tr>\n<td style=\"width: 55.1324%; text-align: left;\"><em style=\"font-size: 16px; text-align: right;\"><strong><span style=\"font-size: 14pt; color: #8aaa62;\">\u201cDebemos crear entre todos un marco robusto que de garant\u00edas a las partes, que genere cr\u00e9ditos de calidad y de confianza a las empresas que quieran adquirir esos cr\u00e9ditos de carbono\u201d<\/span><\/strong><\/em><br style=\"font-size: 16px; text-align: right;\" \/><span style=\"font-size: 10pt; text-align: right;\">&#8211; Sergio de la Cruz Mateos<\/span><\/td>\n<td style=\"width: 44.8676%; text-align: right;\"><\/td>\n<\/tr>\n<\/tbody>\n<\/table>\n<div class=\"tx-spacer clearfix\" style=\"height: 16px\"><\/div>\n<p style=\"text-align: justify;\">La jornada concluy\u00f3 con una <strong>mesa redonda sobre los retos de las repoblaciones y el camino a seguir <span style=\"font-size: 8pt; color: #00ccff;\">[\u25b6\ufe0f04:51]<\/span><\/strong>. Participaron <em>Olga Gonz\u00e1lez Raposo<\/em> (FAFCYLE), <em>Ignacio Macicior Tellechea<\/em> (ASEMFO), <em>Jose \u00c1ngel Arranz Sanz<\/em> (Junta de Castilla y Le\u00f3n), <em>Mar\u00eda Melero de Blas<\/em> (WWF Espa\u00f1a) y <em>Juan A\u00f1ibarro Rivero<\/em> (Viveros Fuenteamarga). En ella, se abordaron cuestiones cruciales como la necesidad de repoblar, gestionar los bosques, promover la naturalizaci\u00f3n y crear biodiversidad.<\/p>\n<p><img loading=\"lazy\" decoding=\"async\" class=\" wp-image-3989 aligncenter\" src=\"https:\/\/www.fbycc.org\/wp-content\/uploads\/2023\/12\/2023-12-18_Jornada_30AnosPlantandoVida-2.jpeg\" alt=\"\" width=\"649\" height=\"487\" srcset=\"https:\/\/www.fbycc.org\/wp-content\/uploads\/2023\/12\/2023-12-18_Jornada_30AnosPlantandoVida-2.jpeg 1024w, https:\/\/www.fbycc.org\/wp-content\/uploads\/2023\/12\/2023-12-18_Jornada_30AnosPlantandoVida-2-300x225.jpeg 300w, https:\/\/www.fbycc.org\/wp-content\/uploads\/2023\/12\/2023-12-18_Jornada_30AnosPlantandoVida-2-768x576.jpeg 768w, https:\/\/www.fbycc.org\/wp-content\/uploads\/2023\/12\/2023-12-18_Jornada_30AnosPlantandoVida-2-800x600.jpeg 800w\" sizes=\"auto, (max-width: 649px) 100vw, 649px\" \/><\/p>\n<div class=\"tx-spacer clearfix\" style=\"height: 20px\"><\/div>\n<p style=\"text-align: center;\"><span style=\"color: #8aaa62;\"><em><strong><span style=\"font-size: 14pt;\">\u201cHay que repoblar, hay que gestionar los bosques, hay que naturalizar los bosques y hay que crear biodiversidad\u2026<br \/>\nel reto para los que vienen es la bioeconom\u00eda, la biodiversidad y los sumideros de carbono.\u201d<\/span><\/strong><\/em><\/span><br style=\"font-size: 16px;\" \/><span style=\"font-size: 10pt;\">&#8211; Ignacio Macicior Tellechea<\/span><\/p>\n<div class=\"tx-spacer clearfix\" style=\"height: 16px\"><\/div>\n<p>&nbsp;<\/p>\n<div class=\"tx-youtube-outerwarp\" style=\"width: 100%\"><div class=\"tx-youtube-warp\" style=\"\"><iframe src=\"https:\/\/www.youtube.com\/embed\/3mvVY5kRWQk?controls=1&amp;showinfo=0&amp;rel=0&amp;autoplay=0\" frameborder=\"0\" allow=\"autoplay\" allowfullscreen><\/iframe><\/div><\/div>\n<p>&nbsp;<\/p>\n","protected":false},"excerpt":{"rendered":"<p>Castilla y Le\u00f3n celebra tres d\u00e9cadas de \u00e9xito en el Programa de Forestaci\u00f3n de Tierras Agrarias con m\u00e1s de 240.000 hect\u00e1reas repobladas El pasado lunes 18 de diciembre, la Consejer\u00eda de Medio<a class=\"moretag\" href=\"https:\/\/www.fbycc.org\/index.php\/2023\/12\/27\/jornada-30-anos-plantando-vida\/\">Leer m\u00e1s&#8230;<\/a><\/p>\n","protected":false},"author":5,"featured_media":0,"comment_status":"closed","ping_status":"open","sticky":false,"template":"","format":"standard","meta":{"_monsterinsights_skip_tracking":false,"_monsterinsights_sitenote_active":false,"_monsterinsights_sitenote_note":"","_monsterinsights_sitenote_category":0,"footnotes":""},"categories":[11],"tags":[17,217,31,109,218,27,132,29,206,219],"class_list":["post-3940","post","type-post","status-publish","format-standard","hentry","category-noticias","tag-cambio-climatico","tag-castilla-y-leon","tag-forestacion","tag-gestion-forestal","tag-jornadas","tag-lulucf","tag-mitigacion","tag-reduccion-de-emisiones","tag-secuestro-de-carbono","tag-tierras-agrarias"],"_links":{"self":[{"href":"https:\/\/www.fbycc.org\/index.php\/wp-json\/wp\/v2\/posts\/3940","targetHints":{"allow":["GET"]}}],"collection":[{"href":"https:\/\/www.fbycc.org\/index.php\/wp-json\/wp\/v2\/posts"}],"about":[{"href":"https:\/\/www.fbycc.org\/index.php\/wp-json\/wp\/v2\/types\/post"}],"author":[{"embeddable":true,"href":"https:\/\/www.fbycc.org\/index.php\/wp-json\/wp\/v2\/users\/5"}],"replies":[{"embeddable":true,"href":"https:\/\/www.fbycc.org\/index.php\/wp-json\/wp\/v2\/comments?post=3940"}],"version-history":[{"count":70,"href":"https:\/\/www.fbycc.org\/index.php\/wp-json\/wp\/v2\/posts\/3940\/revisions"}],"predecessor-version":[{"id":4017,"href":"https:\/\/www.fbycc.org\/index.php\/wp-json\/wp\/v2\/posts\/3940\/revisions\/4017"}],"wp:attachment":[{"href":"https:\/\/www.fbycc.org\/index.php\/wp-json\/wp\/v2\/media?parent=3940"}],"wp:term":[{"taxonomy":"category","embeddable":true,"href":"https:\/\/www.fbycc.org\/index.php\/wp-json\/wp\/v2\/categories?post=3940"},{"taxonomy":"post_tag","embeddable":true,"href":"https:\/\/www.fbycc.org\/index.php\/wp-json\/wp\/v2\/tags?post=3940"}],"curies":[{"name":"wp","href":"https:\/\/api.w.org\/{rel}","templated":true}]}}