{"id":3897,"date":"2023-12-22T19:01:08","date_gmt":"2023-12-22T19:01:08","guid":{"rendered":"https:\/\/www.fbycc.org\/?p=3897"},"modified":"2023-12-22T19:01:08","modified_gmt":"2023-12-22T19:01:08","slug":"conclusiones-de-la-cop28","status":"publish","type":"post","link":"https:\/\/www.fbycc.org\/index.php\/2023\/12\/22\/conclusiones-de-la-cop28\/","title":{"rendered":"Conclusiones de la COP28"},"content":{"rendered":"<p><img loading=\"lazy\" decoding=\"async\" class=\"wp-image-3935 alignleft\" src=\"https:\/\/www.fbycc.org\/wp-content\/uploads\/2023\/12\/cop28.png\" alt=\"\" width=\"352\" height=\"232\" srcset=\"https:\/\/www.fbycc.org\/wp-content\/uploads\/2023\/12\/cop28.png 501w, https:\/\/www.fbycc.org\/wp-content\/uploads\/2023\/12\/cop28-300x198.png 300w\" sizes=\"auto, (max-width: 352px) 100vw, 352px\" \/><\/p>\n<p>Entre el 30 de noviembre y el 12 de diciembre, Dubai fue testigo de la <strong>28\u00aa Conferencia de las Partes (COP28) de la Convenci\u00f3n Marco de las Naciones Unidas sobre el Cambio Clim\u00e1tico (CMNUCC)<\/strong>, donde 70.000 delegados de casi 200 pa\u00edses se reunieron bajo el lema \u00abUnir. Actuar. Cumplir\u00bb.<\/p>\n<p>La COP28 ha marcado un hito al llevar a cabo el primer <span style=\"color: #89b851;\">\u00ab<strong>Balance Global<\/strong>\u00ab<\/span>, una evaluaci\u00f3n sin precedentes de los esfuerzos destinados a limitar el calentamiento global.<\/p>\n<div class=\"tx-spacer clearfix\" style=\"height: 24px\"><\/div>\n<p><strong><div class=\"tx-heading\" style=\"margin-bottom:24px; text-align: left;\"><h3 class=\"tx-heading-tag\" style=\"font-size:24px;\">\u00bfQu\u00e9 es el Balance Global?<\/h3><\/div><\/strong><\/p>\n<p style=\"text-align: justify;\">Tras la adopci\u00f3n del Acuerdo de Par\u00eds en 2015, los gobiernos se comprometieron a<span style=\"color: #000000;\"> realizar un seguimiento de sus avances y presentar informes peri\u00f3dicos sobre su \u00abBalance Global\u00bb.<\/span> Este proceso, concebido como una oportunidad para evaluar el progreso y medir el camino por recorrer, ha sido puesto en pr\u00e1ctica por primera vez en la COP28. <strong>El \u00abBalance Global\u00bb act\u00faa como un punto de referencia crucial para evaluar los esfuerzos a nivel nacional y mundial destinados a limitar el calentamiento global<\/strong> por debajo de los 2 \u00baC, preferiblemente a 1.5 \u00baC en comparaci\u00f3n con los niveles preindustriales. Este an\u00e1lisis proporciona una visi\u00f3n clara de la brecha entre las declaraciones gubernamentales y las acciones concretas, ofreciendo una evaluaci\u00f3n transparente de los compromisos clim\u00e1ticos.<\/p>\n<div class=\"tx-spacer clearfix\" style=\"height: 24px\"><\/div>\n<p style=\"text-align: justify;\"><strong><div class=\"tx-heading\" style=\"margin-bottom:24px; text-align: left;\"><h3 class=\"tx-heading-tag\" style=\"font-size:24px;\">Objetivos principales de la COP28<\/h3><\/div><\/strong><\/p>\n<p style=\"text-align: justify;\">La COP28 se propuso alcanzar acuerdos entorno a varios objetivos clave:<\/p>\n<ol style=\"text-align: justify;\">\n<li><strong>Acelerar la Transici\u00f3n Energ\u00e9tica:<\/strong> Persiguiendo la meta de triplicar la capacidad de energ\u00edas renovables y reducir significativamente las emisiones para el a\u00f1o 2030.<\/li>\n<li><strong>Financiar la Acci\u00f3n Clim\u00e1tica:<\/strong> Reconociendo la importancia de respaldar financieramente las iniciativas clim\u00e1ticas, se buscaba garantizar fondos adecuados para la transici\u00f3n hacia pr\u00e1cticas m\u00e1s sostenibles y la adaptaci\u00f3n al cambio clim\u00e1tico.<\/li>\n<li><strong>Promover la Inclusividad:<\/strong> Con el objetivo de hacer que la COP28 fuera la \u00abm\u00e1s inclusiva\u00bb de la historia, se trabaj\u00f3 para asegurar la participaci\u00f3n de una amplia gama de actores, facilitando un di\u00e1logo global que refleje diversas perspectivas y necesidades.<\/li>\n<li><strong>Enfocar la Acci\u00f3n Clim\u00e1tica en la Naturaleza y las Personas:<\/strong> Destacando el compromiso de situar en el centro de la acci\u00f3n clim\u00e1tica a la naturaleza, las personas, sus vidas y medios de vida. Este enfoque se respalda con iniciativas como el Fondo para P\u00e9rdidas y Da\u00f1os, aprobado en 2022, que busca abordar directamente las consecuencias del cambio clim\u00e1tico en comunidades vulnerables.<\/li>\n<\/ol>\n<p style=\"text-align: justify;\"><div class=\"tx-spacer clearfix\" style=\"height: 24px\"><\/div>\n<p style=\"text-align: justify;\"><span style=\"color: #000000;\"><strong><div class=\"tx-heading\" style=\"margin-bottom:24px; text-align: left;\"><h3 class=\"tx-heading-tag\" style=\"font-size:24px;\">Hitos\/Acuerdos alcanzados en la COP28<\/h3><\/div><\/strong><\/span><\/p>\n<div class=\"tx-spacer clearfix\" style=\"height: 5px\"><\/div>\n<ul style=\"list-style-type: disc;\">\n<li style=\"text-align: justify;\"><strong>Compromiso Hist\u00f3rico: Transici\u00f3n desde los Combustibles F\u00f3siles<\/strong><\/li>\n<\/ul>\n<p style=\"text-align: justify;\">El mi\u00e9rcoles 13 de diciembre, la COP28 logr\u00f3 un consenso sin precedentes: la transici\u00f3n hacia cero emisiones netas en 2050, marcando el fin de la era de los combustibles f\u00f3siles. Aunque el texto final habla de \u00abtransici\u00f3n lejos de los combustibles f\u00f3siles\u00bb (<em>transitioning away,<\/em> en ingl\u00e9s) en lugar de la formulaci\u00f3n inicial que hablaba de la \u00abeliminaci\u00f3n completa\u00bb (<em>phase-out fossil fuels,<\/em> en ingl\u00e9s), representa un <span style=\"color: #89b851;\">compromiso global para cambiar los sistemas energ\u00e9ticos de manera justa y ordenada, lejos de los combustibles f\u00f3siles<\/span>. Adem\u00e1s, se acord\u00f3 eliminar gradualmente las subvenciones a los combustibles f\u00f3siles y se inst\u00f3 a los pa\u00edses a alcanzar el pico de producci\u00f3n de carbono para 2025.<\/p>\n<p>Este acuerdo, aunque esperado, se considera un hito crucial; por primera vez en la historia, el documento final hace referencia expl\u00edcita a la imperativa necesidad de abandonar por completo el uso de combustibles f\u00f3siles. Sin embargo, ha surgido cierta decepci\u00f3n entre la poblaci\u00f3n y los grupos activistas que anticipaba un acuerdo para la eliminaci\u00f3n total.<\/p>\n<div class=\"tx-spacer clearfix\" style=\"height: 15px\"><\/div>\n<ul style=\"list-style-type: disc;\">\n<li style=\"text-align: justify;\"><strong>Objetivos Ambiciosos para Energ\u00edas Renovables y Eficiencia Energ\u00e9tica<\/strong><\/li>\n<\/ul>\n<p style=\"text-align: justify;\">La COP28 estableci\u00f3 metas audaces para 2030, con el compromiso de <span style=\"color: #89b851;\">triplicar la capacidad de energ\u00edas renovables y duplicar la tasa anual promedio de mejora en eficiencia energ\u00e9tica<\/span>. Estos acuerdos posicionan a las energ\u00edas renovables y la eficiencia energ\u00e9tica como motores principales de la transici\u00f3n energ\u00e9tica global. Se subraya la necesidad de que estas \u00e1reas ocupen un lugar prioritario en los planes energ\u00e9ticos y clim\u00e1ticos, con \u00e9nfasis en la electrificaci\u00f3n y la eficiencia energ\u00e9tica, respaldadas por factores cruciales como la biomasa sostenible, las energ\u00edas renovables y el hidr\u00f3geno verde.<\/p>\n<div class=\"tx-spacer clearfix\" style=\"height: 15px\"><\/div>\n<ul style=\"list-style-type: disc;\">\n<li><strong>Financiaci\u00f3n Clim\u00e1tica: Compromisos Importantes y Desaf\u00edos Pendientes<\/strong><\/li>\n<\/ul>\n<p style=\"text-align: justify;\"><img loading=\"lazy\" decoding=\"async\" class=\"wp-image-3898 alignright\" src=\"https:\/\/www.fbycc.org\/wp-content\/uploads\/2023\/12\/Fondo-de-perdidas-y-danos.png\" alt=\"\" width=\"393\" height=\"393\" srcset=\"https:\/\/www.fbycc.org\/wp-content\/uploads\/2023\/12\/Fondo-de-perdidas-y-danos.png 1080w, https:\/\/www.fbycc.org\/wp-content\/uploads\/2023\/12\/Fondo-de-perdidas-y-danos-300x300.png 300w, https:\/\/www.fbycc.org\/wp-content\/uploads\/2023\/12\/Fondo-de-perdidas-y-danos-1024x1024.png 1024w, https:\/\/www.fbycc.org\/wp-content\/uploads\/2023\/12\/Fondo-de-perdidas-y-danos-150x150.png 150w, https:\/\/www.fbycc.org\/wp-content\/uploads\/2023\/12\/Fondo-de-perdidas-y-danos-768x768.png 768w, https:\/\/www.fbycc.org\/wp-content\/uploads\/2023\/12\/Fondo-de-perdidas-y-danos-50x50.png 50w, https:\/\/www.fbycc.org\/wp-content\/uploads\/2023\/12\/Fondo-de-perdidas-y-danos-250x250.png 250w, https:\/\/www.fbycc.org\/wp-content\/uploads\/2023\/12\/Fondo-de-perdidas-y-danos-500x500.png 500w\" sizes=\"auto, (max-width: 393px) 100vw, 393px\" \/>La necesidad de financiamiento adecuado para la acci\u00f3n clim\u00e1tica fue objeto de debate. Durante los primeros d\u00edas de la COP28, <span style=\"color: #89b851;\">se acord\u00f3 fortalecer el <strong>Fondo de P\u00e9rdidas y Da\u00f1os<\/strong><\/span>, creado para ayudar a los pa\u00edses m\u00e1s vulnerables a enfrentar los efectos del cambio clim\u00e1tico. Los compromisos financieros fueron notables, con contribuciones significativas de pa\u00edses como Emiratos \u00c1rabes Unidos, Reino Unido, Estados Unidos, Jap\u00f3n y la Uni\u00f3n Europea.<\/p>\n<p style=\"text-align: justify;\">Por otra parte, se abord\u00f3 la \u00abfinanciaci\u00f3n de la adaptaci\u00f3n\u00bb, que implica la responsabilidad de los pa\u00edses desarrollados de proporcionar financiamiento a las naciones en desarrollo para llevar a cabo las transiciones y adaptaciones necesarias frente al cambio clim\u00e1tico. La COP28 ha destacado con claridad el mensaje de que <span style=\"color: #89b851;\">se requiere de manera urgente un apoyo internacional continuo y fortalecido para los pa\u00edses en desarrollo<\/span>. En el marco de esta conferencia, el <span style=\"color: #89b851;\"><strong>Fondo para la Adaptaci\u00f3n<\/strong><\/span> ha aprobado la movilizaci\u00f3n de 300 millones de d\u00f3lares en el a\u00f1o 2023 y ha establecido un plan para el per\u00edodo 2023-2027 que priorizar\u00e1 proyectos liderados a nivel local.<\/p>\n<div class=\"tx-spacer clearfix\" style=\"height: 15px\"><\/div>\n<ul style=\"list-style-type: disc;\">\n<li style=\"text-align: justify;\"><strong>Desaf\u00edos y Compromisos para el Futuro<\/strong><\/li>\n<\/ul>\n<p style=\"text-align: justify;\">A pesar de la celebraci\u00f3n por los avances, <span style=\"color: #89b851;\">la verdadera medida del \u00e9xito ser\u00e1 la traducci\u00f3n de estos acuerdos en acciones tangibles<\/span>. Los observadores destacan la importancia de actuar con prontitud para cambiar la trayectoria actual y abordar la principal causa de la crisis clim\u00e1tica.<\/p>\n<div class=\"flex-1 overflow-hidden\">\n<div class=\"react-scroll-to-bottom--css-ttlls-79elbk h-full\">\n<div class=\"react-scroll-to-bottom--css-ttlls-1n7m0yu\">\n<div class=\"flex flex-col pb-9 text-sm\">\n<div class=\"w-full text-token-text-primary\" data-testid=\"conversation-turn-683\">\n<div class=\"px-4 py-2 justify-center text-base md:gap-6 m-auto\">\n<div class=\"flex flex-1 text-base mx-auto gap-3 md:px-5 lg:px-1 xl:px-5 md:max-w-3xl lg:max-w-[40rem] xl:max-w-[48rem] group final-completion\">\n<div class=\"relative flex w-full flex-col lg:w-[calc(100%-115px)] agent-turn\">\n<div class=\"flex-col gap-1 md:gap-3\">\n<div class=\"flex flex-grow flex-col max-w-full\">\n<div class=\"min-h-[20px] text-message flex flex-col items-start gap-3 whitespace-pre-wrap break-words [.text-message+&amp;]:mt-5 overflow-x-auto\" data-message-author-role=\"assistant\" data-message-id=\"da0ad7b2-e637-4727-8f41-c421b1ef262b\">\n<div class=\"markdown prose w-full break-words dark:prose-invert light\">\n<p style=\"text-align: justify;\">La Conferencia de Dub\u00e1i ha evidenciado que los esfuerzos actuales no han sido adecuados para extender la meta de limitar el calentamiento global a 1,5 \u00baC. Se requieren inversiones significativas para transformar los sistemas energ\u00e9ticos, junto con medidas exhaustivas de mitigaci\u00f3n y adaptaci\u00f3n al cambio clim\u00e1tico. El Balance Global, basado en las directrices del \u00faltimo informe del IPCC, establece <span style=\"color: #89b851;\">metas cruciales<\/span>, incluida la <span style=\"color: #89b851;\">reducci\u00f3n de emisiones en un 43% para 2030, un 60% para 2035 y la consecuci\u00f3n de cero emisiones para alrededor de 2050<\/span>. Adem\u00e1s, destaca la urgencia de acelerar la disminuci\u00f3n de emisiones del transporte por carretera y la reducci\u00f3n del metano, con un llamado al pico de emisiones antes de 2025.<\/p>\n<\/div>\n<\/div>\n<\/div>\n<\/div>\n<\/div>\n<\/div>\n<\/div>\n<\/div>\n<\/div>\n<\/div>\n<\/div>\n<\/div>\n<p>&nbsp;<\/p>\n<p style=\"text-align: right;\"><span style=\"font-size: 14pt;\"><strong><em>\u201cEl acuerdo es tan bueno como lo sea su aplicaci\u00f3n.<br \/>\n<\/em><\/strong><\/span><em><span style=\"font-size: 14pt;\"><strong>Somos lo que hacemos, no lo que decimos. Debemos <\/strong><\/span><br \/>\n<span style=\"font-size: 14pt;\"><strong>dar los pasos necesarios para convertir este <\/strong><\/span><br \/>\n<span style=\"font-size: 14pt;\"><strong>acuerdo en acciones tangibles.\u201d<\/strong>\u00a0<\/span><br \/>\n<\/em><em><br \/>\n&#8211;<\/em> <em>Sult\u00e1n Ahmed Al Yaber<br \/>\n(presidente de la COP28)<\/em><\/p>\n<p>&nbsp;<\/p>\n<div class=\"tx-youtube-outerwarp\" style=\"width: 100%\"><div class=\"tx-youtube-warp\" style=\"\"><iframe src=\"https:\/\/www.youtube.com\/embed\/dlHmdRE9nHo?controls=1&amp;showinfo=0&amp;rel=0&amp;autoplay=0\" frameborder=\"0\" allow=\"autoplay\" allowfullscreen><\/iframe><\/div><\/div>\n<p>&nbsp;<\/p>\n<p>&nbsp;<\/p>\n","protected":false},"excerpt":{"rendered":"<p>Entre el 30 de noviembre y el 12 de diciembre, Dubai fue testigo de la 28\u00aa Conferencia de las Partes (COP28) de la Convenci\u00f3n Marco de las Naciones Unidas sobre el Cambio<a class=\"moretag\" href=\"https:\/\/www.fbycc.org\/index.php\/2023\/12\/22\/conclusiones-de-la-cop28\/\">Leer m\u00e1s&#8230;<\/a><\/p>\n","protected":false},"author":5,"featured_media":0,"comment_status":"closed","ping_status":"open","sticky":false,"template":"","format":"standard","meta":{"_monsterinsights_skip_tracking":false,"_monsterinsights_sitenote_active":false,"_monsterinsights_sitenote_note":"","_monsterinsights_sitenote_category":0,"footnotes":""},"categories":[11],"tags":[],"class_list":["post-3897","post","type-post","status-publish","format-standard","hentry","category-noticias"],"_links":{"self":[{"href":"https:\/\/www.fbycc.org\/index.php\/wp-json\/wp\/v2\/posts\/3897","targetHints":{"allow":["GET"]}}],"collection":[{"href":"https:\/\/www.fbycc.org\/index.php\/wp-json\/wp\/v2\/posts"}],"about":[{"href":"https:\/\/www.fbycc.org\/index.php\/wp-json\/wp\/v2\/types\/post"}],"author":[{"embeddable":true,"href":"https:\/\/www.fbycc.org\/index.php\/wp-json\/wp\/v2\/users\/5"}],"replies":[{"embeddable":true,"href":"https:\/\/www.fbycc.org\/index.php\/wp-json\/wp\/v2\/comments?post=3897"}],"version-history":[{"count":40,"href":"https:\/\/www.fbycc.org\/index.php\/wp-json\/wp\/v2\/posts\/3897\/revisions"}],"predecessor-version":[{"id":3939,"href":"https:\/\/www.fbycc.org\/index.php\/wp-json\/wp\/v2\/posts\/3897\/revisions\/3939"}],"wp:attachment":[{"href":"https:\/\/www.fbycc.org\/index.php\/wp-json\/wp\/v2\/media?parent=3897"}],"wp:term":[{"taxonomy":"category","embeddable":true,"href":"https:\/\/www.fbycc.org\/index.php\/wp-json\/wp\/v2\/categories?post=3897"},{"taxonomy":"post_tag","embeddable":true,"href":"https:\/\/www.fbycc.org\/index.php\/wp-json\/wp\/v2\/tags?post=3897"}],"curies":[{"name":"wp","href":"https:\/\/api.w.org\/{rel}","templated":true}]}}